{"id":12478,"date":"2021-05-22T16:53:14","date_gmt":"2021-05-22T13:53:14","guid":{"rendered":"http:\/\/akdenizolaygazetesi.com\/?p=12478"},"modified":"2021-05-22T16:53:19","modified_gmt":"2021-05-22T13:53:19","slug":"toroslar-belediyesinin-yamac-parasutu-hedef-yarismasi-turkiye-genelinden-yogun-ilgi-gordu","status":"publish","type":"post","link":"https:\/\/akdenizolaygazetesi.com\/?p=12478","title":{"rendered":"&#8220;Toroslar Belediyesi&#8217;nin Yama\u00e7 Para\u015f\u00fct\u00fc Hedef Yar\u0131\u015fmas\u0131, T\u00fcrkiye Genelinden Yo\u011fun \u0130lgi G\u00f6rd\u00fc&#8221;"},"content":{"rendered":"<p>Mersin&#8217;in Toroslar il\u00e7esi, pandemi s\u00fcrecinde yama\u00e7 para\u015f\u00fct\u00fc tutkunlar\u0131n\u0131n ilgi oda\u011f\u0131 oldu. Sporcular, 1453 rak\u0131ml\u0131 Arslank\u00f6y Yaylas\u0131n\u0131n Yaylac\u0131k mevkiinden, Ni\u011fde ve Kayseri&#8217;ye kadar u\u00e7u\u015f yapabiliyor.<\/p>\n<p>T\u00fcrkiye genelinden 50 sporcu, Toroslar Belediyesi&#8217;nin d\u00fczenledi\u011fi &#8220;19 May\u0131s Gen\u00e7lik Kupas\u0131 Yama\u00e7 Para\u015f\u00fct\u00fc Hedef Yar\u0131\u015fmas\u0131&#8217;nda&#8221; bir araya geldi, do\u011fa ve r\u00fczgar\u0131n tad\u0131n\u0131 \u00e7\u0131kard\u0131.<\/p>\n<p>Toroslar Belediye Ba\u015fkan\u0131 Ats\u0131z Af\u015f\u0131n Y\u0131lmaz, 19 May\u0131s Atat\u00fcrk&#8217;\u00fc Anma, Gen\u00e7lik ve Spor Bayram\u0131 Kutlamalar\u0131 kapsam\u0131nda &#8220;19 May\u0131s Gen\u00e7lik Kupas\u0131 Yama\u00e7 Para\u015f\u00fct\u00fc Hedef Yar\u0131\u015fmas\u0131&#8221; d\u00fczenledi.<\/p>\n<p>&#8220;Toroslar&#8217;\u0131, do\u011fa ve spor turizminin merkezi yapaca\u011f\u0131z&#8221; diyen Ba\u015fkan Y\u0131lmaz, T\u00fcrkiye genelinden 5&#8217;i kad\u0131n olmak \u00fczere 50 yama\u00e7 para\u015f\u00fct\u00fc sporcusunu il\u00e7ede a\u011f\u0131rlad\u0131.<\/p>\n<p>Mersin Gen\u00e7lik ve Spor \u0130l M\u00fcd\u00fcrl\u00fc\u011f\u00fc i\u015fbirli\u011finde yap\u0131lan yar\u0131\u015fmaya kat\u0131lan sporcular, Arslank\u00f6y&#8217;\u00fcn Yaylac\u0131k mevkiinde yama\u00e7 para\u015f\u00fct\u00fcyle hem b\u00f6lgenin do\u011fal g\u00fczelli\u011fini ke\u015ffetti hem de 15-20 dakika havada kalarak rakipleriyle yar\u0131\u015ft\u0131.<\/p>\n<p>Genel, kad\u0131nlar ve kul\u00fcpler klasmanlar\u0131nda yar\u0131\u015fan sporcular, u\u00e7u\u015fun ard\u0131ndan Toroslar Kar Festivali alan\u0131na ini\u015f yapt\u0131.<\/p>\n<p>Hava Sporlar\u0131 \u0130l Temsilcisi Ayd\u0131n: &#8220;Arslank\u00f6y, Yama\u00e7 Para\u015f\u00fct\u00fc U\u00e7u\u015funda T\u00fcrkiye&#8217;nin En \u00d6nemli B\u00f6lgelerinden&#8221;<\/p>\n<p>Hava Sporlar\u0131 Federasyonu Mersin \u0130l Temsilcisi Tecelli Ayd\u0131n,  Toroslar \u0130l\u00e7esi Arslank\u00f6y Yaylas\u0131&#8217;n\u0131n y\u0131l\u0131n her mevsiminde u\u00e7u\u015f yapmaya elveri\u015fli bir b\u00f6lge oldu\u011funa dikkat \u00e7ekerek, yama\u00e7 para\u015f\u00fct\u00fc sporuna sundu\u011fu desteklerinden dolay\u0131 Toroslar Belediye Ba\u015fkan\u0131 Ats\u0131z Af\u015f\u0131n Y\u0131lmaz&#8217;a te\u015fekk\u00fcr etti.<\/p>\n<p>Ayd\u0131n, \u00fclkenin bir\u00e7ok ilinden sporcunun Toroslar&#8217;da u\u00e7u\u015f yapmak i\u00e7in Mersin&#8217;e geldi\u011fini belirterek; &#8220;Arslank\u00f6y, mesafe ve hedef yar\u0131\u015fmalar\u0131 i\u00e7in uygun bir b\u00f6lge. Yar\u0131\u015fmac\u0131lar, hedef ini\u015fi ger\u00e7ekle\u015ftirdikleri i\u00e7in 15-20 dakika havada kal\u0131yorlar. Mesafe dedi\u011fimiz u\u00e7u\u015flar i\u00e7in de 2-3 saatlik u\u00e7u\u015flar yapabiliyorlar. Arslank\u00f6y Yaylac\u0131k Tepesinden kalk\u0131\u015f yap\u0131larak Ni\u011fde ve Kayseri taraf\u0131na kadar da ku\u015f u\u00e7u\u015fu 5-6 saat u\u00e7abiliyorlar. B\u00f6lge, yama\u00e7 para\u015f\u00fct\u00fc yap\u0131lmas\u0131 i\u00e7in \u00e7ok uygun ve elveri\u015fli bir yer. Ba\u015fkan\u0131m\u0131z Ats\u0131z Af\u015f\u0131n Y\u0131lmaz&#8217;a bize bu b\u00f6lgeyi kazand\u0131rd\u0131\u011f\u0131 i\u00e7in \u00e7ok te\u015fekk\u00fcr ediyoruz&#8221; \u015feklinde konu\u015ftu.<\/p>\n<p>Arslank\u00f6y Mahalle Muhtar\u0131 Erdal Cengiz de bu t\u00fcr faaliyetlerin b\u00f6lgenin kalk\u0131nmas\u0131 i\u00e7in \u00e7ok \u00f6nemli oldu\u011funu dile getirerek, Toroslar Belediye Ba\u015fkan\u0131 Ats\u0131z Af\u015f\u0131n Y\u0131lmaz&#8217;a te\u015fekk\u00fcr etti.<\/p>\n<p>Daha sonra yar\u0131\u015fmada dereceye girenlere kupa ve madalyalar\u0131 d\u00fczenlenen bir t\u00f6renle verildi. Yar\u0131\u015fmaya kat\u0131lan t\u00fcm sporculara da madalya takdim edildi.<\/p>\n<p>Ba\u015fkan Y\u0131lmaz; &#8220;Toroslar\u0131m\u0131z, Do\u011fal G\u00fczellikleriyle Adeta Bir Cennet&#8221;<\/p>\n<p>T\u00fcrkiye genelinden yama\u00e7 para\u015f\u00fct\u00fc tutkunlar\u0131n\u0131 Toroslar&#8217;da a\u011f\u0131rlamaktan b\u00fcy\u00fck mutluluk duyduklar\u0131n\u0131 kaydeden Toroslar Belediye Ba\u015fkan\u0131 Ats\u0131z Af\u015f\u0131n Y\u0131lmaz ise yama\u00e7 para\u015f\u00fct\u00fc i\u00e7in Toroslar&#8217;\u0131n tercih edilmesinin do\u011fa sporlar\u0131n\u0131n geli\u015fmesi i\u00e7in de \u00f6nemli oldu\u011funu s\u00f6yledi.<\/p>\n<p>\u0130l\u00e7ede yama\u00e7 para\u015f\u00fct\u00fcn\u00fcn daha fazla ilgi g\u00f6rmesi i\u00e7in \u00e7al\u0131\u015fmalar yapt\u0131klar\u0131n\u0131 belirten Ba\u015fkan Y\u0131lmaz; &#8220;Toroslar\u0131m\u0131z, tarihiyle, k\u00fclt\u00fcr\u00fcyle ve do\u011fal g\u00fczellikleriyle adeta bir cennet. \u0130l\u00e7emizin sahip oldu\u011fu bu g\u00fczellikleri turizme kazand\u0131rmak amac\u0131yla her alanda projeler \u00fcretiyor ve do\u011fa sporlar\u0131n\u0131n yayg\u0131nla\u015ft\u0131r\u0131lmas\u0131 i\u00e7in \u00e7aba g\u00f6steriyoruz. 19 May\u0131s Atat\u00fcrk&#8217;\u00fc Anma, Gen\u00e7lik ve Spor Bayram\u0131 Kutlamalar\u0131 kapsam\u0131nda d\u00fczenledi\u011fimiz yar\u0131\u015fmaya kat\u0131lan t\u00fcm sporculara te\u015fekk\u00fcr ediyor,  dereceye girenleri tebrik ediyorum&#8221; dedi.<\/p>\n","protected":false},"excerpt":{"rendered":"<p>Mersin&#8217;in Toroslar il\u00e7esi, pandemi s\u00fcrecinde yama\u00e7 para\u015f\u00fct\u00fc tutkunlar\u0131n\u0131n ilgi oda\u011f\u0131 oldu. Sporcular, 1453 rak\u0131ml\u0131 Arslank\u00f6y Yaylas\u0131n\u0131n Yaylac\u0131k mevkiinden, Ni\u011fde ve Kayseri&#8217;ye kadar u\u00e7u\u015f yapabiliyor. T\u00fcrkiye genelinden 50 sporcu, Toroslar Belediyesi&#8217;nin &hellip; <a href=\"https:\/\/akdenizolaygazetesi.com\/?p=12478\" class=\"more-link\">Devam\u0131n\u0131 Oku&#8230;<\/a><\/p>\n","protected":false},"author":2,"featured_media":12479,"comment_status":"open","ping_status":"open","sticky":false,"template":"","format":"standard","meta":[],"categories":[1,3,5,10],"tags":[],"_links":{"self":[{"href":"https:\/\/akdenizolaygazetesi.com\/index.php?rest_route=\/wp\/v2\/posts\/12478"}],"collection":[{"href":"https:\/\/akdenizolaygazetesi.com\/index.php?rest_route=\/wp\/v2\/posts"}],"about":[{"href":"https:\/\/akdenizolaygazetesi.com\/index.php?rest_route=\/wp\/v2\/types\/post"}],"author":[{"embeddable":true,"href":"https:\/\/akdenizolaygazetesi.com\/index.php?rest_route=\/wp\/v2\/users\/2"}],"replies":[{"embeddable":true,"href":"https:\/\/akdenizolaygazetesi.com\/index.php?rest_route=%2Fwp%2Fv2%2Fcomments&post=12478"}],"version-history":[{"count":2,"href":"https:\/\/akdenizolaygazetesi.com\/index.php?rest_route=\/wp\/v2\/posts\/12478\/revisions"}],"predecessor-version":[{"id":12481,"href":"https:\/\/akdenizolaygazetesi.com\/index.php?rest_route=\/wp\/v2\/posts\/12478\/revisions\/12481"}],"wp:featuredmedia":[{"embeddable":true,"href":"https:\/\/akdenizolaygazetesi.com\/index.php?rest_route=\/wp\/v2\/media\/12479"}],"wp:attachment":[{"href":"https:\/\/akdenizolaygazetesi.com\/index.php?rest_route=%2Fwp%2Fv2%2Fmedia&parent=12478"}],"wp:term":[{"taxonomy":"category","embeddable":true,"href":"https:\/\/akdenizolaygazetesi.com\/index.php?rest_route=%2Fwp%2Fv2%2Fcategories&post=12478"},{"taxonomy":"post_tag","embeddable":true,"href":"https:\/\/akdenizolaygazetesi.com\/index.php?rest_route=%2Fwp%2Fv2%2Ftags&post=12478"}],"curies":[{"name":"wp","href":"https:\/\/api.w.org\/{rel}","templated":true}]}}