{"id":1248,"date":"2020-11-04T18:21:50","date_gmt":"2020-11-04T15:21:50","guid":{"rendered":"http:\/\/mersinekonomipolitikagazetesi.com\/?p=1248"},"modified":"2020-11-04T18:21:50","modified_gmt":"2020-11-04T15:21:50","slug":"mersindeki-cerkesler-surgunu-andi","status":"publish","type":"post","link":"https:\/\/akdenizolaygazetesi.com\/?p=1248","title":{"rendered":"Mersin&#8217;deki \u00c7erkesler s\u00fcrg\u00fcn\u00fc and\u0131"},"content":{"rendered":"<p>Mersin Kafkas K\u00fclt\u00fcr ve Yard\u0131mla\u015fma Derne\u011fi, 21 May\u0131s 1864 tarihinde ger\u00e7ekle\u015fen b\u00fcy\u00fck \u00c7erkes s\u00fcrg\u00fcn\u00fc ve soyk\u0131r\u0131m\u0131n\u0131n 153. y\u0131l\u0131 nedeniyle anma etkinli\u011fi d\u00fczenledi.<\/p>\n<p><span style=\"color: rgb(0, 0, 0); font-family: Tahoma, Arial, 'Times New Roman TUR', Verdana; font-size: 15px; line-height: normal;\">Dernek y\u00f6netim kurulu \u00fcyelerinin yan\u0131s\u0131ra kent genelinde ya\u015fayan \u00c7erkes k\u00f6kenli ailelerin de kat\u0131ld\u0131\u011f\u0131 programda, y\u0131llar \u00f6nce \u00c7erkes s\u00fcrg\u00fcn\u00fcnde yitirilenler sayg\u0131yla an\u0131l\u0131rken, s\u00fcrg\u00fcn\u00fcn tarihsel ge\u00e7mi\u015fi konusunda da de\u011ferlendirmeler yap\u0131ld\u0131.<\/span><br style=\"color: rgb(0, 0, 0); font-family: Tahoma, Arial, 'Times New Roman TUR', Verdana; font-size: 15px; line-height: normal;\" \/><br \/>\n<span style=\"color: rgb(0, 0, 0); font-family: Tahoma, Arial, 'Times New Roman TUR', Verdana; font-size: 15px; line-height: normal;\">Sayg\u0131 duru\u015fu ve Kuran\u0131 Kerim tilaveti ile ba\u015flayan etkinlikte konu\u015fan Mersin Kafkas K\u00fclt\u00fcr ve Yard\u0131mla\u015fma Derne\u011fi Ba\u015fkan\u0131 \u015eevket \u015eamil Ko\u00e7, \u00c7erkes s\u00fcrg\u00fcn\u00fcne gelinceye kadarki s\u00fcre\u00e7 konusunda tarihsel bilgiler verdi. D\u00f6nemin \u00c7arl\u0131k Rusya\u2019s\u0131n\u0131n Kafkasyal\u0131 \u00c7erkesler ile girdi\u011fi yakla\u015f\u0131k 100 y\u0131ll\u0131k sava\u015f\u0131 kazanmas\u0131n\u0131n ard\u0131ndan \u00c7erkeslerin Kafkasya&#8217;daki varl\u0131\u011f\u0131n\u0131 tehlikeli g\u00f6rmesinden dolay\u0131 s\u00fcrg\u00fcn gibi insanl\u0131k d\u0131\u015f\u0131 bir uygulamay\u0131 hayata ge\u00e7irmeye karar verdi\u011finin anlatan Ko\u00e7, Kafkasyal\u0131 \u00c7erkes halklar\u0131n\u0131n tarihin g\u00f6rd\u00fc\u011f\u00fc en k\u00f6t\u00fc soyk\u0131r\u0131m ile kar\u015f\u0131 kar\u015f\u0131ya kald\u0131\u011f\u0131n\u0131 ifade etti.<\/span><br style=\"color: rgb(0, 0, 0); font-family: Tahoma, Arial, 'Times New Roman TUR', Verdana; font-size: 15px; line-height: normal;\" \/><br \/>\n<span style=\"color: rgb(0, 0, 0); font-family: Tahoma, Arial, 'Times New Roman TUR', Verdana; font-size: 15px; line-height: normal;\">\u00c7arl\u0131k y\u00f6netiminin \u00c7erkesleri Kafkasya&#8217;dan atmak i\u00e7in her t\u00fcrl\u00fc giri\u015fimde bulundu\u011funu aktaran Ko\u00e7, \u00c7erkeslerin d\u00f6nemin Osmanl\u0131 topraklar\u0131na s\u00fcr\u00fclmesi ile olduk\u00e7a ac\u0131l\u0131 ge\u00e7ecek olan bir yolculu\u011funun ba\u015flad\u0131\u011f\u0131n\u0131 kaydetti. Anavatanlar\u0131ndan s\u00fcr\u00fclen milyonlarca \u00c7erkesin yar\u0131s\u0131ndan fazlas\u0131n\u0131n s\u00fcrg\u00fcn s\u0131ras\u0131nda yitirildi\u011fini belirten Ko\u00e7, ya\u015fananlar\u0131n \u00fczerinde \u00e7ok uzun y\u0131llar ge\u00e7mesine ra\u011fmen unutmayacaklar\u0131n\u0131 ve gelecek nesillere de unutturmayacaklar\u0131n\u0131 belirterek, &#8220;\u00c7erkesleri anavatanlar\u0131ndan \u00e7\u0131karabilirsiniz ancak ana vatanlar\u0131n\u0131 kalplerinden \u00e7\u0131karamazs\u0131n\u0131z\u201d dedi.<\/span><br style=\"color: rgb(0, 0, 0); font-family: Tahoma, Arial, 'Times New Roman TUR', Verdana; font-size: 15px; line-height: normal;\" \/><br \/>\n<span style=\"color: rgb(0, 0, 0); font-family: Tahoma, Arial, 'Times New Roman TUR', Verdana; font-size: 15px; line-height: normal;\">\u00c7erkes s\u00fcrg\u00fcn\u00fcn\u00fc anlatan tan\u0131t\u0131m filminin de izlendi\u011fi gecede, s\u00fcrg\u00fcn a\u011f\u0131tlar\u0131n\u0131n \u00e7al\u0131nd\u0131\u011f\u0131 s\u0131rada baz\u0131 kat\u0131l\u0131mc\u0131lar g\u00f6zya\u015flar\u0131na hakim olamazken \u015fiirlerin de yer ald\u0131\u011f\u0131 gece, hep bir a\u011f\u0131zdan s\u00fcrg\u00fcn and\u0131n\u0131n okunmas\u0131 ile son buldu.<\/span><\/p>\n","protected":false},"excerpt":{"rendered":"<p>Mersin Kafkas K\u00fclt\u00fcr ve Yard\u0131mla\u015fma Derne\u011fi, 21 May\u0131s 1864 tarihinde ger\u00e7ekle\u015fen b\u00fcy\u00fck \u00c7erkes s\u00fcrg\u00fcn\u00fc ve soyk\u0131r\u0131m\u0131n\u0131n 153. y\u0131l\u0131 nedeniyle anma etkinli\u011fi d\u00fczenledi. Dernek y\u00f6netim kurulu \u00fcyelerinin yan\u0131s\u0131ra kent genelinde ya\u015fayan &hellip; <a href=\"https:\/\/akdenizolaygazetesi.com\/?p=1248\" class=\"more-link\">Devam\u0131n\u0131 Oku&#8230;<\/a><\/p>\n","protected":false},"author":1,"featured_media":0,"comment_status":"open","ping_status":"open","sticky":false,"template":"","format":"standard","meta":[],"categories":[],"tags":[],"_links":{"self":[{"href":"https:\/\/akdenizolaygazetesi.com\/index.php?rest_route=\/wp\/v2\/posts\/1248"}],"collection":[{"href":"https:\/\/akdenizolaygazetesi.com\/index.php?rest_route=\/wp\/v2\/posts"}],"about":[{"href":"https:\/\/akdenizolaygazetesi.com\/index.php?rest_route=\/wp\/v2\/types\/post"}],"author":[{"embeddable":true,"href":"https:\/\/akdenizolaygazetesi.com\/index.php?rest_route=\/wp\/v2\/users\/1"}],"replies":[{"embeddable":true,"href":"https:\/\/akdenizolaygazetesi.com\/index.php?rest_route=%2Fwp%2Fv2%2Fcomments&post=1248"}],"version-history":[{"count":0,"href":"https:\/\/akdenizolaygazetesi.com\/index.php?rest_route=\/wp\/v2\/posts\/1248\/revisions"}],"wp:attachment":[{"href":"https:\/\/akdenizolaygazetesi.com\/index.php?rest_route=%2Fwp%2Fv2%2Fmedia&parent=1248"}],"wp:term":[{"taxonomy":"category","embeddable":true,"href":"https:\/\/akdenizolaygazetesi.com\/index.php?rest_route=%2Fwp%2Fv2%2Fcategories&post=1248"},{"taxonomy":"post_tag","embeddable":true,"href":"https:\/\/akdenizolaygazetesi.com\/index.php?rest_route=%2Fwp%2Fv2%2Ftags&post=1248"}],"curies":[{"name":"wp","href":"https:\/\/api.w.org\/{rel}","templated":true}]}}