{"id":12485,"date":"2021-05-22T16:56:22","date_gmt":"2021-05-22T13:56:22","guid":{"rendered":"http:\/\/akdenizolaygazetesi.com\/?p=12485"},"modified":"2021-05-22T16:57:11","modified_gmt":"2021-05-22T13:57:11","slug":"baskan-secer-buyuksehirin-ureticilere-kazandirdigi-bal-evini-ziyaret-etti","status":"publish","type":"post","link":"https:\/\/akdenizolaygazetesi.com\/?p=12485","title":{"rendered":"BA\u015eKAN SE\u00c7ER, B\u00dcY\u00dcK\u015eEH\u0130R\u2019\u0130N \u00dcRET\u0130C\u0130LERE KAZANDIRDI\u011eI BAL EV\u0130\u2019N\u0130 Z\u0130YARET ETT\u0130"},"content":{"rendered":"<p>Mersin B\u00fcy\u00fck\u015fehir Belediyesi, ar\u0131 \u00fcr\u00fcnlerini \u00fcreticiden t\u00fcketiciye do\u011fal ve daha az maliyetle ula\u015ft\u0131rmak amac\u0131yla hayata ge\u00e7irdi\u011fi \u201cBal Evi\u201dnin ilk sat\u0131\u015f noktas\u0131n\u0131 Yeni\u015fehir\u2019e yerle\u015ftirdi. B\u00fcy\u00fck\u015fehir Belediye Ba\u015fkan\u0131 Vahap Se\u00e7er, GMK Bulvar\u0131 \u00fczerinde bulunan Bal Evi\u2019ni ziyaret etti. Bal Evi\u2019nde Ba\u015fkan Se\u00e7er\u2019i, \u00fczerinde \u201cAr\u0131lar\u0131 Koruyal\u0131m\u201d yaz\u0131l\u0131 ti\u015f\u00f6rtleri olan minikler ellerinde \u201cAr\u0131 yoksa ya\u015fam da yok\u201d ve \u201c20 May\u0131s D\u00fcnya Ar\u0131 G\u00fcn\u00fc Kutlu Olsun\u201d  d\u00f6vizleri ile kar\u015f\u0131lad\u0131.<\/p>\n<p>\u00dcreticilerin hayali B\u00fcy\u00fck\u015fehir\u2019le ger\u00e7ek oldu<\/p>\n<p>Mersin B\u00fcy\u00fck\u015fehir Belediyesi Tar\u0131msal ve Veteriner Hizmetleri Dairesi taraf\u0131ndan hayata ge\u00e7irilen proje ile bal ve ar\u0131 \u00fcr\u00fcnleri \u00fcreticilerinin hayali ger\u00e7ek oldu. Mersin \u0130li Ar\u0131 Yeti\u015ftiricileri Birli\u011fi ortakl\u0131\u011f\u0131nda ve birlik \u00fcyelerinden gelen taleple hayata ge\u00e7irilen \u201cBal Evi\u201d, ar\u0131 \u00fcr\u00fcnlerini \u00fcreticiden t\u00fcketiciye do\u011fal ve daha az maliyetle ula\u015ft\u0131racak. Birli\u011fe kay\u0131tl\u0131 4 bine yak\u0131n yeti\u015ftiricinin \u00fcretti\u011fi bal, propolis, ar\u0131 s\u00fct\u00fc, polen gibi ar\u0131 \u00fcr\u00fcnleri Bal Evi sat\u0131\u015f noktalar\u0131 arac\u0131l\u0131\u011f\u0131yla do\u011frudan vatanda\u015flara sat\u0131lacak. \u0130lki Yeni\u015fehir il\u00e7esinde yerle\u015ftirilen Bal Evi, GMK Bulvar\u0131\u2019nda Dumlupunar Anadolu Lisesi yan\u0131nda bulunuyor.<\/p>\n<p>\u201cHem birinci elden hem fiyat olarak ekonomik hem sa\u011fl\u0131kl\u0131 hem g\u00fcvenilir\u201d<\/p>\n<p>Ba\u015fkan Vahap Se\u00e7er, Bal Evi\u2019nin vatanda\u015flar\u0131n rahat\u00e7a ula\u015fabilece\u011fi bir konumda oldu\u011funu belirterek, \u201cYeni\u015fehir il\u00e7emizin GMK \u00fczerinde, merkezde Forum Al\u0131\u015fveri\u015f Merkezi\u2019ne yak\u0131n bir b\u00f6lge. Vatanda\u015flar\u0131m\u0131z\u0131n son derece rahat ula\u015fabilece\u011fi bir b\u00f6lge \u00fczerindeyiz. Dumlup\u0131nar Lisesi\u2019nin hemen k\u00f6\u015fesi.  Al\u0131\u015fveri\u015f etmek isteyen vatanda\u015flar\u0131m\u0131za da adresi vermi\u015f olal\u0131m. Burada; b\u00f6lgemizde, Toroslar\u2019\u0131n eteklerinde, Mersin\u2019in ovalar\u0131nda, narenciye bah\u00e7elerinde, katran ormanlar\u0131na kadar b\u00f6lgedeki bitkilerden, onlar\u0131n \u00e7i\u00e7eklerinden ar\u0131lar\u0131n elde ettikleri \u00fcr\u00fcnlerin tamam\u0131 sat\u0131l\u0131yor. Hem birinci elden hem fiyat olarak ekonomik hem sa\u011fl\u0131kl\u0131 hem g\u00fcvenilir\u201d dedi.<\/p>\n<p>\u201cBirli\u011fimizin kontrol\u00fcnde, onlar\u0131n fiyat belirlemesiyle bu \u00fcr\u00fcnler pazarlan\u0131yor\u201d<\/p>\n<p>Vatanda\u015flar\u0131n do\u011fal ar\u0131 \u00fcr\u00fcnlerine ula\u015fma konusunda s\u0131k\u0131nt\u0131 ya\u015fad\u0131\u011f\u0131n\u0131 ifade eden Ba\u015fkan Se\u00e7er, yap\u0131lan Bal Evi sayesinde Mersinli vatanda\u015flar\u0131n do\u011fal ve katk\u0131s\u0131z ar\u0131 \u00fcr\u00fcnlerine ula\u015fabileceklerini s\u00f6yledi. Se\u00e7er, \u201cBiliyorsunuz ar\u0131c\u0131l\u0131k sekt\u00f6r\u00fcnde \u00fcr\u00fcnler konusunda baz\u0131 problemler ya\u015fanabiliyor. Bal diye sat\u0131l\u0131yor ama asl\u0131nda i\u00e7inde \u00e7ok farkl\u0131 \u00fcr\u00fcnler olabiliyor. Yani yan\u0131lt\u0131c\u0131, t\u00fcketiciyi kand\u0131ran, aldatan baz\u0131 \u00fcr\u00fcnler olabiliyor ama burada % 100 g\u00fcvenilir. \u00c7\u00fcnk\u00fc bizim birli\u011fimizin denetiminde, onlar\u0131n kontrol\u00fcnde, onlar\u0131n fiyat belirlemesiyle burada bu \u00fcr\u00fcnler pazarlan\u0131yor diye konu\u015ftu.<\/p>\n<p>\u201cMersin B\u00fcy\u00fck\u015fehir Belediyesi olarak ar\u0131 \u00fcreticimizin yan\u0131nday\u0131z\u201d<\/p>\n<p>Ba\u015fkan Se\u00e7er, T\u00fcrkiye ve Mersin\u2019in ar\u0131c\u0131l\u0131k sekt\u00f6r\u00fcnde iyi konumda oldu\u011funu ifade ederken, ar\u0131 \u00fcr\u00fcnlerinin \u00fcretim tekniklerinin geli\u015ftirilmesi gerekti\u011fini kaydetti. Bu konuda verilecek desteklerle verim ve kalitenin artaca\u011f\u0131n\u0131 ifade eden Se\u00e7er, \u201cB\u00f6lgemiz ar\u0131c\u0131l\u0131k y\u00f6n\u00fcnden zengin bir b\u00f6lge ve bu b\u00f6lgede \u00e7ok \u00e7e\u015fitli endemik bitkiler var. T\u00fcrkiye asl\u0131nda bu a\u00e7\u0131dan da zengin. Kovan say\u0131s\u0131 bak\u0131m\u0131ndan Mersin, T\u00fcrkiye i\u00e7erisinde fena bir durumda de\u011fil rakamsal olarak ama kovan ba\u015f\u0131 verim s\u0131k\u0131nt\u0131l\u0131. Bunun anlam\u0131 \u015fudur; \u00fcretimi daha teknik yapmak gerekiyor. Bu konuda da bilimsel y\u00f6ntemlerle \u00e7al\u0131\u015fmak gerekiyor. Tabii ki birli\u011fimizin, bizlerin, baz\u0131 \u00fcniversitelerdeki ziraat fak\u00fcltelerindeki bu \u00fcretime ait b\u00f6l\u00fcmlerin destekleriyle de ar\u0131c\u0131l\u0131k sekt\u00f6r\u00fc \u00fcretim, kalite bak\u0131m\u0131ndan, verimlilik bak\u0131m\u0131ndan geli\u015fecektir. Biz de Mersin B\u00fcy\u00fck\u015fehir Belediyesi olarak her zaman \u00fcreticimizin yan\u0131nday\u0131z. Ar\u0131 \u00fcreticimizin de yan\u0131nday\u0131z. Bir m\u00fcddet \u00f6nce ar\u0131 \u00fcreticilerimize ekipman deste\u011fi yapt\u0131k. Bu g\u00f6rd\u00fc\u011f\u00fcn\u00fcz evleri de bizlerin katk\u0131s\u0131yla buraya kurdu arkada\u015flar\u0131m\u0131z\u201d dedi.<\/p>\n<p>\u201cB\u00f6lgemizde ihtiya\u00e7 duyulan her alanda bu noktalar\u0131 olu\u015fturaca\u011f\u0131z\u201d<\/p>\n<p>Ba\u015fkan Se\u00e7er, Bal Evi\u2019nin Mezitli ve Tarsus\u2019ta da kurulaca\u011f\u0131n\u0131 s\u00f6zlerine ekleyerek, \u201cYine Mezitli il\u00e7emizde kurulacak. Tarsus il\u00e7emizde bir tane kurulacak. B\u00f6lgemizde ihtiya\u00e7 duyulan her alanda ar\u0131 \u00fcretiminden elde edilen \u00fcr\u00fcnlerin pazarlanmas\u0131 i\u00e7in bu noktalar\u0131 olu\u015fturaca\u011f\u0131z\u201d diye konu\u015ftu.<\/p>\n<p>Mersin\u2019li do\u011fal ve katk\u0131s\u0131z bal \u00fcr\u00fcnlerine Bal Evi\u2019nden ula\u015facak<\/p>\n<p>Bir k\u0131sm\u0131 geri d\u00f6n\u00fc\u015f\u00fcm malzemelerinden en az maliyetle yap\u0131lan ve B\u00fcy\u00fck\u015fehir Belediyesi\u2019nin ustalar\u0131n\u0131n ellerinde \u015fekillenen \u201cBal Evi\u201d tanzim sat\u0131\u015f noktas\u0131 niteli\u011finde hizmet veriyor. Bal Evi sayesinde t\u00fcketici tamamen do\u011fal ve katk\u0131s\u0131z ar\u0131 \u00fcr\u00fcnlerine ula\u015f\u0131rken, \u00fcretici de \u00fcrettikleri \u00fcr\u00fcnlerini do\u011frudan piyasa de\u011ferinde satabilecek.<\/p>\n<p>T\u00fcrkiye genelinde toplam 8 milyon 128 bin 360 adet kovan say\u0131s\u0131 ile \u00fcretim yap\u0131l\u0131yor. Mersin 282 bin 141 adet ile 4. s\u0131rada yer al\u0131yor. T\u00fcrkiye\u2019de toplam bal \u00fcretimi 109 bin 330 ton d\u00fczeyinde bulunuyor. Mersin ise 2 bin 352 ton \u00fcretimle T\u00fcrkiye\u2019de 8. s\u0131rada yer al\u0131yor.  Mersin\u2019de en fazla \u00fcretim Tarsus\u2019ta yap\u0131l\u0131yor, 2. s\u0131ray\u0131 ise Erdemli al\u0131yor.<\/p>\n","protected":false},"excerpt":{"rendered":"<p>Mersin B\u00fcy\u00fck\u015fehir Belediyesi, ar\u0131 \u00fcr\u00fcnlerini \u00fcreticiden t\u00fcketiciye do\u011fal ve daha az maliyetle ula\u015ft\u0131rmak amac\u0131yla hayata ge\u00e7irdi\u011fi \u201cBal Evi\u201dnin ilk sat\u0131\u015f noktas\u0131n\u0131 Yeni\u015fehir\u2019e yerle\u015ftirdi. B\u00fcy\u00fck\u015fehir Belediye Ba\u015fkan\u0131 Vahap Se\u00e7er, GMK Bulvar\u0131 &hellip; <a href=\"https:\/\/akdenizolaygazetesi.com\/?p=12485\" class=\"more-link\">Devam\u0131n\u0131 Oku&#8230;<\/a><\/p>\n","protected":false},"author":2,"featured_media":12487,"comment_status":"open","ping_status":"open","sticky":false,"template":"","format":"standard","meta":[],"categories":[8,3,5,6],"tags":[],"_links":{"self":[{"href":"https:\/\/akdenizolaygazetesi.com\/index.php?rest_route=\/wp\/v2\/posts\/12485"}],"collection":[{"href":"https:\/\/akdenizolaygazetesi.com\/index.php?rest_route=\/wp\/v2\/posts"}],"about":[{"href":"https:\/\/akdenizolaygazetesi.com\/index.php?rest_route=\/wp\/v2\/types\/post"}],"author":[{"embeddable":true,"href":"https:\/\/akdenizolaygazetesi.com\/index.php?rest_route=\/wp\/v2\/users\/2"}],"replies":[{"embeddable":true,"href":"https:\/\/akdenizolaygazetesi.com\/index.php?rest_route=%2Fwp%2Fv2%2Fcomments&post=12485"}],"version-history":[{"count":2,"href":"https:\/\/akdenizolaygazetesi.com\/index.php?rest_route=\/wp\/v2\/posts\/12485\/revisions"}],"predecessor-version":[{"id":12488,"href":"https:\/\/akdenizolaygazetesi.com\/index.php?rest_route=\/wp\/v2\/posts\/12485\/revisions\/12488"}],"wp:featuredmedia":[{"embeddable":true,"href":"https:\/\/akdenizolaygazetesi.com\/index.php?rest_route=\/wp\/v2\/media\/12487"}],"wp:attachment":[{"href":"https:\/\/akdenizolaygazetesi.com\/index.php?rest_route=%2Fwp%2Fv2%2Fmedia&parent=12485"}],"wp:term":[{"taxonomy":"category","embeddable":true,"href":"https:\/\/akdenizolaygazetesi.com\/index.php?rest_route=%2Fwp%2Fv2%2Fcategories&post=12485"},{"taxonomy":"post_tag","embeddable":true,"href":"https:\/\/akdenizolaygazetesi.com\/index.php?rest_route=%2Fwp%2Fv2%2Ftags&post=12485"}],"curies":[{"name":"wp","href":"https:\/\/api.w.org\/{rel}","templated":true}]}}