{"id":12489,"date":"2021-05-23T12:34:23","date_gmt":"2021-05-23T09:34:23","guid":{"rendered":"http:\/\/akdenizolaygazetesi.com\/?p=12489"},"modified":"2021-05-23T12:34:33","modified_gmt":"2021-05-23T09:34:33","slug":"mersin-19-mayisi-bu-sene-dolu-dolu-kutladi","status":"publish","type":"post","link":"https:\/\/akdenizolaygazetesi.com\/?p=12489","title":{"rendered":"MERS\u0130N, 19 MAYIS\u2019I BU SENE DOLU DOLU KUTLADI"},"content":{"rendered":"<p>Mersin B\u00fcy\u00fck\u015fehir Belediyesi Gen\u00e7lik ve Spor Hizmetleri Dairesi\u2019nin d\u00fczenledi\u011fi 19 May\u0131s Atat\u00fcrk\u2019\u00fc Anma, Gen\u00e7lik ve Spor Bayram\u0131 etkinliklerinde gen\u00e7lik ruhu t\u00fcm Mersin\u2019i sard\u0131. 17 May\u0131s\u2019ta Cumhuriyet G\u00f6steri Merkezi\u2019nde ba\u015flayan etkinlikler 21 May\u0131s\u2019ta \u2018Sporcu \u00d6d\u00fclleri\u2019 t\u00f6reni ile noktaland\u0131. 5 g\u00fcn boyunca kentin farkl\u0131 noktalar\u0131nda s\u00fcren etkinliklere gen\u00e7 ya\u015fl\u0131 demeden \u00e7ok say\u0131da Mersinli ilgi g\u00f6sterdi.<\/p>\n<p>Etkinlikler Cumhuriyet G\u00f6steri Merkezi\u2019nde ba\u015flad\u0131<\/p>\n<p>Bocce, tekvando ve atletizm bran\u015flar\u0131nda T\u00fcrkiye\u2019yi temsil eden rekortmen milli sporcular\u0131n B\u00fcy\u00fck\u015fehir Belediye Ba\u015fkan\u0131 Vahap Se\u00e7er\u2019i ziyaret etmesinin ard\u0131ndan etkinlikler ilk olarak Cumhuriyet G\u00f6steri Merkezi\u2019nde ba\u015flad\u0131. Alanda \u00fcretici kad\u0131n stantlar\u0131, spor aktiviteleri ve sahne g\u00f6sterileri yer ald\u0131. Cumhuriyet G\u00f6steri Merkezi\u2019ndeki etkinlikler ve stantlar 5 g\u00fcn boyunca devam etti.<\/p>\n<p>Etkinliklerin ikinci g\u00fcn\u00fcne bisiklet turu damga vurdu<\/p>\n<p>Etkinliklerin ikinci g\u00fcn\u00fcnde hentbol, basketbol ve voleybol bran\u015flar\u0131nda ba\u015far\u0131l\u0131 i\u015flere imza atan B\u00fcy\u00fck\u015fehir Belediyesi\u2019nin kad\u0131n sporcular\u0131, kentte spor anlam\u0131nda gelece\u011fin \u00f6n\u00fcn\u00fc a\u00e7an efsanevi sporcular\u0131 mezarlar\u0131 ba\u015f\u0131nda and\u0131. Ayn\u0131 g\u00fcn kentte d\u00fczenlenen \u2018Gen\u00e7lik Bisiklet Turu\u2019 ve \u2018Mersin Skatepark \u015e\u00f6leni\u2019, 19 May\u0131s co\u015fkusunu kentin bir\u00e7ok noktas\u0131na yayd\u0131. Etkinliklerin ikisine de kat\u0131lan Ba\u015fkan Vahap Se\u00e7er, bisiklet turunda gen\u00e7lerle birlikte pedal \u00e7evirdi. Atat\u00fcrk Park\u0131 3 Ocak Meydan\u0131\u2019nda start verilen \u201819 May\u0131s Gen\u00e7lik Bisiklet Turu\u2019 \u0130smet \u0130n\u00f6n\u00fc Bulvar\u0131, \u0130stiklal Caddesi, Hastane Caddesi, Zeytinli Bah\u00e7e g\u00fczergah\u0131 boyunca devam ederek Ta\u015f Bina \u00f6n\u00fcnde sonland\u0131.<\/p>\n<p>Kentin 2 noktas\u0131nda \u201cRampark\u201d a\u00e7\u0131ld\u0131<\/p>\n<p>B\u00fcy\u00fck\u015fehir Belediyesi 19 May\u0131s haftas\u0131nda kentin 2 noktas\u0131na Skatepark kazand\u0131rd\u0131. Akrobasi bisikleti, kaykay ve paten tutkunlar\u0131 i\u00e7in vazge\u00e7ilmez bir alana d\u00f6n\u00fc\u015fen Skatepark\u2019lara \u201cRampark\u201d ad\u0131 verildi. Rampark\u2019lardan birisi Tarsus \u00d6t\u00fcken Park\u2019ta gen\u00e7lerin hizmetine sunulurken, di\u011ferinde ise B\u00fcy\u00fck\u015fehir Belediye Ba\u015fkan\u0131 Vahap Se\u00e7er\u2019in kat\u0131l\u0131m\u0131yla Mersin K\u00fclt\u00fcr Park\u2019taki gen\u00e7ler performanslar\u0131n\u0131 sergiledi.<\/p>\n<p>19 May\u0131s konvoyu kentteki co\u015fkuyu y\u00fckseltti<\/p>\n<p>Etkinliklerin \u00fc\u00e7\u00fcnc\u00fc g\u00fcn\u00fcne denk gelen 19 May\u0131s\u2019ta B\u00fcy\u00fck\u015fehir\u2019in kutlama konvoyu kentteki co\u015fkuyu y\u00fckseltti. Sabah saatlerinde Tarsus\u2019tan ba\u015flayan konvoy ilerleyen saatlerde Akdeniz, Toroslar, Mezitli ve Yeni\u015fehir il\u00e7elerinin de cadde ve sokaklar\u0131n\u0131 dola\u015ft\u0131. Konvoya B\u00fcy\u00fck\u015fehir Belediye Ba\u015fkan\u0131 Vahap Se\u00e7er\u2019in yan\u0131 s\u0131ra Tarsus Belediye Ba\u015fkan\u0131 Haluk Bozdo\u011fan, Mezitli Belediye Ba\u015fkan\u0131 Ne\u015fet Tarhan ve Yeni\u015fehir Belediye Ba\u015fkan\u0131 Abdullah \u00d6zyi\u011fit de kat\u0131larak sokaklarda, balkonlarda ve i\u015f yerlerindeki vatanda\u015flar\u0131n 19 May\u0131s co\u015fkusunu birlikte ya\u015fad\u0131.<\/p>\n<p>Ba\u015fkan Se\u00e7er gen\u00e7lere seslendi: \u201c2. y\u00fczy\u0131l\u0131 sizler kurgulayacaks\u0131n\u0131z\u201d<\/p>\n<p>Konvoy, ak\u015fam saatlerinde Yeni\u015fehir Atat\u00fcrk K\u00fclt\u00fcr Merkezi\u2019nde son buldu. Ba\u015fkan Se\u00e7er, burada ellerinde me\u015faleler ta\u015f\u0131yan ve mar\u015flar s\u00f6yleyen gen\u00e7lere seslendi. Cumhuriyet\u2019in 2. y\u00fczy\u0131l\u0131na girildi\u011fini hat\u0131rlatan Ba\u015fkan Se\u00e7er, \u201cGen\u00e7lerimiz, yar\u0131nlar\u0131m\u0131z, umutlar\u0131m\u0131z, istikballerimiz, her \u015feylerimiz, 2. y\u00fczy\u0131l\u0131 sizler kurgulayacaks\u0131n\u0131z, sizler 2. y\u00fczy\u0131l\u0131 b\u00fcy\u00fcteceksiniz, geli\u015ftireceksiniz. Sizlere g\u00fcveniyoruz, sizlere inan\u0131yoruz, sizlerin yan\u0131nday\u0131z\u201d dedi.<\/p>\n<p>Gen\u00e7ler dostluk i\u00e7in futbol m\u00fcsabakas\u0131na kat\u0131ld\u0131<\/p>\n<p>19 May\u0131s\u2019ta B\u00fcy\u00fck\u015fehir bir de dostluk m\u00fcsabakas\u0131 d\u00fczenledi. Macit \u00d6zcan Spor Tesisleri\u2019nde yap\u0131lan futbol m\u00fcsabakalar\u0131nda 19 tak\u0131m\u0131n antren\u00f6rleri ve gen\u00e7 futbolcular\u0131 aras\u0131ndan se\u00e7ilen oyuncular, toplam 3 m\u00fcsabaka \u015feklinde ger\u00e7ekle\u015ftirilen ma\u00e7larda sahaya inerek \u015fenlik havas\u0131nda ge\u00e7en bir oyun sergiledi.<\/p>\n<p>Etkinlikler 21 May\u0131s g\u00fcn\u00fc Cumhuriyet G\u00f6steri Merkezi\u2019nde d\u00fczenlenen \u201cSporcu \u00d6d\u00fclleri\u201d t\u00f6reniyle sona erdi. T\u00f6rene Ba\u015fkan Vahap Se\u00e7er de kat\u0131larak sporculara \u00f6d\u00fcllerini takdim etti.<\/p>\n<p>\u201cMersin\u2019de b\u00f6yle \u015feyleri g\u00f6rmek ayr\u0131cal\u0131kl\u0131 hissettiriyor\u201d<\/p>\n<p>Cumhuriyet G\u00f6steri Merkezi\u2019nde 5 g\u00fcn boyunca gen\u00e7lik ruhunu ya\u015fayan vatanda\u015flar etkinliklerden memnun kald\u0131klar\u0131n\u0131 kaydetti.16 ya\u015f\u0131ndaki Taha Al\u00e7\u0131men, trib\u00fcnde etkinlikleri seyretti. Y\u00fczme ba\u015fta olmak \u00fczere bir\u00e7ok spor dal\u0131na ilgisi oldu\u011funu vurgulayan Al\u00e7\u0131men, \u201cMersin\u2019de b\u00f6yle \u015feyleri g\u00f6rmek ayr\u0131cal\u0131kl\u0131 hissettiriyor. Bundan dolay\u0131 a\u015f\u0131r\u0131 memnunuz. Hem m\u00fczik var hem arkada\u015flar\u0131m\u0131zla oturup e\u011flenebiliyoruz\u201d dedi.<\/p>\n<p>Trib\u00fcndeki vatanda\u015flardan Mehmet \u00d6zbay ise bu y\u0131lki co\u015fkudan memnun kald\u0131klar\u0131n\u0131 vurgulayarak, \u201cBu seneki etkinlikler g\u00fczeldi. Soka\u011fa \u00e7\u0131kma yasaklar\u0131ndan sonra bize de \u00e7ok iyi geldi. Ba\u015fkan\u0131m\u0131z Vahap Bey sa\u011f olsun. Her sene bu \u015fekilde yapmas\u0131n\u0131 diliyoruz\u201d diye konu\u015ftu.<\/p>\n<p>\u201cSpora g\u00f6n\u00fcl veren herkes bu hafta \u00e7ok mutlu olmu\u015ftur\u201d<\/p>\n<p>Gen\u00e7lerden Do\u011fukan \u00c7eviker Ta\u015fk\u0131n, arkada\u015flar\u0131yla birlikte alandaki sahada ayak futbolu oynad\u0131. S\u00fcrekli sporun i\u00e7erisinde oldu\u011funun alt\u0131n\u0131 \u00e7izen Ta\u015fk\u0131n, \u015funlar\u0131 s\u00f6yledi:<\/p>\n<p>\u201cBu hafta belediyemiz bize her t\u00fcrl\u00fc katk\u0131y\u0131 sundu. Gen\u00e7ler olarak kendimizi bu y\u00fczden \u00e7ok mutlu hissediyoruz. Gen\u00e7ler, b\u00fcy\u00fckler, k\u00fc\u00e7\u00fck karde\u015flerimiz herkes bu co\u015fkuyu hissetti. Belediyemiz bize destek \u00e7\u0131k\u0131yor. O y\u00fczden kendimizi \u00e7ok \u015fansl\u0131 hissediyoruz. Bu hafta t\u00fcm sporcu karde\u015flerimiz, spora g\u00f6n\u00fcl veren herkes mutlu olmu\u015ftur.\u201d<\/p>\n<p>\u201cGen\u00e7leri pandemi d\u00f6neminde yaln\u0131z hissettirmediler\u201d<\/p>\n<p>Ayak futbolu oynayan gen\u00e7lerden birisi de Hasan \u00c7elik oldu. Mersin\u2019de gen\u00e7lere \u00f6nem verildi\u011fini vurgulayan \u00c7elik, \u201cGen\u00e7lere destek veriliyor. Vahap Bey\u2019in, belediyenin \u00fcniversiteyi kazand\u0131\u011f\u0131mda yard\u0131m\u0131 oldu. \u00d6zellikle pandemi d\u00f6neminde yaln\u0131z hissettirmediler. Eksik olmas\u0131nlar. Bizler de \u015fehrimize lay\u0131k olarak her alanda \u00fclkemizi ve milletimizi temsil edece\u011fiz\u201d ifadelerine yer verdi.<\/p>\n<p>\u201cUzun zaman sonra 19 May\u0131s co\u015fkusunu ya\u015fad\u0131\u011f\u0131m\u0131z\u0131 hissettik\u201d<\/p>\n<p>Stantlardaki \u00fcretici gen\u00e7 kad\u0131nlardan Hale Nur Co\u015fkun, Bal\u0131kesir\u2019den Mersin\u2019e ta\u015f\u0131nd\u0131klar\u0131n\u0131 ve daha \u00f6nce ba\u015fka bir \u015fehirde b\u00f6yle etkinlik g\u00f6rmedi\u011fini ifade ederek, \u015funlar\u0131 s\u00f6yledi:<\/p>\n<p>\u201cMersin\u2019de b\u00f6yle bir imkan oldu\u011funu duyunca ba\u015fvurduk. Daha \u00f6nce ba\u015fka bir \u015fehirde b\u00f6yle bir etkinlik g\u00f6rmemi\u015ftim a\u00e7\u0131k\u00e7as\u0131. Ortam \u00e7ok g\u00fczeldi. Ben karde\u015flerimle birlikte geldim, yan\u0131mda duruyorlard\u0131. S\u00fcrekli bir etkinlik buldular, spor etkinliklerine kat\u0131ld\u0131lar ve ilgi, alaka da \u00e7ok g\u00fczeldi. Ger\u00e7ekten g\u00fczel bir etkinlik oldu. Uzun zaman sonra 19 May\u0131s co\u015fkusunu ya\u015fad\u0131\u011f\u0131m\u0131z\u0131 hissettik. 19 May\u0131s\u2019ta hem gen\u00e7lere hem biz \u00fcretici kad\u0131nlara b\u00f6yle olanaklar sunulmas\u0131 \u00e7ok g\u00fczeldi. Ba\u015fkan\u0131m\u0131z\u2019a \u00e7ok te\u015fekk\u00fcr ederim.\u201d<\/p>\n<p>\u201cG\u00fczel bir 5 g\u00fcn ge\u00e7ti\u201d<\/p>\n<p>5 y\u0131ld\u0131r tak\u0131 tasar\u0131m\u0131 ile u\u011fra\u015ft\u0131\u011f\u0131n\u0131 belirten Yasemin \u00c7olak ise a\u00e7\u0131lan stantlarda ilk defa yer ald\u0131\u011f\u0131n\u0131 vurgulayarak, \u201cBurada yeni arkada\u015flar edindim. Hepsi g\u00fczel arkada\u015flar. G\u00fczel bir 5 g\u00fcn ge\u00e7ti. Bize kazand\u0131rd\u0131klar\u0131 var, bir sosyal ortam\u0131m\u0131z var. G\u00fczel arkada\u015fl\u0131klar\u0131m\u0131z var\u201d diye konu\u015ftu.<\/p>\n","protected":false},"excerpt":{"rendered":"<p>Mersin B\u00fcy\u00fck\u015fehir Belediyesi Gen\u00e7lik ve Spor Hizmetleri Dairesi\u2019nin d\u00fczenledi\u011fi 19 May\u0131s Atat\u00fcrk\u2019\u00fc Anma, Gen\u00e7lik ve Spor Bayram\u0131 etkinliklerinde gen\u00e7lik ruhu t\u00fcm Mersin\u2019i sard\u0131. 17 May\u0131s\u2019ta Cumhuriyet G\u00f6steri Merkezi\u2019nde ba\u015flayan etkinlikler &hellip; <a href=\"https:\/\/akdenizolaygazetesi.com\/?p=12489\" class=\"more-link\">Devam\u0131n\u0131 Oku&#8230;<\/a><\/p>\n","protected":false},"author":2,"featured_media":12490,"comment_status":"open","ping_status":"open","sticky":false,"template":"","format":"standard","meta":[],"categories":[3,5,10],"tags":[],"_links":{"self":[{"href":"https:\/\/akdenizolaygazetesi.com\/index.php?rest_route=\/wp\/v2\/posts\/12489"}],"collection":[{"href":"https:\/\/akdenizolaygazetesi.com\/index.php?rest_route=\/wp\/v2\/posts"}],"about":[{"href":"https:\/\/akdenizolaygazetesi.com\/index.php?rest_route=\/wp\/v2\/types\/post"}],"author":[{"embeddable":true,"href":"https:\/\/akdenizolaygazetesi.com\/index.php?rest_route=\/wp\/v2\/users\/2"}],"replies":[{"embeddable":true,"href":"https:\/\/akdenizolaygazetesi.com\/index.php?rest_route=%2Fwp%2Fv2%2Fcomments&post=12489"}],"version-history":[{"count":1,"href":"https:\/\/akdenizolaygazetesi.com\/index.php?rest_route=\/wp\/v2\/posts\/12489\/revisions"}],"predecessor-version":[{"id":12491,"href":"https:\/\/akdenizolaygazetesi.com\/index.php?rest_route=\/wp\/v2\/posts\/12489\/revisions\/12491"}],"wp:featuredmedia":[{"embeddable":true,"href":"https:\/\/akdenizolaygazetesi.com\/index.php?rest_route=\/wp\/v2\/media\/12490"}],"wp:attachment":[{"href":"https:\/\/akdenizolaygazetesi.com\/index.php?rest_route=%2Fwp%2Fv2%2Fmedia&parent=12489"}],"wp:term":[{"taxonomy":"category","embeddable":true,"href":"https:\/\/akdenizolaygazetesi.com\/index.php?rest_route=%2Fwp%2Fv2%2Fcategories&post=12489"},{"taxonomy":"post_tag","embeddable":true,"href":"https:\/\/akdenizolaygazetesi.com\/index.php?rest_route=%2Fwp%2Fv2%2Ftags&post=12489"}],"curies":[{"name":"wp","href":"https:\/\/api.w.org\/{rel}","templated":true}]}}