{"id":12499,"date":"2021-05-24T12:23:04","date_gmt":"2021-05-24T09:23:04","guid":{"rendered":"http:\/\/akdenizolaygazetesi.com\/?p=12499"},"modified":"2021-05-24T12:23:16","modified_gmt":"2021-05-24T09:23:16","slug":"meski-water-europe-uyesi-oldu","status":"publish","type":"post","link":"https:\/\/akdenizolaygazetesi.com\/?p=12499","title":{"rendered":"MESK\u0130, WATER EUROPE \u00dcYES\u0130 OLDU"},"content":{"rendered":"<p>Mersin B\u00fcy\u00fck\u015fehir Belediyesi Mersin Su ve Kanalizasyon \u0130daresi (MESK\u0130) Genel M\u00fcd\u00fcrl\u00fc\u011f\u00fc, su de\u011fer zincirinin t\u00fcm \u00e7e\u015fitlili\u011fini temsil eden, su hizmeti sa\u011flay\u0131c\u0131lar\u0131, su kullan\u0131c\u0131lar\u0131, teknoloji sa\u011flay\u0131c\u0131lar\u0131, kamu otoritelerinin ve sivil toplumun ortakl\u0131\u011f\u0131nda kurulmu\u015f bir proje ve i\u015f birli\u011fi platformu olan Water Europe\u2019a  (WE) \u00fcyelik i\u015flemini ger\u00e7ekle\u015ftirdi.<\/p>\n<p>Mersin B\u00fcy\u00fck\u015fehir Belediye Ba\u015fkan\u0131 Vahap Se\u00e7er\u2019in \u00f6nc\u00fcl\u00fc\u011f\u00fcnde \u00e7al\u0131\u015fmalar\u0131na aral\u0131ks\u0131z devam eden MESK\u0130, Avrupa Birli\u011fi \u00e7er\u00e7eve programlar\u0131 kapsam\u0131nda, d\u00fcnyan\u0131n en b\u00fcy\u00fck b\u00fct\u00e7eli ara\u015ft\u0131rma ve inovasyon program\u0131 olan UFUK2020\u2019ye (HORIZON2020) d\u00e2hil olarak bilimsel ve yenilik\u00e7i bir anlay\u0131\u015fla altyap\u0131s\u0131n\u0131 g\u00fc\u00e7lendirme \u00e7al\u0131\u015fmalar\u0131na devam ediyor. Bu ba\u011flamda, Avrupa&#8217;n\u0131n su sekt\u00f6r\u00fc i\u00e7in ara\u015ft\u0131rma ve yenilik konusunda i\u015f birli\u011fi ile koordinasyonunu sa\u011flamak amac\u0131yla kurulmu\u015f olan WE platformuna \u00fcyelik i\u015flemini ger\u00e7ekle\u015ftirdi.<\/p>\n<p>MESK\u0130, su konusunda kilit projelerin \u00fcretilmesinde \u00f6nemli roller oynayan WE \u00fcyesi<\/p>\n<p>2004 y\u0131l\u0131nda Avrupa Komisyonu taraf\u0131ndan; su konulu ara\u015ft\u0131rmalarda \u00fcyelerinin koordinasyon ve i\u015f birli\u011fini art\u0131rmak, su konusunda rekabet\u00e7ili\u011fi art\u0131rarak AB&#8217;de g\u00fc\u00e7l\u00fc bir su sekt\u00f6r\u00fc liderli\u011fi yaratmak, stratejik planlama, lobi faaliyetleri ve e\u015fg\u00fcd\u00fcm i\u00e7erisinde y\u00fcr\u00fcyen ara\u015ft\u0131rma faaliyetleri ve Avrupa&#8217;n\u0131n su ile ili\u015fkili toplumsal sorunlar\u0131n\u0131n \u00e7\u00f6z\u00fcm\u00fcne katk\u0131da bulunmak amac\u0131yla kurulan WE, 27 farkl\u0131 \u00fclkeden 224 \u00fcyeye sahip bir i\u015f birli\u011fi platformunu olu\u015fturuyor.<\/p>\n<p>WE, Avrupa Birli\u011fi\u2019nin \u00e7er\u00e7eve programlar\u0131 kapsam\u0131nda su konusundaki fonlar\u0131n\u0131n y\u00f6nlendirilece\u011fi \u00e7al\u0131\u015fmalar\u0131n belirlenmesinde ve 20 \u00e7al\u0131\u015fma grubu ile su konusunda kilit projelerin \u00fcretilmesinde \u00f6nemli roller oynuyor. T\u00fcrkiye\u2019den sadece T\u00dcB\u0130TAK Marmara Ara\u015ft\u0131rma Merkezi \u00c7evre ve Temiz \u00dcretim Enstit\u00fcs\u00fc, Bo\u011fazi\u00e7i \u00dcniversitesi ve MESK\u0130 Genel M\u00fcd\u00fcrl\u00fc\u011f\u00fc\u2019n\u00fcn \u00fcye oldu\u011fu WE; hidroiklimsel ekstrem (kurakl\u0131k ve sel) olaylara uyum, s\u00fcrd\u00fcr\u00fclebilir su ve tar\u0131m y\u00f6netimi, kent i\u00e7i ve \u00e7evresindeki suyun s\u00fcrd\u00fcr\u00fclebilir y\u00f6netimi, sanayi i\u00e7in s\u00fcrd\u00fcr\u00fclebilir su y\u00f6netimi, k\u0131y\u0131sal alanlarda su \u00fczerindeki bask\u0131n\u0131n azalt\u0131lmas\u0131, tahrip edilmi\u015f su alanlar\u0131n\u0131n rehabilitasyonu (y\u00fczey ve yeralt\u0131 suyu) ba\u015fl\u0131klar\u0131nda \u00e7al\u0131\u015fmalar y\u00fcr\u00fct\u00fcyor.<\/p>\n<p>MESK\u0130, WE ile \u00e7evrimi\u00e7i bir toplant\u0131 ger\u00e7ekle\u015ftirdi<\/p>\n<p>MESK\u0130 Genel M\u00fcd\u00fcrl\u00fc\u011f\u00fc, WE \u00fcyelik i\u015flemlerinin birinci ad\u0131m\u0131 olarak 28 Nisan 2021 tarihinde Ar\u0131tma Tesisleri Dairesi ile Ara\u015ft\u0131rma ve Geli\u015ftirme Dairesi ba\u015fkanl\u0131klar\u0131n\u0131n koordinesinde Water Europe ad\u0131na kat\u0131l\u0131m sa\u011flayan Durk Krol ve Anca Popa ile \u00e7evrimi\u00e7i bir toplant\u0131 ger\u00e7ekle\u015ftirdi. Yap\u0131lan toplant\u0131da \u00fcyelik i\u015flemleri ve sonras\u0131nda yap\u0131lacak \u00e7al\u0131\u015fmalara dair kar\u015f\u0131l\u0131kl\u0131 bilgi al\u0131\u015fveri\u015finde bulunularak, 29 Nisan 2021 tarihinde MESK\u0130\u2019nin resmi olarak WE \u00fcyelik i\u015flemleri ba\u015flat\u0131ld\u0131. WE Genel Kurulu\u2019nda, \u00fcyelerin oylamas\u0131 ile 11 May\u0131s 2021 tarihinde MESK\u0130\u2019nin WE \u00fcyeli\u011fi ger\u00e7ekle\u015fmi\u015f oldu.<\/p>\n<p>MESK\u0130, WE b\u00fcnyesindeki \u00e7al\u0131\u015fma gruplar\u0131na d\u00e2hil olarak su konusunda uluslararas\u0131 i\u015f birli\u011fi ile AB projeleri ve di\u011fer uluslararas\u0131 projelere kat\u0131l\u0131m sa\u011flayarak, bilimsel-teknik altyap\u0131s\u0131n\u0131 g\u00fc\u00e7lendirmeyi hedefliyor.<\/p>\n","protected":false},"excerpt":{"rendered":"<p>Mersin B\u00fcy\u00fck\u015fehir Belediyesi Mersin Su ve Kanalizasyon \u0130daresi (MESK\u0130) Genel M\u00fcd\u00fcrl\u00fc\u011f\u00fc, su de\u011fer zincirinin t\u00fcm \u00e7e\u015fitlili\u011fini temsil eden, su hizmeti sa\u011flay\u0131c\u0131lar\u0131, su kullan\u0131c\u0131lar\u0131, teknoloji sa\u011flay\u0131c\u0131lar\u0131, kamu otoritelerinin ve sivil toplumun &hellip; <a href=\"https:\/\/akdenizolaygazetesi.com\/?p=12499\" class=\"more-link\">Devam\u0131n\u0131 Oku&#8230;<\/a><\/p>\n","protected":false},"author":2,"featured_media":12500,"comment_status":"open","ping_status":"open","sticky":false,"template":"","format":"standard","meta":[],"categories":[34,1,3,5,6],"tags":[],"_links":{"self":[{"href":"https:\/\/akdenizolaygazetesi.com\/index.php?rest_route=\/wp\/v2\/posts\/12499"}],"collection":[{"href":"https:\/\/akdenizolaygazetesi.com\/index.php?rest_route=\/wp\/v2\/posts"}],"about":[{"href":"https:\/\/akdenizolaygazetesi.com\/index.php?rest_route=\/wp\/v2\/types\/post"}],"author":[{"embeddable":true,"href":"https:\/\/akdenizolaygazetesi.com\/index.php?rest_route=\/wp\/v2\/users\/2"}],"replies":[{"embeddable":true,"href":"https:\/\/akdenizolaygazetesi.com\/index.php?rest_route=%2Fwp%2Fv2%2Fcomments&post=12499"}],"version-history":[{"count":1,"href":"https:\/\/akdenizolaygazetesi.com\/index.php?rest_route=\/wp\/v2\/posts\/12499\/revisions"}],"predecessor-version":[{"id":12501,"href":"https:\/\/akdenizolaygazetesi.com\/index.php?rest_route=\/wp\/v2\/posts\/12499\/revisions\/12501"}],"wp:featuredmedia":[{"embeddable":true,"href":"https:\/\/akdenizolaygazetesi.com\/index.php?rest_route=\/wp\/v2\/media\/12500"}],"wp:attachment":[{"href":"https:\/\/akdenizolaygazetesi.com\/index.php?rest_route=%2Fwp%2Fv2%2Fmedia&parent=12499"}],"wp:term":[{"taxonomy":"category","embeddable":true,"href":"https:\/\/akdenizolaygazetesi.com\/index.php?rest_route=%2Fwp%2Fv2%2Fcategories&post=12499"},{"taxonomy":"post_tag","embeddable":true,"href":"https:\/\/akdenizolaygazetesi.com\/index.php?rest_route=%2Fwp%2Fv2%2Ftags&post=12499"}],"curies":[{"name":"wp","href":"https:\/\/api.w.org\/{rel}","templated":true}]}}