{"id":12509,"date":"2021-05-24T12:28:27","date_gmt":"2021-05-24T09:28:27","guid":{"rendered":"http:\/\/akdenizolaygazetesi.com\/?p=12509"},"modified":"2021-05-24T12:28:34","modified_gmt":"2021-05-24T09:28:34","slug":"deva-mersin-ilce-baskanlari-toplantisi-silifkede-gerceklestirildi","status":"publish","type":"post","link":"https:\/\/akdenizolaygazetesi.com\/?p=12509","title":{"rendered":"DEVA Mersin \u0130l\u00e7e Ba\u015fkanlar\u0131 toplant\u0131s\u0131 Silifke\u2019de ger\u00e7ekle\u015ftirildi"},"content":{"rendered":"<p>Demokrasi ve At\u0131l\u0131m Partisi (DEVA) Mersin \u0130l\u00e7e Ba\u015fkanlar\u0131 toplant\u0131s\u0131 Silifke\u2019de ger\u00e7ekle\u015ftirildi.<br \/>\nParti i\u00e7i kayna\u015fmay\u0131 ve i\u015fbirli\u011fini geli\u015ftirmek amac\u0131yla her ay farkl\u0131 bir il\u00e7ede yap\u0131lmaya devam eden toplant\u0131da, il\u00e7e kongrelerinin k\u0131sa s\u00fcrede tamamlanarak yeni y\u00f6netimlerin olu\u015fturulmas\u0131, \u00fcye kay\u0131tlar\u0131, mali konular ve g\u00fcndeme dair konularla ilgili DEVA Partisinin  bak\u0131\u015f a\u00e7\u0131s\u0131 konu\u015fuldu.<br \/>\nDeva Partisi Silifke \u0130l\u00e7e Ba\u015fkanl\u0131\u011f\u0131nda ger\u00e7ekle\u015ftirilen toplant\u0131ya \u0130l Ba\u015fkan\u0131 Cenk Cenkcimeno\u011flu,  \u0130l Te\u015fkilat \u0130\u015flerinden Sorumlu Ba\u015fkan Yard\u0131mc\u0131s\u0131 H\u00fcseyin Taner, \u0130l Sekreteri Fesih Y\u0131ld\u0131r\u0131m, Se\u00e7im \u0130\u015flerinden Sorumlu Ba\u015fkan Tard\u0131mc\u0131s\u0131 Tamer \u00d6rs, Yeni\u015fehir \u0130l\u00e7e Ba\u015fkan\u0131 Hediye Ko\u00e7o\u011flu Dal\u011f\u0131\u00e7, Toroslar \u0130l\u00e7e Ba\u015fkan\u0131 Ramazan \u00d6zen, Akdeniz \u0130l\u00e7e Ba\u015fkan\u0131 \u00d6zcan Demir, Mezitli \u0130l\u00e7e Ba\u015fkan\u0131 Mehmet \u00d6nder Usta, Tarsus \u0130l\u00e7e Ba\u015fkan\u0131 Ferhat G\u00fcnde\u015f, Silifke \u0130l\u00e7e Ba\u015fkan\u0131 Metin Y\u0131lmaz, G\u00fclnar \u0130l\u00e7e Ba\u015fkan\u0131 Ramazan Er, Erdemli \u0130l\u00e7e Ba\u015fkan\u0131 Fatih Dere ve Anamur \u0130l\u00e7e Ba\u015fkan\u0131 Murat Do\u011fan kat\u0131ld\u0131.<br \/>\nParti te\u015fkilatlar\u0131n\u0131n bir b\u00fct\u00fcn olarak hareket etmesi i\u00e7in kayna\u015fman\u0131n ve i\u015fbirli\u011finin \u00f6nemine vurgu yapan Ba\u015fkan Cenk Cenkcimeno\u011flu \u201cMersin\u2019in birbirine uzak olan il\u00e7elerini d\u00fczenli olarak bir araya getirerek kayna\u015fma, dayan\u0131\u015fma ve i\u015fbirli\u011fini artt\u0131rmak amac\u0131yla her ay d\u00fczenli olarak toplanma karar\u0131 ald\u0131k. Pandemi dolay\u0131s\u0131 ile k\u0131sa bir s\u00fcre ara verdi\u011fimiz toplant\u0131lar kapsam\u0131nda 3. toplant\u0131m\u0131z\u0131 Silifke\u2019de ger\u00e7ekle\u015ftirdik. Toplant\u0131da t\u00fcm il\u00e7e ba\u015fkanlar\u0131m\u0131z\u0131n yer almas\u0131 bizleri ayr\u0131ca memnun etti. Bu durum vatanda\u015f\u0131n sorunlar\u0131na DEVA olma istek ve iradelerini g\u00f6stermesi a\u00e7\u0131s\u0131ndan son derece \u00f6nemli. Bu sayede il\u00e7eler aras\u0131nda e\u015fg\u00fcd\u00fcm\u00fc ve birlikteli\u011fi de sa\u011flama imkan\u0131 buluyoruz. Ba\u015fta sosyal medya kullan\u0131m\u0131 olmak \u00fczere parti program\u0131m\u0131z\u0131n do\u011fru anlat\u0131labilmesi i\u00e7in ortak ses \u00e7\u0131kmas\u0131n\u0131 sa\u011fl\u0131yoruz. Birbirine uzak il\u00e7ede kar\u015f\u0131la\u015f\u0131lan b\u00f6lgeye \u00f6zg\u00fc problemlerin \u00e7\u00f6z\u00fcm\u00fc noktas\u0131nda \u00e7ok \u00f6nemli al\u0131\u015fveri\u015f \u00f6rne\u011fi sergiliyoruz. Bu \u015fekilde bulu\u015ftu\u011fumuz il\u00e7ede bir sinerji olu\u015fturarak partimizi daha iyi anlatma \u015fans\u0131 da yakal\u0131yoruz\u201d dedi.<br \/>\nKat\u0131lan t\u00fcm il\u00e7e ba\u015fkanlar\u0131 ve il y\u00f6neticilerine te\u015fekk\u00fcr eden Ba\u015fkan Cenkcimeno\u011flu, \u201cArkada\u015flar\u0131m\u0131z\u0131n tam kadro olarak ilgi g\u00f6stermesi ve toplant\u0131 s\u0131ras\u0131nda ortaya koyduklar\u0131 fikirler, \u00fclkemizin ve kentimizin gelece\u011fine y\u00f6nelik g\u00f6r\u00fc\u015fleri bizleri son derece mutlu etti. Payla\u015f\u0131lan bu fikirleri rapor haline getirerek \u00e7ok de\u011ferli verilere sahip olaca\u011f\u0131z. Sahaya daha \u00e7ok inerek arkada\u015flar\u0131m\u0131z vatanda\u015flar\u0131m\u0131zla temas ediyorlar. Olas\u0131 bir erken se\u00e7ime en haz\u0131r parti oldu\u011fumuzu g\u00f6rmekten dolay\u0131 arkada\u015flar\u0131m\u0131za te\u015fekk\u00fcr ediyorum\u201d diye konu\u015ftu.<\/p>\n","protected":false},"excerpt":{"rendered":"<p>Demokrasi ve At\u0131l\u0131m Partisi (DEVA) Mersin \u0130l\u00e7e Ba\u015fkanlar\u0131 toplant\u0131s\u0131 Silifke\u2019de ger\u00e7ekle\u015ftirildi. Parti i\u00e7i kayna\u015fmay\u0131 ve i\u015fbirli\u011fini geli\u015ftirmek amac\u0131yla her ay farkl\u0131 bir il\u00e7ede yap\u0131lmaya devam eden toplant\u0131da, il\u00e7e kongrelerinin k\u0131sa &hellip; <a href=\"https:\/\/akdenizolaygazetesi.com\/?p=12509\" class=\"more-link\">Devam\u0131n\u0131 Oku&#8230;<\/a><\/p>\n","protected":false},"author":2,"featured_media":0,"comment_status":"open","ping_status":"open","sticky":false,"template":"","format":"standard","meta":[],"categories":[34,3],"tags":[],"_links":{"self":[{"href":"https:\/\/akdenizolaygazetesi.com\/index.php?rest_route=\/wp\/v2\/posts\/12509"}],"collection":[{"href":"https:\/\/akdenizolaygazetesi.com\/index.php?rest_route=\/wp\/v2\/posts"}],"about":[{"href":"https:\/\/akdenizolaygazetesi.com\/index.php?rest_route=\/wp\/v2\/types\/post"}],"author":[{"embeddable":true,"href":"https:\/\/akdenizolaygazetesi.com\/index.php?rest_route=\/wp\/v2\/users\/2"}],"replies":[{"embeddable":true,"href":"https:\/\/akdenizolaygazetesi.com\/index.php?rest_route=%2Fwp%2Fv2%2Fcomments&post=12509"}],"version-history":[{"count":1,"href":"https:\/\/akdenizolaygazetesi.com\/index.php?rest_route=\/wp\/v2\/posts\/12509\/revisions"}],"predecessor-version":[{"id":12511,"href":"https:\/\/akdenizolaygazetesi.com\/index.php?rest_route=\/wp\/v2\/posts\/12509\/revisions\/12511"}],"wp:attachment":[{"href":"https:\/\/akdenizolaygazetesi.com\/index.php?rest_route=%2Fwp%2Fv2%2Fmedia&parent=12509"}],"wp:term":[{"taxonomy":"category","embeddable":true,"href":"https:\/\/akdenizolaygazetesi.com\/index.php?rest_route=%2Fwp%2Fv2%2Fcategories&post=12509"},{"taxonomy":"post_tag","embeddable":true,"href":"https:\/\/akdenizolaygazetesi.com\/index.php?rest_route=%2Fwp%2Fv2%2Ftags&post=12509"}],"curies":[{"name":"wp","href":"https:\/\/api.w.org\/{rel}","templated":true}]}}