{"id":12514,"date":"2021-05-25T11:49:19","date_gmt":"2021-05-25T08:49:19","guid":{"rendered":"http:\/\/akdenizolaygazetesi.com\/?p=12514"},"modified":"2021-05-25T11:49:27","modified_gmt":"2021-05-25T08:49:27","slug":"toroslar-belediye-baskani-atsiz-afsin-yilmaz-koronavirusle-mucadele-edilen-bu-surecte-colyak-hastasi-cocuklari-da-unutmadi","status":"publish","type":"post","link":"https:\/\/akdenizolaygazetesi.com\/?p=12514","title":{"rendered":"Toroslar Belediye Ba\u015fkan\u0131 Ats\u0131z Af\u015f\u0131n Y\u0131lmaz, koronavir\u00fcsle m\u00fccadele edilen bu s\u00fcre\u00e7te \u00e7\u00f6lyak hastas\u0131 \u00e7ocuklar\u0131 da unutmad\u0131"},"content":{"rendered":"<p>Toroslar Belediye Ba\u015fkan\u0131 Ats\u0131z Af\u015f\u0131n Y\u0131lmaz, koronavir\u00fcsle m\u00fccadele edilen bu s\u00fcre\u00e7te \u00e7\u00f6lyak hastas\u0131 \u00e7ocuklar\u0131 da unutmad\u0131.<\/p>\n<p>Tam kapanma s\u00fcrecinde ihtiya\u00e7 sahibi on binlerce vatanda\u015fa erzak kolisi deste\u011fi veren Toroslar Belediyesi, \u00e7\u00f6lyak hastas\u0131 \u00e7ocuklar\u0131 da sevindirdi.<\/p>\n<p>\u0130\u00e7erisinde glutensiz \u00fcr\u00fcnlerin bulundu\u011fu g\u0131da kolileri, belediye Sa\u011fl\u0131k \u0130\u015fleri M\u00fcd\u00fcrl\u00fc\u011f\u00fc ekipleri ile Toroslar Kad\u0131n ve \u00c7ocuk Dan\u0131\u015fma Merkezi&#8217;nde g\u00f6revli uzman psikolog taraf\u0131ndan \u00e7\u00f6lyak hastas\u0131 \u00e7ocuklar\u0131n ailelerine teslim edildi.<\/p>\n<p>&#8220;Hat\u0131rlanmak \u00c7ok G\u00fczel&#8221;<\/p>\n<p>G\u0131da kolilerini teslim alan \u00e7\u00f6lyak hastas\u0131 \u00e7ocuklar\u0131n aileleri ise yap\u0131lan hizmetten duyduklar\u0131 memnuniyeti dile getirerek Toroslar Belediye Ba\u015fkan\u0131 Ats\u0131z Af\u015f\u0131n Y\u0131lmaz&#8217;a te\u015fekk\u00fcrlerini iletti.<\/p>\n<p>\u00c7\u00f6lyak hastal\u0131\u011f\u0131ndan dolay\u0131 \u00e7ocuklar\u0131n\u0131n glutensiz g\u0131da t\u00fcketmek zorunda oldu\u011funu belirten ebeveynler; &#8220;Maddiyat\u0131n yan\u0131nda psikolojik olarak da zora d\u00fc\u015f\u00fcyoruz. B\u00f6yle bir destek geldi\u011finde \u00e7ok seviniyoruz. \u00c7o\u011fu ki\u015fi bu hastal\u0131\u011f\u0131 bilmiyor. Hat\u0131rlanmak \u00e7ok g\u00fczel. Ba\u015fkan\u0131m\u0131z Ats\u0131z Af\u015f\u0131n Y\u0131lmaz&#8217;a desteklerinden \u00f6t\u00fcr\u00fc te\u015fekk\u00fcr ederiz&#8221; dedi.<\/p>\n<p>Ba\u015fkan Y\u0131lmaz; &#8220;Her Zaman Yan\u0131n\u0131zday\u0131z&#8221;<\/p>\n<p>Toroslar Belediye Ba\u015fkan\u0131 Ats\u0131z Af\u015f\u0131n Y\u0131lmaz, il\u00e7ede ya\u015fayan toplumun her ferdinin daha sa\u011fl\u0131kl\u0131 ve kaliteli bir ya\u015fam s\u00fcrmesi i\u00e7in \u00e7aba g\u00f6sterdiklerini s\u00f6yledi.<\/p>\n<p>Ba\u015fkan Y\u0131lmaz, bu hastal\u0131\u011f\u0131n \u00e7ocuklar\u0131 ve ailelerini psikolojik olarak etkilememesini temenni ettiklerini ve bu konuda da yanlar\u0131nda olduklar\u0131n\u0131 belirterek; &#8220;\u00c7\u00f6lyak hastas\u0131 \u00e7ocuklar\u0131m\u0131z\u0131n da ya\u015famlar\u0131n\u0131n daha kaliteli olmas\u0131n\u0131 istiyoruz. Bu noktada \u00e7ocuklar\u0131m\u0131za glutensiz g\u0131da deste\u011finde bulunduk. Onlar\u0131n y\u00fcz\u00fcndeki tebess\u00fcm, istedikleri bir \u00fcr\u00fcn\u00fc yiyebilmeleri her \u015feye de\u011fer. T\u00fcm hastalar\u0131m\u0131za \u015fifa diliyorum. \u0130nsan hayat\u0131na dokundu\u011fumuz sosyal sorumluluk projelerimize devam edece\u011fiz&#8221; diye konu\u015ftu.<\/p>\n<p>\u00c7\u00f6lyak Nedir?<\/p>\n<p>\u00c7\u00f6lyak hastal\u0131\u011f\u0131, genetik yatk\u0131nl\u0131\u011f\u0131 olan bireylerde bu\u011fday, arpa, \u00e7avdar gibi tah\u0131llarda bulunan ve suda erimeyen gluten isimli proteine kar\u015f\u0131 duyarl\u0131l\u0131k sonucu geli\u015fir.<\/p>\n<p>\u00c7\u00f6lyak hastal\u0131\u011f\u0131nda etkin oldu\u011fu bilinen tek tedavi, glutenin \u00f6m\u00fcr boyu diyetten \u00e7\u0131kar\u0131lmas\u0131d\u0131r. Glutensiz diyet uygulanmas\u0131ndaki ama\u00e7, hastal\u0131\u011f\u0131n var olan semptomlar\u0131n\u0131 kontrol alt\u0131na almak, hastalar\u0131n ya\u015fam kalitelerini artt\u0131rmak ve hastal\u0131klar\u0131 ile ilgili komplikasyonlar\u0131n olu\u015fmas\u0131n\u0131 \u00f6nlemektir. Hastalar\u0131n \u00e7o\u011funda, diyet tedavisine tam uyum sa\u011flamalar\u0131n\u0131n ard\u0131ndan klinik bulgular\u0131n\u0131n tamamen d\u00fczeldi\u011fi, serolojinin normale d\u00f6nd\u00fc\u011f\u00fc g\u00f6zlenmektedir.<\/p>\n","protected":false},"excerpt":{"rendered":"<p>Toroslar Belediye Ba\u015fkan\u0131 Ats\u0131z Af\u015f\u0131n Y\u0131lmaz, koronavir\u00fcsle m\u00fccadele edilen bu s\u00fcre\u00e7te \u00e7\u00f6lyak hastas\u0131 \u00e7ocuklar\u0131 da unutmad\u0131. Tam kapanma s\u00fcrecinde ihtiya\u00e7 sahibi on binlerce vatanda\u015fa erzak kolisi deste\u011fi veren Toroslar Belediyesi, &hellip; <a href=\"https:\/\/akdenizolaygazetesi.com\/?p=12514\" class=\"more-link\">Devam\u0131n\u0131 Oku&#8230;<\/a><\/p>\n","protected":false},"author":2,"featured_media":12515,"comment_status":"open","ping_status":"open","sticky":false,"template":"","format":"standard","meta":[],"categories":[34,2,3,9],"tags":[],"_links":{"self":[{"href":"https:\/\/akdenizolaygazetesi.com\/index.php?rest_route=\/wp\/v2\/posts\/12514"}],"collection":[{"href":"https:\/\/akdenizolaygazetesi.com\/index.php?rest_route=\/wp\/v2\/posts"}],"about":[{"href":"https:\/\/akdenizolaygazetesi.com\/index.php?rest_route=\/wp\/v2\/types\/post"}],"author":[{"embeddable":true,"href":"https:\/\/akdenizolaygazetesi.com\/index.php?rest_route=\/wp\/v2\/users\/2"}],"replies":[{"embeddable":true,"href":"https:\/\/akdenizolaygazetesi.com\/index.php?rest_route=%2Fwp%2Fv2%2Fcomments&post=12514"}],"version-history":[{"count":2,"href":"https:\/\/akdenizolaygazetesi.com\/index.php?rest_route=\/wp\/v2\/posts\/12514\/revisions"}],"predecessor-version":[{"id":12517,"href":"https:\/\/akdenizolaygazetesi.com\/index.php?rest_route=\/wp\/v2\/posts\/12514\/revisions\/12517"}],"wp:featuredmedia":[{"embeddable":true,"href":"https:\/\/akdenizolaygazetesi.com\/index.php?rest_route=\/wp\/v2\/media\/12515"}],"wp:attachment":[{"href":"https:\/\/akdenizolaygazetesi.com\/index.php?rest_route=%2Fwp%2Fv2%2Fmedia&parent=12514"}],"wp:term":[{"taxonomy":"category","embeddable":true,"href":"https:\/\/akdenizolaygazetesi.com\/index.php?rest_route=%2Fwp%2Fv2%2Fcategories&post=12514"},{"taxonomy":"post_tag","embeddable":true,"href":"https:\/\/akdenizolaygazetesi.com\/index.php?rest_route=%2Fwp%2Fv2%2Ftags&post=12514"}],"curies":[{"name":"wp","href":"https:\/\/api.w.org\/{rel}","templated":true}]}}