{"id":12522,"date":"2021-05-25T11:54:07","date_gmt":"2021-05-25T08:54:07","guid":{"rendered":"http:\/\/akdenizolaygazetesi.com\/?p=12522"},"modified":"2021-05-25T11:54:15","modified_gmt":"2021-05-25T08:54:15","slug":"chpli-basarir-icisleri-bakani-kendi-genelgesini-cigniyor","status":"publish","type":"post","link":"https:\/\/akdenizolaygazetesi.com\/?p=12522","title":{"rendered":"CHP\u2019L\u0130 BA\u015eARIR: &#8216;\u0130\u00c7\u0130\u015eLER\u0130 BAKANI KEND\u0130 GENELGES\u0130N\u0130 \u00c7\u0130\u011eN\u0130YOR&#8217;"},"content":{"rendered":"<p>CHP Mersin Milletvekili ve Parti Meclisi \u00dcyesi Ali Mahir Ba\u015far\u0131r, \u0130\u00e7i\u015fleri Bakan\u0131 S\u00fcleyman Soylu\u2019nun yan\u0131tlamas\u0131 istemiyle Meclis Ba\u015fkanl\u0131\u011f\u0131na yaz\u0131l\u0131 soru \u00f6nergesi verdi.<\/p>\n<p>Ger\u00e7ek Bir \u0130\u00e7i\u015fleri Bakan\u0131 Olsa Cezai M\u00fceyyidesi Var Der ve \u0130\u015flem Yapt\u0131r\u0131r<\/p>\n<p>TV program\u0131nda haktan, hukuktan, adaletten ve yarg\u0131 sisteminden bahseden Soylu\u2019nun kendisiyle \u00e7eli\u015fti\u011fini ifade eden CHP\u2019li Ba\u015far\u0131r: \u2018\u2019\u0130\u00e7i\u015fleri Bakanl\u0131\u011f\u0131\u2019n\u0131n bir genelgesi var. Bu genelgeye g\u00f6re; hafta i\u00e7i 21.00\u2019dan sonra soka\u011fa \u00e7\u0131kma yasa\u011f\u0131 var. Fakat, bir grup ki\u015fi; Soylu\u2019nun TV program\u0131ndan sonra onu desteklemeye geliyor. Soylu da onlara; \u2018\u2026aya\u011f\u0131n\u0131za sa\u011fl\u0131k, ailelerinize selam s\u00f6yleyin.\u2019 diyor. Ger\u00e7ek bir \u0130\u00e7i\u015fleri Bakan\u0131, orada olanlar\u0131 selamlamaz, aya\u011f\u0131n\u0131za sa\u011fl\u0131k demez, burada olman\u0131z\u0131n cezai m\u00fceyyidesi var der ve i\u015flem yapt\u0131r\u0131r. Bu isimler, televizyon binas\u0131na kadar nas\u0131l geldi? Yollarda uygulama yok mu? \u0130nsanlar, evinin yak\u0131ndaki marketten al\u0131\u015fveri\u015f yapmaya giderken bile korkarken, bu insanlar bu cesareti nereden al\u0131yor? Soylu, haktan, hukuktan, adaletten bahsediyorsa e\u011fer, bu isimlerin tespit edilip i\u015flem yap\u0131laca\u011f\u0131n\u0131 kamuoyuyla payla\u015fmal\u0131d\u0131r. Aksi halde, insanlar\u0131m\u0131z onlar kurallara uymuyorsa biz neden uyal\u0131m gibi bir d\u00fc\u015f\u00fcnceye kap\u0131labilir. Bu durum, adalet a\u00e7\u0131s\u0131ndan olduk\u00e7a risklidir.\u2019\u2019 dedi.<\/p>\n<p>Yasaklara Uymayan Bir Bakan\u0131 Hi\u00e7 Kimse Ciddiye Almaz<\/p>\n<p>Gariban vatanda\u015flara ac\u0131madan ceza kesilirken, trollerin sokaklarda \u015fov i\u00e7in ba\u011f\u0131rd\u0131\u011f\u0131n\u0131 ve bu isimlere hukukun i\u015flemedi\u011fini ifade eden CHP\u2019li Ba\u015far\u0131r: \u2018\u2019Karton toplayana ceza yazan, eczanede maske-mesafe kavram\u0131na uyarak oturanlara ceza yazan, hastaneye gidiyorum diyenlere ceza yazan, evinden uzak markete gidene ceza yazan, paras\u0131zl\u0131ktan i\u015f yerini a\u00e7an esnafa ceza yazan \u0130\u00e7i\u015fleri Bakan\u0131, soka\u011fa \u00e7\u0131kma yasa\u011f\u0131n\u0131n oldu\u011fu bir zaman diliminde kendi i\u00e7in tezah\u00fcrat yapanlara ceza yazam\u0131yor, i\u015flem ba\u015flatam\u0131yor ve aksine \u2018Aya\u011f\u0131n\u0131za sa\u011fl\u0131k\u2019 diyebiliyorsa fiilen bir \u0130\u00e7i\u015fleri Bakanl\u0131\u011f\u0131 yapm\u0131yor demektir. Kurallara uymayan bir bakan\u0131, hi\u00e7bir vatanda\u015f ciddiye almaz. \u2018\u2019 s\u00f6zlerine yer verdi.<\/p>\n","protected":false},"excerpt":{"rendered":"<p>CHP Mersin Milletvekili ve Parti Meclisi \u00dcyesi Ali Mahir Ba\u015far\u0131r, \u0130\u00e7i\u015fleri Bakan\u0131 S\u00fcleyman Soylu\u2019nun yan\u0131tlamas\u0131 istemiyle Meclis Ba\u015fkanl\u0131\u011f\u0131na yaz\u0131l\u0131 soru \u00f6nergesi verdi. Ger\u00e7ek Bir \u0130\u00e7i\u015fleri Bakan\u0131 Olsa Cezai M\u00fceyyidesi Var &hellip; <a href=\"https:\/\/akdenizolaygazetesi.com\/?p=12522\" class=\"more-link\">Devam\u0131n\u0131 Oku&#8230;<\/a><\/p>\n","protected":false},"author":2,"featured_media":12523,"comment_status":"open","ping_status":"open","sticky":false,"template":"","format":"standard","meta":[],"categories":[1,3,5,6],"tags":[],"_links":{"self":[{"href":"https:\/\/akdenizolaygazetesi.com\/index.php?rest_route=\/wp\/v2\/posts\/12522"}],"collection":[{"href":"https:\/\/akdenizolaygazetesi.com\/index.php?rest_route=\/wp\/v2\/posts"}],"about":[{"href":"https:\/\/akdenizolaygazetesi.com\/index.php?rest_route=\/wp\/v2\/types\/post"}],"author":[{"embeddable":true,"href":"https:\/\/akdenizolaygazetesi.com\/index.php?rest_route=\/wp\/v2\/users\/2"}],"replies":[{"embeddable":true,"href":"https:\/\/akdenizolaygazetesi.com\/index.php?rest_route=%2Fwp%2Fv2%2Fcomments&post=12522"}],"version-history":[{"count":2,"href":"https:\/\/akdenizolaygazetesi.com\/index.php?rest_route=\/wp\/v2\/posts\/12522\/revisions"}],"predecessor-version":[{"id":12525,"href":"https:\/\/akdenizolaygazetesi.com\/index.php?rest_route=\/wp\/v2\/posts\/12522\/revisions\/12525"}],"wp:featuredmedia":[{"embeddable":true,"href":"https:\/\/akdenizolaygazetesi.com\/index.php?rest_route=\/wp\/v2\/media\/12523"}],"wp:attachment":[{"href":"https:\/\/akdenizolaygazetesi.com\/index.php?rest_route=%2Fwp%2Fv2%2Fmedia&parent=12522"}],"wp:term":[{"taxonomy":"category","embeddable":true,"href":"https:\/\/akdenizolaygazetesi.com\/index.php?rest_route=%2Fwp%2Fv2%2Fcategories&post=12522"},{"taxonomy":"post_tag","embeddable":true,"href":"https:\/\/akdenizolaygazetesi.com\/index.php?rest_route=%2Fwp%2Fv2%2Ftags&post=12522"}],"curies":[{"name":"wp","href":"https:\/\/api.w.org\/{rel}","templated":true}]}}