{"id":12526,"date":"2021-05-25T11:56:00","date_gmt":"2021-05-25T08:56:00","guid":{"rendered":"http:\/\/akdenizolaygazetesi.com\/?p=12526"},"modified":"2021-05-25T11:56:08","modified_gmt":"2021-05-25T08:56:08","slug":"gelin-ankaraya-cikarma-yapalim-ulastirma-bakanligi-bir-an-once-ana-konteynir-limanimizi-yapsin","status":"publish","type":"post","link":"https:\/\/akdenizolaygazetesi.com\/?p=12526","title":{"rendered":"\u201cGEL\u0130N ANKARA\u2019YA \u00c7IKARMA YAPALIM. ULA\u015eTIRMA BAKANLI\u011eI B\u0130R AN \u00d6NCE ANA KONTEYNIR L\u0130MANIMIZI YAPSIN\u201d"},"content":{"rendered":"<p>Mersin B\u00fcy\u00fck\u015fehir Belediye Meclisi\u2019nin 2021 y\u0131l\u0131 May\u0131s Ay\u0131 1. Birle\u015fimi, B\u00fcy\u00fck\u015fehir Belediye Ba\u015fkan\u0131 Vahap Se\u00e7er ba\u015fkanl\u0131\u011f\u0131nda yap\u0131ld\u0131. Ba\u015fkan Se\u00e7er\u2019in Meclis g\u00fcndemine ta\u015f\u0131d\u0131\u011f\u0131 \u00f6nemli konulardan biri Mersin Liman\u0131\u2019n\u0131n geni\u015flemesi konusu oldu. Ba\u015fkan Se\u00e7er, \u201cBen buradan Meclisime, kamuoyuna bir \u00e7a\u011fr\u0131da bulunmak istiyorum; gelin Ankara\u2019ya \u00e7\u0131karma yapal\u0131m hep beraber. Bize Ula\u015ft\u0131rma Bakanl\u0131\u011f\u0131 bir an \u00f6nce ana konteyn\u0131r liman\u0131m\u0131z\u0131 yaps\u0131n\u201d dedi.<\/p>\n<p>Ba\u015fkan Se\u00e7er, Mersin Liman\u0131\u2019n\u0131n geni\u015flemesine y\u00f6nelik \u00e7al\u0131\u015fmalar\u0131n yasal olarak durmas\u0131 gerekti\u011fini ifade ederek, s\u00fcreci \u015fu s\u00f6zlerle anlatt\u0131:<\/p>\n<p>\u201cToplamda 190 bin 385 metrekarelik Atat\u00fcrk Park\u0131 y\u00f6n\u00fcnde dolgu yap\u0131lmas\u0131, imar plan\u0131nda de\u011fi\u015fiklikler \u00c7evre ve \u015eehircilik Bakanl\u0131\u011f\u0131\u2019nca onanm\u0131\u015ft\u0131 ama biz burada Meclis olarak olumsuz g\u00f6r\u00fc\u015f vermi\u015ftik. Buna ra\u011fmen temel at\u0131ld\u0131, in\u015faat ba\u015flad\u0131. \u015eu anda yasal olarak in\u015faat\u0131n durmas\u0131 laz\u0131m. Ne durumdad\u0131r merak ediyorum. Biz Mersin B\u00fcy\u00fck\u015fehir Belediyesi olarak bunun uygun olmayaca\u011f\u0131n\u0131; zaten Meclis karar\u0131yla da bu sabit; t\u00fcm kamuoyuyla payla\u015ft\u0131k. Bu konuda gerekli mercilere, gerekli g\u00f6r\u00fc\u015fleri aktard\u0131k ancak bir netice alamad\u0131k. Hatta Meclis\u2019ten \u015fu sesler y\u00fckselmi\u015fti; \u2018her \u015fey olmu\u015f bitmi\u015f neyin \u00e7abas\u0131 i\u00e7erisindeyiz?\u2019. \u2018Berlin\u2019de hakimler var.\u2019 Bu \u00e7ok \u00fcnl\u00fc bir s\u00f6zd\u00fcr. T\u00fcrkiye\u2019de de hakimler var. Biz Mersin B\u00fcy\u00fck\u015fehir Belediyesi olarak bunu yarg\u0131ya ta\u015f\u0131d\u0131k. Ben idareyim. \u015eehircilik Bakanl\u0131\u011f\u0131 da idare. \u0130darenin i\u015flem ve eylemlerine kar\u015f\u0131 yarg\u0131 yolu a\u00e7\u0131kt\u0131r. Ben bir anayasal hak kullan\u0131yorum ve 22 Haziran 2020 tarihinde \u00c7ED raporuna dava a\u00e7t\u0131k.  Davaya liman\u0131n sahibi T\u00fcrkiye Cumhuriyeti Devlet Demir Yollar\u0131 ile liman\u0131n \u015fu anda i\u015fletmecisi de dahil oldu. Yani MIP.\u201d<\/p>\n<p>\u201cBiz \u00f6zelle\u015ftirme yaparken bu liman\u0131n i\u00e7ini kiraya verdik, Mersin\u2019in hol\u00fcn\u00fc, Mersin\u2019in giri\u015fini, koridorunu kiraya vermedik\u201d<\/p>\n<p>Dava s\u00fcrecinde haz\u0131rlanan bilirki\u015fi raporunu Meclis \u00fcyeleri ile payla\u015fan Ba\u015fkan Se\u00e7er, \u201cRaporda dava konusu planlar\u0131n \u00fcst \u00f6l\u00e7ekli planlarla uyumsuz oldu\u011fu, liman mendire\u011finin g\u00fcneyinde liman geni\u015flemesi i\u00e7in daha uygun alanlar oldu\u011fu tespitleri yer ald\u0131. Mersin 2. \u0130dare Mahkemesi 29 Nisan 2021 tarihinde kamuoyu a\u00e7\u0131s\u0131ndan \u00f6nemli bir karar\u0131n alt\u0131na imza att\u0131 ve mahkeme heyeti bilirki\u015fi raporuyla h\u00fck\u00fcm kurdu ve 1\/1000\u2019lik ve 1\/5000\u2019lik imar plan\u0131 de\u011fi\u015fikli\u011fi kararlar\u0131 hakk\u0131nda y\u00fcr\u00fctmeyi durdurma karar\u0131 verildi. Bu \u00f6nemlidir. Bizim ortaya koydu\u011fumuz arg\u00fcmanlar\u0131n, yani neden bunun yanl\u0131\u015f oldu\u011funu izah ederken ortaya koydu\u011fumuz iddialar\u0131n tamam\u0131 ama tamam\u0131 mahkemenin gerek\u00e7esinde var. Demi\u015f ki kararda; \u2018Bilirki\u015fi raporunda yer alan liman\u0131n geni\u015flemesinin D-400 karayolunda yarataca\u011f\u0131 trafik dikkate al\u0131nmam\u0131\u015ft\u0131r.\u2019 Bunu biz de s\u00f6yledik. \u015eu anda da ayn\u0131 uygulama devam ediyor. Tekrar s\u00f6yl\u00fcyorum, bu yap\u0131lan do\u011fru de\u011fildir. O caddenin liman\u0131n bir kullan\u0131m alan\u0131 gibi t\u0131rlar\u0131n, kamyonlar\u0131n park alan\u0131 olarak kullan\u0131lmas\u0131 yanl\u0131\u015ft\u0131r. Buna kim izin veriyorsa, hangi kurum izin veriyorsa buradan Mersin halk\u0131 ad\u0131na uyar\u0131yorum, yanl\u0131\u015f yap\u0131yorsunuz. Sizin i\u00e7in Mersin halk\u0131n\u0131n menfaatleri \u00f6nemli olmal\u0131. Limanm\u0131\u015f, bize vergi veriyormu\u015f. Benim i\u00e7in liman \u00f6nemli, i\u00e7indeki de\u011fil. Biz T\u00fcrk halk\u0131 olarak \u00f6zelle\u015ftirme yaparken bu liman\u0131n i\u00e7ini kiraya verdik, Mersin\u2019in hol\u00fcn\u00fc, Mersin\u2019in giri\u015fini, koridorunu kiraya vermedik bir kez daha uyar\u0131yorum buradan\u201d dedi.<\/p>\n<p>Mahkemenin \u00e7evre d\u00fczeni plan\u0131nda ve belediyenin yapt\u0131rd\u0131\u011f\u0131 mevcut 1\/5000\u2019lik planda liman geni\u015fleme alan\u0131 olarak serbest b\u00f6lgenin g\u00fcneyinin g\u00f6sterildi\u011fini an\u0131msatan Se\u00e7er, \u015f\u00f6yle devam etti:<\/p>\n<p>\u201cYani yine ba\u015fa d\u00f6nd\u00fck. \u00c7\u00fcnk\u00fc plan\u0131 yap\u0131lm\u0131\u015f daha \u00f6nce. Orada trafi\u011fi aksatmayacak, mevcut yap\u0131lan geni\u015fleme \u00e7al\u0131\u015fmalar\u0131nda elde edilecek kapasitenin yakla\u015f\u0131k olarak 5 kat\u0131, 6 kat\u0131 daha b\u00fcy\u00fck bir liman yapabiliriz, ana konteyn\u0131r liman\u0131. Ona i\u015faret ediyor. \u2018Orada zaten uygun bir yer var\u2019 diyor. Ayr\u0131ca diyor; \u2018Atat\u00fcrk Park\u0131 ve devam\u0131ndaki K\u00fclt\u00fcr Park\u0131\u2019n\u0131n Mersin\u2019in karakteristik \u00f6zelli\u011fini yans\u0131tt\u0131\u011f\u0131, Atat\u00fcrk Park\u0131\u2019n\u0131n tarihi kent merkezi ile b\u00fct\u00fcnle\u015fti\u011fine dikkat \u00e7ekildi. Mahkeme karar\u0131nda salg\u0131n d\u00f6neminde Atat\u00fcrk Park\u0131 gibi kent parklar\u0131n\u0131n \u00f6neminin artt\u0131\u011f\u0131n\u0131 ifade etmi\u015f bilirki\u015fi raporunda. Kararda, liman geni\u015fleme projesinin do\u011frudan Atat\u00fcrk Park\u0131\u2019yla temas etmese de liman faaliyetlerinin Atat\u00fcrk Park\u0131 \u00f6nlerine do\u011fru geni\u015fleyece\u011fi, manevra ve yana\u015fma alanlar\u0131 ile depolama alanlar\u0131 olu\u015fturaca\u011f\u0131, bunun da Atat\u00fcrk Park\u0131 ile yeni yap\u0131lan Millet Bah\u00e7esi\u2019nin ve tarihi kent merkezinin denizle ili\u015fkisini kesece\u011fini vurgulam\u0131\u015f. Mahkeme karar\u0131nda bunlar yer al\u0131yor. Takdir sizin. Ben Vahap Se\u00e7er olarak, Mersin B\u00fcy\u00fck\u015fehir Belediye Ba\u015fkan\u0131 olarak Mersin\u2019e sahip \u00e7\u0131kmak zorunday\u0131m. Bunu yaparken yasal \u00e7er\u00e7evede yapar\u0131m, halkla yapar\u0131m, Meclisimle yapar\u0131m. Benim g\u00fcc\u00fcm\u00fc nereden ald\u0131\u011f\u0131m belli. Ben kimseden talimat almam. Ben atamayla gelmedim. Beni millet se\u00e7ti. Ben milletten talimat al\u0131r\u0131m. Sizler de \u00f6yle. Sizler de milletten talimat alacaks\u0131n\u0131z. Buna halk da kar\u015f\u0131 \u00e7\u0131k\u0131yor, Meclis \u00e7o\u011funlu\u011fu da. Oy birli\u011fiyle ge\u00e7mesini isterdim oy \u00e7oklu\u011fuyla ge\u00e7ti. Bunun yanl\u0131\u015f oldu\u011funu s\u00f6yl\u00fcyor. Buraya yak\u0131\u015fan\u0131n ikinci bir liman ya da daha do\u011fru bir tabirle ana konteyn\u0131r liman\u0131 oldu\u011funu s\u00f6ylemeye \u00e7al\u0131\u015f\u0131yoruz.\u201d<\/p>\n<p>\u201cGelin Ankara\u2019ya \u00e7\u0131karma yapal\u0131m hep beraber\u201d<\/p>\n<p>T\u00fcrkiye genelinde be\u015finci, alt\u0131nc\u0131 s\u0131rada vergi \u00f6deyen Mersin\u2019in, merkezi y\u00f6netimden istedi\u011fi katk\u0131y\u0131 alamad\u0131\u011f\u0131n\u0131 vurgulayan Se\u00e7er, \u201cOrada T\u00dc\u0130K\u2019in baz\u0131 de\u011ferlendirmeleri var. Oradan bak\u0131n 20 ka\u00e7\u0131nc\u0131 s\u0131rada oldu\u011funu g\u00f6r\u00fcrs\u00fcn\u00fcz. Ben buradan Meclisime, kamuoyuna bir \u00e7a\u011fr\u0131da bulunmak istiyorum; gelin Ankara\u2019ya \u00e7\u0131karma yapal\u0131m hep beraber. Odalar\u0131 alal\u0131m, temsilcileri alal\u0131m, Meclis \u00fcyelerimiz, parti temsilcilerimiz; bize Ula\u015ft\u0131rma Bakanl\u0131\u011f\u0131 bir an \u00f6nce ana konteyn\u0131r liman\u0131m\u0131z\u0131 yaps\u0131n. 11. Kalk\u0131nma Plan\u0131\u2019nda var, 10. Kalk\u0131nma Plan\u0131\u2019nda var, 9. Kalk\u0131nma Plan\u0131\u2019nda var. Ger\u00e7i 12. Kalk\u0131nma Plan\u0131\u2019nda Do\u011fu Akdeniz olarak de\u011fi\u015ftirildi, Mersin, Do\u011fu Akdeniz\u2019e d\u00f6n\u00fc\u015ft\u00fc. Zaten kalk\u0131nma plan\u0131m\u0131zda da var. Zaten daha \u00f6nce planlara da i\u015faretleni\u015f her \u015fey tamam, yol ba\u011flant\u0131lar\u0131 bile her \u015feyi belli. Kula\u011f\u0131m\u0131z\u0131 niye tersten tutuyoruz. Niye Mersin\u2019e vakit kaybettiriyoruz\u201d diye konu\u015ftu.<\/p>\n<p>Ba\u015fkan Se\u00e7er, 17 g\u00fcnl\u00fck tam kapanmada yap\u0131lan hizmetleri anlatt\u0131<\/p>\n<p>Ba\u015fkan Se\u00e7er, Meclis\u2019te g\u00fcndem maddelerine ge\u00e7meden \u00f6nce dilek ve temenniler b\u00f6l\u00fcm\u00fcnde 17 g\u00fcnl\u00fck tam kapanma s\u00fcrecinde hayata ge\u00e7irdikleri hizmetleri anlatt\u0131. Akdeniz, Tarsus, Erdemli, Toroslar, Yeni\u015fehir ve Mezitli\u2019de kapanma s\u00fcresi boyunca biten, ba\u015flayan ve devam eden k\u00f6pr\u00fc, kald\u0131r\u0131m, yol yap\u0131m, bak\u0131m ve onar\u0131m \u00e7al\u0131\u015fmalar\u0131n\u0131 Meclis \u00fcyeleri ile payla\u015fan Se\u00e7er, \u201c17 g\u00fcnl\u00fck tam kapanma s\u00fcresi boyunca B\u00fcy\u00fck\u015fehir Belediyesi olarak Mersinli hem\u015ferilerimize hizmet etme \u00e7abas\u0131 i\u00e7erisinde olduk. G\u00fcnl\u00fck 10 bin vatanda\u015f\u0131m\u0131za s\u0131cak yeme\u011fi evlerine kadar ula\u015ft\u0131rd\u0131k. 38 noktada, 155 ara\u00e7, i\u015f makinas\u0131 ve 427 personelle yol yap\u0131m \u00e7al\u0131\u015fmalar\u0131 ger\u00e7ekle\u015ftirdik. 17 g\u00fcnl\u00fck k\u0131s\u0131tlamalarda 62 mahallede bu \u00e7al\u0131\u015fmalar\u0131 s\u00fcrd\u00fcrd\u00fck. Sar\u0131ibrahimli, Evci yolu, Ba\u011flarba\u015f\u0131 DS\u0130 kanal \u00fczerine k\u00f6pr\u00fc projesini bu s\u00fcre\u00e7 i\u00e7erisinde tamamlad\u0131k. Yol trafi\u011fe a\u00e7\u0131ld\u0131. Bu k\u00f6pr\u00fc \u00fcreticinin de nakliyecinin de \u00f6nemli bir ula\u015f\u0131m sorununu \u00e7\u00f6z\u00fcme kavu\u015fturdu. Limonlu Lamas k\u00f6pr\u00fcs\u00fcnde yol ve k\u00f6pr\u00fc \u00e7al\u0131\u015fmalar\u0131 devam ediyor. Erdemli\u2019de Mergin k\u00f6pr\u00fcs\u00fcn\u00fcn k\u00f6pr\u00fc yap\u0131m \u00e7al\u0131\u015fmas\u0131 bitti, asfalt kaplamas\u0131 bir haftaya kalmaz tamamlanacak. Servis yollar\u0131yla beraber Allah izin verirse \u00f6n\u00fcm\u00fczdeki g\u00fcnlerde vatanda\u015flar\u0131m\u0131z\u0131n hizmetine a\u00e7m\u0131\u015f olaca\u011f\u0131z. Erdemli\u2019li hem\u015ferilerimizin de uzun y\u0131llard\u0131r bekledi\u011fi bir \u00e7al\u0131\u015fmayd\u0131. Bunu tamamlamak bize nasip oldu\u201d dedi.<\/p>\n<p>\u201cEngelsiz Ya\u015fam Park\u0131 Haziran ay\u0131nda hizmet vermeye ba\u015flayacak\u201d<\/p>\n<p>10-16 May\u0131s Engelliler Haftas\u0131\u2019n\u0131n ge\u00e7ti\u011fini ve \u00f6zel gereksininimli bireyler i\u00e7in \u00f6n\u00fcm\u00fczdeki g\u00fcnlerde ak\u00fcl\u00fc ara\u00e7 da\u011f\u0131t\u0131m\u0131 olaca\u011f\u0131n\u0131 ifade eden Se\u00e7er, Engelsiz Ya\u015fam Park\u0131\u2019n\u0131n hizmete girece\u011fini s\u00f6yledi. Ba\u015fkan Se\u00e7er, \u201cMersin\u2019de engellinin yararlanaca\u011f\u0131 ve a\u00e7\u0131k alan bulunan bir tesis yoktu. En az\u0131ndan belediyemizin hizmet verdi\u011fi. Bu amaca hizmet vermesi i\u00e7in Engelsiz Ya\u015fam Park\u0131\u2019n\u0131 kentimize kazand\u0131rd\u0131k. Yeni\u015fehir Belediye Ba\u015fkan\u0131m\u0131z\u2019a da te\u015fekk\u00fcr ediyorum, yer tahsisini yapt\u0131. \u0130n\u015faat\u0131 bitti ancak pandemiden dolay\u0131 biraz hizmete ge\u00e7 a\u00e7mak zorunda kald\u0131k. Haziran ay\u0131 ba\u015f\u0131ndan itibaren de orada ailelerimize hizmet ba\u015flayacak. Bizden yo\u011fun bir ak\u00fcl\u00fc engelli arac\u0131 talebi oluyor. Biz de bu talepleri tabii ki yapt\u0131\u011f\u0131m\u0131z uygunluk \u00e7al\u0131\u015fmas\u0131 neticesinde de\u011ferlendiriyoruz. \u0130mkanlar\u0131m\u0131z\u0131 da azami kullan\u0131yoruz. Hay\u0131rsever ba\u011f\u0131\u015f yapan vatanda\u015flar\u0131m\u0131z da oluyor. Onlara da buradan te\u015fekk\u00fcr ediyorum. \u00d6n\u00fcm\u00fczdeki hafta engelli yurtta\u015flar\u0131m\u0131z\u0131n taleplerini ger\u00e7ekle\u015ftirip da\u011f\u0131t\u0131mlar\u0131n\u0131 yapaca\u011f\u0131z\u201d diye konu\u015ftu.<\/p>\n<p>\u201c33 yeni otob\u00fcs\u00fcm\u00fcz yeni hatlarda seferlere ba\u015flam\u0131\u015f olacak\u201d<\/p>\n<p>B\u00fcy\u00fck\u015fehir Belediyesi olarak al\u0131m\u0131n\u0131 ger\u00e7ekle\u015ftirdikleri ve Mersinliler\u2019e hizmet vermeye ba\u015flayan Sar\u0131 Limonlar hakk\u0131nda bilgi veren Ba\u015fkan Se\u00e7er, \u201c22 Nisan\u2019da 30 adet 12 metre solo limon otob\u00fcsleri hizmete sunmu\u015ftuk. \u0130kinci parti olan 33 yine 12 metrelik solo otob\u00fcsleri teslim ald\u0131k. \u015eu anda otoparkta. Ruhsat ve plaka \u00e7al\u0131\u015fmalar\u0131 s\u00fcratle tamamlan\u0131yor. San\u0131yorum yar\u0131n devreye girecek. 33 yeni otob\u00fcs\u00fcm\u00fcz  yeni hatlara, Mersinlilerimiz\u2019e hizmet etmek \u00fczere seferlere ba\u015flam\u0131\u015f olacak. 10 k\u00f6r\u00fckl\u00fc otob\u00fcs\u00fcm\u00fcz de 31 May\u0131s\u2019ta teslim al\u0131nacak. K\u00f6r\u00fckl\u00fc limonlar da 1 Haziran itibari ile Mersinliler\u2019e hizmet etmeye ba\u015flam\u0131\u015f olacak. Yine otob\u00fcs fiyatlar\u0131nda art\u0131\u015f sebepli bir i\u015f art\u0131\u015f\u0131 yapm\u0131\u015ft\u0131m bu ihalede. 14 ilave otob\u00fcs eklemi\u015ftik. 12 adet 12 metrelik solo. \u0130ki adet de k\u00f6r\u00fckl\u00fc otob\u00fcs. O da Eyl\u00fcl ay\u0131 i\u00e7erisinde bizlere teslim edilecek. Toplamda 87\u2019si CNG\u2019li yeni limon Mersinliler\u2019e Eyl\u00fcl ay\u0131na kadar hizmet vermi\u015f olacak\u201d dedi.<\/p>\n<p>\u201cBu imzalar bir an \u00f6nce at\u0131ls\u0131n ve kredi geri gitmeden belediyemiz otob\u00fcslere sahip olsun\u201d<\/p>\n<p>Ba\u015fkan Se\u00e7er, \u00f6zelliklerini anlatt\u0131\u011f\u0131 \u00e7evre dostu Sar\u0131 Limonlar\u2019\u0131n sa\u011flayaca\u011f\u0131 yak\u0131t tasarrufunu \u201c87 otob\u00fcs\u00fcn y\u0131lda bize 10 milyon lira gibi bir yak\u0131t tasarrufu var\u201d s\u00f6zleriyle \u00f6zetlerken, yeni al\u0131mlar yapacaklar\u0131n\u0131 vurgulad\u0131. Se\u00e7er, al\u0131nacak yeni otob\u00fcslerle ilgili IBRD kredisinin onaylanmas\u0131 i\u00e7in Cumhur \u0130ttifak\u0131 \u00fcyelerinin deste\u011fini bekledi\u011fini ifade ederek, \u015funlar\u0131 s\u00f6yledi:<\/p>\n<p>\u201cBurada \u00f6nemli bir ayr\u0131nt\u0131 var. Bunu \u00e7ok dile getiriyorum ama getirmek zorunday\u0131m. Sizlerin de deste\u011fiyle 22 milyon avroluk IBRD kredisini hen\u00fcz kullanm\u0131\u015f de\u011filiz. Sadece Cumhurba\u015fkanl\u0131\u011f\u0131\u2019nda ve Hazine\u2019de bir imzaya kald\u0131. 22 milyon Avroluk IBRD; yani Uluslararas\u0131 \u0130mar ve Kalk\u0131nma Bankas\u0131\u2019n\u0131n 7 milyon hibeli. 22 milyon kredi al\u0131yoruz, 7 milyon hibeli. Bunun faiz giderleri 3 milyon Avro. 22 al\u0131p 18 \u00f6deyece\u011fiz; iki y\u0131l \u00f6demeyece\u011fiz. \u00dczerine 8 y\u0131l \u00f6deyece\u011fiz. Yani toplamda 10 y\u0131lda bu para geri d\u00f6necek. Cumhur \u0130ttifak\u0131 \u00fcyelerine de rica ediyorum. Ba\u015fta grup s\u00f6zc\u00fcm\u00fcze. Ankara\u2019da bu konuda Mersin B\u00fcy\u00fck\u015fehir Belediyemize l\u00fctfen yard\u0131mc\u0131 olunuz. Bu imzalar bir an \u00f6nce at\u0131ls\u0131n ve bu kredi geri gitmeden belediyemiz bu otob\u00fcslere sahip olsun. Netice itibari ile bundan da Mersin halk\u0131 kazans\u0131n. \u00c7\u00fcnk\u00fc o tutarla biz yakla\u015f\u0131k olarak 100-110 civar\u0131nda yeni otob\u00fcs alaca\u011f\u0131z. Bunu bor\u00e7lanmada da ya\u015fad\u0131m. O zaman de\u011ferli Meclis \u00fcyelerimize anlatmaya \u00e7al\u0131\u015ft\u0131m. \u00c7ok uygun ko\u015fullarda para kullanabiliyorduk. Finansman giderleri \u015fimdikinin %50 nispetinde daha d\u00fc\u015f\u00fckt\u00fc. Biz bu otob\u00fcsleri iyi bir zamanlamayla toplamda 24 ayda 152 milyon TL\u2019ye ald\u0131k. 24 ayda \u00f6deyece\u011fiz. Otob\u00fcsler teslim edildi 30 tane. Hak edi\u015f yap\u0131l\u0131yor 24 aya b\u00f6l\u00fcn\u00fcyor. 33 tane geldi, hak edi\u015f yap\u0131l\u0131yor 24 aya b\u00f6l\u00fcn\u00fcyor. Eyl\u00fcl\u2019de gelecek her biri 24 ay vadeye yay\u0131lacak. 152 milyon TL para \u00f6deyece\u011fiz. Biz \u015fu anda yine otob\u00fcs al\u0131m\u0131na \u00e7\u0131kaca\u011f\u0131z. Ben bu otob\u00fcslere ayn\u0131 ko\u015fullarda alsam 255 milyon TL para \u00f6demem laz\u0131m. Ara\u015ft\u0131rabilirsiniz. Otob\u00fcs\u00fcn markas\u0131, modeli, tipi, standard\u0131 belli. Bak\u0131n y\u00fcce Meclisten ben bunu ge\u00e7ireli yakla\u015f\u0131k 7 ay oldu. IBRD imza bekliyor paray\u0131 serbest b\u0131rakmak i\u00e7in. Ben bunu bu fiyat dalgalanmalar\u0131 olmadan iadesini yapm\u0131\u015ft\u0131m ve o parayla belki de bug\u00fcn alaca\u011f\u0131m\u0131n \u00e7ok \u00fczerinde bir adet otob\u00fcse sahip olacakt\u0131m. Dolay\u0131s\u0131yla yapt\u0131\u011f\u0131m\u0131z i\u015flerde zamanlama \u00e7ok \u00f6nemli. Do\u011fru zamanda, do\u011fru mecrada, do\u011fru kararlarla i\u015f yapmam\u0131z belediyemize, kentimize de\u011fer kat\u0131yor.\u201d<\/p>\n<p>A\u00e7\u0131lacak yeni hatlar\u0131n bilgilerini tek tek anlatan, \u00e7al\u0131\u015fmalar\u0131n bilimsel tekniklerle yap\u0131ld\u0131\u011f\u0131n\u0131 ifade eden Ba\u015fkan Se\u00e7er, \u201cUla\u015f\u0131mda; \u2018muhtar arad\u0131, partili arad\u0131 rica etti\u2019 meselesi de\u011fil. Teknik olarak bunu analiz etmek laz\u0131m. Biz \u00e7al\u0131\u015fmalar\u0131m\u0131z\u0131 bu y\u00f6nde yapt\u0131k. Yeni hatlar\u0131m\u0131z\u0131, g\u00fczergahlar\u0131m\u0131z\u0131, hatlar\u0131m\u0131zdaki ara\u00e7 say\u0131lar\u0131m\u0131z\u0131 tamamen bu reel, bilimsel kriterlere g\u00f6re haz\u0131rlad\u0131k\u201d dedi.<\/p>\n<p>B\u00fcy\u00fck\u015fehir Belediyesi taraf\u0131ndan hayata ge\u00e7irilen ak\u0131ll\u0131 duraklar, yap\u0131m\u0131 s\u00fcren otob\u00fcs yerle\u015fkesi, Ak\u0131ll\u0131 Ula\u015f\u0131m Sistemi ve Teksin Alo 185 uygulamalar\u0131 hakk\u0131nda da detayl\u0131 bilgiler veren Ba\u015fkan Se\u00e7er, \u201cVatanda\u015flar\u0131m\u0131z ulasim.mersin.bel.tr adresinden ya da mobil uygulamayla otob\u00fcs\u00fcn ne zaman gelece\u011fini, otob\u00fcs\u00fcn o andaki konumunu, taksiyle gitmeyi tercih ederlerse taksi \u00fccretinin hesaplanmas\u0131 gibi bir\u00e7ok \u00f6zelli\u011fi telefonlara bu uygulamay\u0131 indirerek telefon \u00fczerinden art\u0131k g\u00f6rme imkanlar\u0131 var. TEKS\u0130N ALO 185 hatt\u0131n\u0131n tan\u0131t\u0131m\u0131n\u0131 \u00f6n\u00fcm\u00fczdeki g\u00fcnlerde yapaca\u011f\u0131z. O da telefonlara indirilebiliyor. \u015eu anda bile indirebilirsiniz. Baz\u0131 r\u00f6tu\u015flar yap\u0131yoruz.  B\u00fct\u00fcn \u015fikayetlerinizi, dileklerinizi, otob\u00fcs saatlerinizi, g\u00fczergahlar\u0131n mesafesini, oraya taksiyle gitmeniz halindeki \u00f6deyece\u011finiz bedeli, \u00f6deyece\u011finiz faturay\u0131, akl\u0131n\u0131za belediye ile ilgili ne geliyorsa; bana g\u00f6nderece\u011finiz \u015fikayeti, \u00f6neriyi, te\u015fekk\u00fcr\u00fc oradan TEKS\u0130N uygulamas\u0131yla yapabilirsiniz\u201d diye konu\u015ftu.<\/p>\n<p>\u201cMersin 33 Kart Mod\u00fcl\u00fc\u2019n\u00fc de yeni devreye alaca\u011f\u0131z\u201d<\/p>\n<p>Se\u00e7er, yeni devreye al\u0131nacak Mersin 33 Kart Mod\u00fcl\u00fc\u2019n\u00fc de anlatarak, \u201cAyr\u0131ca Mersin 33 Kart Mod\u00fcl\u00fc\u2019n\u00fc de yeni devreye alaca\u011f\u0131z. Daha \u00f6nce farkl\u0131 sistemler vard\u0131. Bu mod\u00fcl \u00fczerinden de toplu ta\u015f\u0131ma ula\u015f\u0131m kart\u0131na online ba\u015fvuru yap\u0131labiliyor. \u015eimdi Kent Kart uygulamas\u0131 var. Onlar ihaleyle daha \u00f6nce \u00e7\u0131k\u0131lm\u0131\u015f, \u00f6zel \u015firketlerin hizmeti sat\u0131n al\u0131nm\u0131\u015f ama biz bu uygulamalar\u0131 de\u011fi\u015ftiriyoruz yeni uygulamalara ba\u015fl\u0131yoruz. 600 adet yeni durak, 51 adet ak\u0131ll\u0131 durak yapt\u0131k. Yenilerinin de bu y\u0131l i\u00e7erisinde yap\u0131m\u0131 s\u00fcrd\u00fcr\u00fcl\u00fcyor\u201d dedi.<\/p>\n","protected":false},"excerpt":{"rendered":"<p>Mersin B\u00fcy\u00fck\u015fehir Belediye Meclisi\u2019nin 2021 y\u0131l\u0131 May\u0131s Ay\u0131 1. Birle\u015fimi, B\u00fcy\u00fck\u015fehir Belediye Ba\u015fkan\u0131 Vahap Se\u00e7er ba\u015fkanl\u0131\u011f\u0131nda yap\u0131ld\u0131. Ba\u015fkan Se\u00e7er\u2019in Meclis g\u00fcndemine ta\u015f\u0131d\u0131\u011f\u0131 \u00f6nemli konulardan biri Mersin Liman\u0131\u2019n\u0131n geni\u015flemesi konusu oldu. &hellip; <a href=\"https:\/\/akdenizolaygazetesi.com\/?p=12526\" class=\"more-link\">Devam\u0131n\u0131 Oku&#8230;<\/a><\/p>\n","protected":false},"author":2,"featured_media":12527,"comment_status":"open","ping_status":"open","sticky":false,"template":"","format":"standard","meta":[],"categories":[8,1,2,3,5,6],"tags":[],"_links":{"self":[{"href":"https:\/\/akdenizolaygazetesi.com\/index.php?rest_route=\/wp\/v2\/posts\/12526"}],"collection":[{"href":"https:\/\/akdenizolaygazetesi.com\/index.php?rest_route=\/wp\/v2\/posts"}],"about":[{"href":"https:\/\/akdenizolaygazetesi.com\/index.php?rest_route=\/wp\/v2\/types\/post"}],"author":[{"embeddable":true,"href":"https:\/\/akdenizolaygazetesi.com\/index.php?rest_route=\/wp\/v2\/users\/2"}],"replies":[{"embeddable":true,"href":"https:\/\/akdenizolaygazetesi.com\/index.php?rest_route=%2Fwp%2Fv2%2Fcomments&post=12526"}],"version-history":[{"count":1,"href":"https:\/\/akdenizolaygazetesi.com\/index.php?rest_route=\/wp\/v2\/posts\/12526\/revisions"}],"predecessor-version":[{"id":12528,"href":"https:\/\/akdenizolaygazetesi.com\/index.php?rest_route=\/wp\/v2\/posts\/12526\/revisions\/12528"}],"wp:featuredmedia":[{"embeddable":true,"href":"https:\/\/akdenizolaygazetesi.com\/index.php?rest_route=\/wp\/v2\/media\/12527"}],"wp:attachment":[{"href":"https:\/\/akdenizolaygazetesi.com\/index.php?rest_route=%2Fwp%2Fv2%2Fmedia&parent=12526"}],"wp:term":[{"taxonomy":"category","embeddable":true,"href":"https:\/\/akdenizolaygazetesi.com\/index.php?rest_route=%2Fwp%2Fv2%2Fcategories&post=12526"},{"taxonomy":"post_tag","embeddable":true,"href":"https:\/\/akdenizolaygazetesi.com\/index.php?rest_route=%2Fwp%2Fv2%2Ftags&post=12526"}],"curies":[{"name":"wp","href":"https:\/\/api.w.org\/{rel}","templated":true}]}}