{"id":12529,"date":"2021-05-25T11:57:31","date_gmt":"2021-05-25T08:57:31","guid":{"rendered":"http:\/\/akdenizolaygazetesi.com\/?p=12529"},"modified":"2021-05-25T11:57:38","modified_gmt":"2021-05-25T08:57:38","slug":"cevre-dostu-sari-limonlarin-ikinci-partisi-geldi","status":"publish","type":"post","link":"https:\/\/akdenizolaygazetesi.com\/?p=12529","title":{"rendered":"\u00c7EVRE DOSTU SARI L\u0130MONLAR\u2019IN \u0130K\u0130NC\u0130 PART\u0130S\u0130 GELD\u0130"},"content":{"rendered":"<p>Mersin B\u00fcy\u00fck\u015fehir Belediyesi\u2019nin toplu ta\u015f\u0131ma filosunu g\u00fc\u00e7lendirmek, vatanda\u015flar\u0131n h\u0131zl\u0131, ekonomik ve konforlu bir \u015fekilde seyahat edebilmesini sa\u011flamak amac\u0131yla al\u0131m\u0131n\u0131 ger\u00e7ekle\u015ftirdi\u011fi CNG\u2019li \u00e7evre dostu Sar\u0131 Limonlar\u2019\u0131n ikinci partisi de geldi.<\/p>\n<p>B\u00fcy\u00fck\u015fehir Belediyesi Ula\u015f\u0131m Dairesi Ba\u015fkanl\u0131\u011f\u0131\u2019n\u0131n b\u00fcnyesine kazand\u0131r\u0131lan CNG yak\u0131tl\u0131 87 yeni otob\u00fcs\u00fcn 30 ara\u00e7l\u0131k ilk partisinin ard\u0131ndan 33 ara\u00e7l\u0131k ikinci parti de kente ula\u015ft\u0131. Mersinli vatanda\u015flar\u0131n ula\u015f\u0131m\u0131n\u0131 rahatlatacak olan Sar\u0131 Limonlar, plaka ve tescil i\u015flemleri tamamland\u0131ktan sonra sefere ba\u015flayacak.<\/p>\n<p>Ba\u015fkan Se\u00e7er: \u201cBen toplu ta\u015f\u0131may\u0131 sosyal belediyecilik kapsam\u0131nda g\u00f6r\u00fcyorum\u201d<\/p>\n<p>Nisan ay\u0131n\u0131n sonunda gelen ilk partide ara\u00e7lar\u0131n test s\u00fcr\u00fc\u015f\u00fcn\u00fc Mersin B\u00fcy\u00fck\u015fehir Belediye Ba\u015fkan\u0131 Vahap Se\u00e7er yapm\u0131\u015ft\u0131. Se\u00e7er, t\u00f6rende yapt\u0131\u011f\u0131 konu\u015fmada, 87 arac\u0131n tamam\u0131n\u0131n Eyl\u00fcl ay\u0131na kadar gelece\u011fini belirtirken, \u201cBen toplu ta\u015f\u0131may\u0131 sosyal belediyecilik kapsam\u0131nda g\u00f6r\u00fcyorum. Toplu ta\u015f\u0131ma ticari bir faaliyet olarak g\u00f6r\u00fclmemeli. Bir Belediye Ba\u015fkan\u0131 olarak biz bunu bir hizmet olarak g\u00f6r\u00fcyoruz\u201d demi\u015fti. Se\u00e7er, ayr\u0131ca, Mersin i\u00e7in B\u00fcy\u00fck\u015fehir Belediyesi\u2019nin t\u00fcm birimlerinin her alanda b\u00fcy\u00fck bir gayretle \u00e7al\u0131\u015ft\u0131\u011f\u0131n\u0131 ifade ederek, \u201c\u0130yi \u015feyler yapmaya gayret ediyoruz ve iyi \u015feyler yap\u0131yoruz ama \u00e7ok daha iyisini yapmak istiyoruz. Halk\u0131m\u0131z\u0131n buna lay\u0131k oldu\u011funu d\u00fc\u015f\u00fcn\u00fcyoruz. Limonlar\u0131m\u0131z Mersin\u2019e hay\u0131rl\u0131 u\u011furlu olsun\u201d ifadelerine yer vermi\u015fti.<\/p>\n<p>\u015eube \u015eefi A\u00e7\u0131kba\u015f: \u201cBu hafta i\u00e7erisinde vatanda\u015flar\u0131m\u0131za hizmet vermeye ba\u015flayacak\u201d<\/p>\n<p>B\u00fcy\u00fck\u015fehir Belediyesi Ula\u015f\u0131m Dairesi Ba\u015fkanl\u0131\u011f\u0131 Toplu Ta\u015f\u0131ma \u015eube M\u00fcd\u00fcrl\u00fc\u011f\u00fc\u2019nde \u015eube \u015eefi olarak g\u00f6rev yapan Serta\u00e7 A\u00e7\u0131kba\u015f, \u201cMersin B\u00fcy\u00fck\u015fehir Belediyesi olarak bizlerin en b\u00fcy\u00fck hedeflerinden bir tanesi vatanda\u015flar\u0131m\u0131z\u0131n toplu ta\u015f\u0131ma ara\u00e7lar\u0131n\u0131n kullan\u0131m oranlar\u0131n\u0131 y\u00fckselterek, Mersin&#8217;deki trafik yo\u011funlu\u011funu azaltmak. Bu kapsamda belediye olarak 87 tane toplu ta\u015f\u0131ma arac\u0131 al\u0131m i\u015fimiz tamamland\u0131. Bunlardan daha \u00f6nce 30 tanesi filomuza kat\u0131lm\u0131\u015ft\u0131 zaten. 33 tanesi yine filomuza d\u00e2hil oldu. Plaka i\u015flemleri var, tescil i\u015flemelerimiz var. Bu hafta i\u00e7erisinde seferlerimize \u00e7\u0131k\u0131p vatanda\u015flar\u0131m\u0131za hizmet vermeye ba\u015flayacak. Toplamda 24 tane arac\u0131m\u0131z kald\u0131. O da Eyl\u00fcl ay\u0131na kadar filomuza kat\u0131l\u0131m sa\u011flayacak\u201d dedi.<\/p>\n<p>\u201cVatanda\u015flar\u0131m\u0131z gayet memnun\u201d<\/p>\n<p>A\u00e7\u0131kba\u015f, vatanda\u015flardan \u00e7ok iyi geri d\u00f6n\u00fc\u015fler ald\u0131klar\u0131n\u0131 da belirtirken, \u201cHem ara\u00e7lar\u0131m\u0131z\u0131n model y\u0131l\u0131 geni\u015flemi\u015f oldu. Konfor a\u00e7\u0131s\u0131ndan daha kaliteli ara\u00e7lara sahip olduk. Zaten elimizdeki envanterimizde malumunuz ara\u00e7 eksikli\u011fi ya\u015f\u0131yorduk. \u00dclkemizde geli\u015fen pandemi olaylar\u0131ndan dolay\u0131 da ara\u00e7lar\u0131m\u0131zda %50 kapasite ile hizmet veriyoruz. Dolay\u0131s\u0131yla ara\u00e7 ihtiyac\u0131m\u0131z daha \u00e7ok oluyor. Ara\u00e7lar\u0131m\u0131z\u0131n kat\u0131lmas\u0131 bizi belediye olarak da vatanda\u015flar\u0131m\u0131za hizmet olarak da \u00e7ok b\u00fcy\u00fck \u00f6l\u00e7\u00fcde rahatlatt\u0131. Vatanda\u015flar\u0131m\u0131z durumdan gayet memnun\u201d dedi.<\/p>\n<p>\u201cLimonlar\u2019\u0131n gelmesiyle yeni hatlar a\u00e7\u0131lacak, vatanda\u015fa daha iyi hizmet verece\u011fiz\u201d<\/p>\n<p>B\u00fcy\u00fck\u015fehir Belediyesi\u2019nde \u015fof\u00f6r olarak g\u00f6rev yapan Nurdan Bezek, \u201cVatanda\u015flar\u0131m\u0131z\u0131n en b\u00fcy\u00fck s\u0131k\u0131nt\u0131s\u0131 ara\u00e7 eksikli\u011fimizdi. Ara\u00e7 eksiklerini de \u015fu anda tamamlamaya ba\u015flad\u0131k. Limonlar\u2019la ba\u015flad\u0131k, devam ediyoruz filolara kat\u0131lmaya. Hizmetimize son s\u00fcrat devam edece\u011fiz. Limonlar\u2019\u0131n gelmesi ile yeni hatlar a\u00e7\u0131lacak. Ara\u00e7lar\u0131m\u0131z daha \u00e7o\u011falacak. Vatanda\u015fa daha iyi hizmet verece\u011fiz\u201d diye konu\u015ftu.<\/p>\n<p>\u015eof\u00f6r Elife K\u00f6se, Mersinliler\u2019in verilen hizmetten dolay\u0131 duyduklar\u0131 memnuniyeti dile getirirken, \u201cMersinliler gayet memnun ve daha da memnun olacaklar. Hep beraber bu yolda devam edece\u011fiz. Ara\u00e7lar\u0131m\u0131z artt\u0131\u011f\u0131 zaman vatanda\u015flar\u0131m\u0131za daha rahat, daha sakin, g\u00fczel bir \u015fekilde hizmet verdi\u011fimiz ve seferlerimiz daha s\u0131kl\u0131kla oldu\u011fu i\u00e7in daha rahat hareket ediyorlar\u201d ifadelerini kulland\u0131.<\/p>\n<p>Kad\u0131n \u015fof\u00f6rlerden \u015eendal \u00c7elik de yeni gelen Limonlar\u2019\u0131n kente hay\u0131rl\u0131 olmas\u0131n\u0131 temenni ederek, \u201cBelediyemizin bize verdi\u011fi Limonlar\u2019la beraber Mersin halk\u0131na hizmette bulunuyoruz. \u00c7ok gururluyuz, Onurluyuz. Mersinimiz\u2019e hay\u0131rl\u0131 olsun diyoruz\u201d dedi.<\/p>\n<p>O\u011fuz: \u201cYolcular\u0131m\u0131z bizlerin misafirleri\u201d<\/p>\n<p>Ula\u015f\u0131m Dairesi Ba\u015fkanl\u0131\u011f\u0131 \u015fof\u00f6rlerinden Aziz O\u011fuz ise \u201c\u0130\u015fimi zevkle ve severek yap\u0131yorum. M\u00fc\u015fterilerimiz g\u00f6z\u00fcyle bakm\u0131yoruz yolcular\u0131m\u0131za, onlar bizlerin misafirleri. Mersinliler \u00e7ok memnun. Arabalar\u0131m\u0131z son sistem, yolcunun g\u00fcvenli\u011fi \u00f6n safhada tutuluyor. Halk\u0131m\u0131z bindik\u00e7e y\u00fczlerindeki o g\u00fcl\u00fcmsemeyi net bir \u015fekilde g\u00f6r\u00fcyoruz\u201d diye konu\u015ftu.<\/p>\n","protected":false},"excerpt":{"rendered":"<p>Mersin B\u00fcy\u00fck\u015fehir Belediyesi\u2019nin toplu ta\u015f\u0131ma filosunu g\u00fc\u00e7lendirmek, vatanda\u015flar\u0131n h\u0131zl\u0131, ekonomik ve konforlu bir \u015fekilde seyahat edebilmesini sa\u011flamak amac\u0131yla al\u0131m\u0131n\u0131 ger\u00e7ekle\u015ftirdi\u011fi CNG\u2019li \u00e7evre dostu Sar\u0131 Limonlar\u2019\u0131n ikinci partisi de geldi. B\u00fcy\u00fck\u015fehir &hellip; <a href=\"https:\/\/akdenizolaygazetesi.com\/?p=12529\" class=\"more-link\">Devam\u0131n\u0131 Oku&#8230;<\/a><\/p>\n","protected":false},"author":2,"featured_media":12530,"comment_status":"open","ping_status":"open","sticky":false,"template":"","format":"standard","meta":[],"categories":[34,3,5,6],"tags":[],"_links":{"self":[{"href":"https:\/\/akdenizolaygazetesi.com\/index.php?rest_route=\/wp\/v2\/posts\/12529"}],"collection":[{"href":"https:\/\/akdenizolaygazetesi.com\/index.php?rest_route=\/wp\/v2\/posts"}],"about":[{"href":"https:\/\/akdenizolaygazetesi.com\/index.php?rest_route=\/wp\/v2\/types\/post"}],"author":[{"embeddable":true,"href":"https:\/\/akdenizolaygazetesi.com\/index.php?rest_route=\/wp\/v2\/users\/2"}],"replies":[{"embeddable":true,"href":"https:\/\/akdenizolaygazetesi.com\/index.php?rest_route=%2Fwp%2Fv2%2Fcomments&post=12529"}],"version-history":[{"count":1,"href":"https:\/\/akdenizolaygazetesi.com\/index.php?rest_route=\/wp\/v2\/posts\/12529\/revisions"}],"predecessor-version":[{"id":12531,"href":"https:\/\/akdenizolaygazetesi.com\/index.php?rest_route=\/wp\/v2\/posts\/12529\/revisions\/12531"}],"wp:featuredmedia":[{"embeddable":true,"href":"https:\/\/akdenizolaygazetesi.com\/index.php?rest_route=\/wp\/v2\/media\/12530"}],"wp:attachment":[{"href":"https:\/\/akdenizolaygazetesi.com\/index.php?rest_route=%2Fwp%2Fv2%2Fmedia&parent=12529"}],"wp:term":[{"taxonomy":"category","embeddable":true,"href":"https:\/\/akdenizolaygazetesi.com\/index.php?rest_route=%2Fwp%2Fv2%2Fcategories&post=12529"},{"taxonomy":"post_tag","embeddable":true,"href":"https:\/\/akdenizolaygazetesi.com\/index.php?rest_route=%2Fwp%2Fv2%2Ftags&post=12529"}],"curies":[{"name":"wp","href":"https:\/\/api.w.org\/{rel}","templated":true}]}}