{"id":12532,"date":"2021-05-25T11:58:41","date_gmt":"2021-05-25T08:58:41","guid":{"rendered":"http:\/\/akdenizolaygazetesi.com\/?p=12532"},"modified":"2021-05-25T12:00:12","modified_gmt":"2021-05-25T09:00:12","slug":"mersin-buyuksehirden-rengarenk-yarisma","status":"publish","type":"post","link":"https:\/\/akdenizolaygazetesi.com\/?p=12532","title":{"rendered":"MERS\u0130N B\u00dcY\u00dcK\u015eEH\u0130R\u2019DEN RENGARENK YARI\u015eMA"},"content":{"rendered":"<p>B\u00fcy\u00fck\u015fehir Belediyesi, \u2018Mersin\u2019de en keyifli konum; benim bah\u00e7em, balkonum!\u2019 slogan\u0131yla \u2018En G\u00fczel Bah\u00e7e\/Balkon Yar\u0131\u015fmas\u0131\u2019 d\u00fczenliyor. Yar\u0131\u015fmayla \u00e7evre bilincini ve \u00e7evre sevgisini art\u0131rmak, vatanda\u015flar\u0131n sosyal ili\u015fkilerinin taze tutulmas\u0131n\u0131 sa\u011flamak, halk\u0131n \u00e7evre d\u00fczenleme ve kent peyzaj\u0131na y\u00f6nelik ilgisini te\u015fvik etmek ve Mersin\u2019de ye\u015fil dokunun art\u0131r\u0131lmas\u0131 ama\u00e7lan\u0131yor.<\/p>\n<p>Mezitli, Yeni\u015fehir, Akdeniz, Toroslar ve Tarsus il\u00e7elerinde ya\u015fayan 18 ya\u015f ve \u00fczeri vatanda\u015flar yar\u0131\u015fmaya kat\u0131l\u0131m sa\u011flayabilecek. Ba\u015fvurular\u0131n 30 May\u0131s\u2019a kadar al\u0131naca\u011f\u0131 yar\u0131\u015fma i\u00e7in vatanda\u015flar, Alo 185 Teksin Mersin \u00c7a\u011fr\u0131 Merkezi \u00fczerinden detayl\u0131 bilgiye ula\u015fabilecek.<\/p>\n<p>\u00d6d\u00fcller D\u00fcnya \u00c7evre G\u00fcn\u00fc\u2019nde sahiplerini bulacak<\/p>\n<p>B\u00fcy\u00fck\u015fehir Belediyesi Park ve Bah\u00e7eler Dairesi \u00f6nc\u00fcl\u00fc\u011f\u00fcnde d\u00fczenlenen yar\u0131\u015fmaya kat\u0131lmak isteyen vatanda\u015flar, birbirinden g\u00fczel, rengarenk \u00e7i\u00e7ekli balkon ve bah\u00e7elerinin foto\u011fraflar\u0131n\u0131 enguzeli@mersin.bel.tr adresine g\u00f6ndererek kat\u0131l\u0131m sa\u011flayacak. B\u00fcy\u00fck\u015fehir, yar\u0131\u015fma kategorilerini; en g\u00fczel balkon, en g\u00fczel bah\u00e7e (konut, apartman, site bah\u00e7esi) olarak belirledi.<\/p>\n<p>Yar\u0131\u015fman\u0131n sonucu 5 Haziran D\u00fcnya \u00c7evre G\u00fcn\u00fc\u2019nde a\u00e7\u0131klanacak. Balkon kategorisinde ilk 3 s\u0131rada yer alan yar\u0131\u015fmac\u0131lara, bah\u00e7e kategorisinde ise birinci olanlara bah\u00e7e aleti seti ve do\u011fal tohum seti hediye edilecek. Ayr\u0131ca her kat\u0131l\u0131mc\u0131ya birer kat\u0131l\u0131m sertifikas\u0131 verilecek.<\/p>\n","protected":false},"excerpt":{"rendered":"<p>B\u00fcy\u00fck\u015fehir Belediyesi, \u2018Mersin\u2019de en keyifli konum; benim bah\u00e7em, balkonum!\u2019 slogan\u0131yla \u2018En G\u00fczel Bah\u00e7e\/Balkon Yar\u0131\u015fmas\u0131\u2019 d\u00fczenliyor. Yar\u0131\u015fmayla \u00e7evre bilincini ve \u00e7evre sevgisini art\u0131rmak, vatanda\u015flar\u0131n sosyal ili\u015fkilerinin taze tutulmas\u0131n\u0131 sa\u011flamak, halk\u0131n \u00e7evre &hellip; <a href=\"https:\/\/akdenizolaygazetesi.com\/?p=12532\" class=\"more-link\">Devam\u0131n\u0131 Oku&#8230;<\/a><\/p>\n","protected":false},"author":2,"featured_media":12536,"comment_status":"open","ping_status":"open","sticky":false,"template":"","format":"standard","meta":[],"categories":[1,2,3],"tags":[],"_links":{"self":[{"href":"https:\/\/akdenizolaygazetesi.com\/index.php?rest_route=\/wp\/v2\/posts\/12532"}],"collection":[{"href":"https:\/\/akdenizolaygazetesi.com\/index.php?rest_route=\/wp\/v2\/posts"}],"about":[{"href":"https:\/\/akdenizolaygazetesi.com\/index.php?rest_route=\/wp\/v2\/types\/post"}],"author":[{"embeddable":true,"href":"https:\/\/akdenizolaygazetesi.com\/index.php?rest_route=\/wp\/v2\/users\/2"}],"replies":[{"embeddable":true,"href":"https:\/\/akdenizolaygazetesi.com\/index.php?rest_route=%2Fwp%2Fv2%2Fcomments&post=12532"}],"version-history":[{"count":2,"href":"https:\/\/akdenizolaygazetesi.com\/index.php?rest_route=\/wp\/v2\/posts\/12532\/revisions"}],"predecessor-version":[{"id":12535,"href":"https:\/\/akdenizolaygazetesi.com\/index.php?rest_route=\/wp\/v2\/posts\/12532\/revisions\/12535"}],"wp:featuredmedia":[{"embeddable":true,"href":"https:\/\/akdenizolaygazetesi.com\/index.php?rest_route=\/wp\/v2\/media\/12536"}],"wp:attachment":[{"href":"https:\/\/akdenizolaygazetesi.com\/index.php?rest_route=%2Fwp%2Fv2%2Fmedia&parent=12532"}],"wp:term":[{"taxonomy":"category","embeddable":true,"href":"https:\/\/akdenizolaygazetesi.com\/index.php?rest_route=%2Fwp%2Fv2%2Fcategories&post=12532"},{"taxonomy":"post_tag","embeddable":true,"href":"https:\/\/akdenizolaygazetesi.com\/index.php?rest_route=%2Fwp%2Fv2%2Ftags&post=12532"}],"curies":[{"name":"wp","href":"https:\/\/api.w.org\/{rel}","templated":true}]}}