{"id":12541,"date":"2021-05-26T11:06:46","date_gmt":"2021-05-26T08:06:46","guid":{"rendered":"http:\/\/akdenizolaygazetesi.com\/?p=12541"},"modified":"2021-05-26T11:07:28","modified_gmt":"2021-05-26T08:07:28","slug":"yesilbogaz-cevre-mucadelelerimizde-hukuk-ve-yasam-hakki-kazaniyor","status":"publish","type":"post","link":"https:\/\/akdenizolaygazetesi.com\/?p=12541","title":{"rendered":"YE\u015e\u0130LBO\u011eAZ: \u201c\u00c7EVRE M\u00dcCADELELER\u0130M\u0130ZDE HUKUK VE YA\u015eAM HAKKI KAZANIYOR\u201d"},"content":{"rendered":"<p>Mersin Baro Ba\u015fkan\u0131 Bilgin Ye\u015filbo\u011faz ile Mersin \u00c7evre ve Do\u011fa Derne\u011fi Ba\u015fkan\u0131 Sabahat Aslan, Sun RTV\u2019 de konuk oldu\u011fu Leyla Pak ile G\u00fcndem program\u0131nda, Mersin\u2019deki n\u00fckleer santral, bal\u0131k \u00e7iftlikleri, Mersin Liman\u0131\u2019n\u0131n Atat\u00fcrk Park\u0131\u2019na do\u011fru geni\u015fleme projesi, Emirler Mahallesi\u2019ndeki orman katliam\u0131, polipropilen tesis projelerine kar\u015f\u0131 vermi\u015f olduklar\u0131 hukuksal m\u00fccadeleleri anlatt\u0131.<\/p>\n<p>Mersin\u2019de \u00e7evre sorunlar\u0131n\u0131n \u00e7\u00f6z\u00fcm\u00fcne y\u00f6nelik \u00e7evre \u00f6rg\u00fctleriyle birlikte a\u00e7m\u0131\u015f olduklar\u0131 bir\u00e7ok davada, son d\u00f6nemlerde kent ad\u0131na g\u00fczel kararlar verilmesinin sevindirici oldu\u011funu s\u00f6yleyen Baro Ba\u015fkan\u0131 Bilgin Ye\u015filbo\u011faz, polipropilen tesisi, liman geni\u015fleme projesi, bal\u0131k \u00e7iftlikleri projelerinin mahkeme taraf\u0131ndan iptal edilmesini \u00f6rnek g\u00f6stererek, \u201c\u00c7evre m\u00fccadelelerimizde hukuk ve ya\u015fam hakk\u0131 kazan\u0131yor. Mersin\u2019de intikam al\u0131n\u0131rcas\u0131na \u00e7evre katliam\u0131 var. Herkes bir taraf\u0131ndan Mersin\u2019i par\u00e7alamaya \u00e7al\u0131\u015f\u0131yor. Yat\u0131r\u0131m tabi ki olacak fakat \u00f6nce ya\u015fam. Orman Kanunumuz var ama yapt\u0131r\u0131mlar\u0131 \u00e7ok yetersiz. Emirler Mahallesi\u2019ndeki orman katliam\u0131n\u0131n iptali ve y\u00fcr\u00fctmenin durdurulmas\u0131 i\u00e7in a\u00e7t\u0131\u011f\u0131m\u0131z davada acilen a\u011fa\u00e7 kesiminin durdurulmas\u0131 y\u00f6n\u00fcnde karar verilmesini bekliyoruz \u00dclkemizde ba\u015fta imar kanunu olmak \u00fczere maalesef \u00e7evreyi koruyan de\u011fil, yok eden kanunlar \u00e7\u0131k\u0131yor\u201d diye konu\u015ftu.<\/p>\n<p>ASLAN: \u201cKENT\u0130N AKC\u0130\u011eERLER\u0130 KES\u0130L\u0130YOR\u201d<\/p>\n<p>MER\u00c7ED Ba\u015fkan\u0131 Sabahat Aslan ise, \u201cMersin\u2019in en b\u00fcy\u00fck \u00e7evre sorununun birinci olarak Akkuyu n\u00fckleer santral projesi, ikinci olarak ise ormans\u0131zl\u0131k oldu\u011funa vurgu yaparak, \u201cOrmanc\u0131l\u0131k bilimi \u00e7ok geli\u015fti. Dolay\u0131s\u0131yla \u00fclkemizde o kadar \u00e7ok end\u00fcstriyel ormanc\u0131l\u0131k yap\u0131lacak alan var ki,  bu alanlara yaz\u0131k oluyor. Dolay\u0131s\u0131yla kentin akci\u011ferleri kesiliyor. Orman end\u00fcstrisine hammadde yeti\u015ftirmek ad\u0131na 15-20 ya\u015f\u0131ndaki a\u011fa\u00e7lar kesiliyor. Bu bilime ayk\u0131r\u0131d\u0131r. Mersin hava kirlili\u011finde d\u00fcnya s\u0131ralamas\u0131nda \u00fcst s\u0131ralarda yer al\u0131yor. Akkuyu n\u00fckleer santral projesi, \u00e7ernobil felaketine aday.  Ben ya\u015fam hakk\u0131m\u0131 mevcut sistemden almad\u0131m ama mevcut sistem benim ya\u015fam hakk\u0131m\u0131 elimden al\u0131yor. Emirler Mahallesi\u2019ndeki a\u011fa\u00e7 katliam\u0131n\u0131n durmas\u0131 y\u00f6n\u00fcnde mahkemeden acil karar \u00e7\u0131kmas\u0131n\u0131 bekliyoruz\u201d ifadesini kulland\u0131.<\/p>\n","protected":false},"excerpt":{"rendered":"<p>Mersin Baro Ba\u015fkan\u0131 Bilgin Ye\u015filbo\u011faz ile Mersin \u00c7evre ve Do\u011fa Derne\u011fi Ba\u015fkan\u0131 Sabahat Aslan, Sun RTV\u2019 de konuk oldu\u011fu Leyla Pak ile G\u00fcndem program\u0131nda, Mersin\u2019deki n\u00fckleer santral, bal\u0131k \u00e7iftlikleri, Mersin &hellip; <a href=\"https:\/\/akdenizolaygazetesi.com\/?p=12541\" class=\"more-link\">Devam\u0131n\u0131 Oku&#8230;<\/a><\/p>\n","protected":false},"author":2,"featured_media":12543,"comment_status":"open","ping_status":"open","sticky":false,"template":"","format":"standard","meta":[],"categories":[34,1,3,5],"tags":[],"_links":{"self":[{"href":"https:\/\/akdenizolaygazetesi.com\/index.php?rest_route=\/wp\/v2\/posts\/12541"}],"collection":[{"href":"https:\/\/akdenizolaygazetesi.com\/index.php?rest_route=\/wp\/v2\/posts"}],"about":[{"href":"https:\/\/akdenizolaygazetesi.com\/index.php?rest_route=\/wp\/v2\/types\/post"}],"author":[{"embeddable":true,"href":"https:\/\/akdenizolaygazetesi.com\/index.php?rest_route=\/wp\/v2\/users\/2"}],"replies":[{"embeddable":true,"href":"https:\/\/akdenizolaygazetesi.com\/index.php?rest_route=%2Fwp%2Fv2%2Fcomments&post=12541"}],"version-history":[{"count":1,"href":"https:\/\/akdenizolaygazetesi.com\/index.php?rest_route=\/wp\/v2\/posts\/12541\/revisions"}],"predecessor-version":[{"id":12542,"href":"https:\/\/akdenizolaygazetesi.com\/index.php?rest_route=\/wp\/v2\/posts\/12541\/revisions\/12542"}],"wp:featuredmedia":[{"embeddable":true,"href":"https:\/\/akdenizolaygazetesi.com\/index.php?rest_route=\/wp\/v2\/media\/12543"}],"wp:attachment":[{"href":"https:\/\/akdenizolaygazetesi.com\/index.php?rest_route=%2Fwp%2Fv2%2Fmedia&parent=12541"}],"wp:term":[{"taxonomy":"category","embeddable":true,"href":"https:\/\/akdenizolaygazetesi.com\/index.php?rest_route=%2Fwp%2Fv2%2Fcategories&post=12541"},{"taxonomy":"post_tag","embeddable":true,"href":"https:\/\/akdenizolaygazetesi.com\/index.php?rest_route=%2Fwp%2Fv2%2Ftags&post=12541"}],"curies":[{"name":"wp","href":"https:\/\/api.w.org\/{rel}","templated":true}]}}