{"id":12544,"date":"2021-05-26T11:09:00","date_gmt":"2021-05-26T08:09:00","guid":{"rendered":"http:\/\/akdenizolaygazetesi.com\/?p=12544"},"modified":"2021-05-26T11:09:41","modified_gmt":"2021-05-26T08:09:41","slug":"18-2-kilometrelik-bisiklet-yolu-projesinin-80i-tamamlandi","status":"publish","type":"post","link":"https:\/\/akdenizolaygazetesi.com\/?p=12544","title":{"rendered":"18.2 K\u0130LOMETREL\u0130K B\u0130S\u0130KLET YOLU PROJES\u0130\u2019N\u0130N % 80\u2019\u0130 TAMAMLANDI"},"content":{"rendered":"<p>Mersin B\u00fcy\u00fck\u015fehir Belediyesi, sa\u011fl\u0131kl\u0131, g\u00fcvenli, ekonomik ve do\u011fa dostu bir ula\u015f\u0131m bi\u00e7imi olan bisiklet kullan\u0131m\u0131n\u0131 yayg\u0131nla\u015ft\u0131rmaya y\u00f6nelik \u00e7al\u0131\u015fmalar\u0131n\u0131 s\u00fcrd\u00fcr\u00fcyor. B\u00fcy\u00fck\u015fehir taraf\u0131ndan yap\u0131m\u0131 h\u0131zla devam eden, trafi\u011fe soluk ald\u0131racak ve bisiklet kullan\u0131c\u0131lar\u0131n\u0131 sevindirecek 18.2 kilometrelik Bisiklet Yolu Projesi\u2019nin % 80\u2019i tamamland\u0131. Ula\u015f\u0131m Dairesi Ba\u015fkanl\u0131\u011f\u0131 ekipleri taraf\u0131ndan \u00e7al\u0131\u015fmalar\u0131 y\u00fcr\u00fct\u00fclen, Mezitli il\u00e7esinin Viran\u015fehir Mahallesi\u2019nden ba\u015flat\u0131lan ve K\u00fclt\u00fcr Park boyunca kesintisiz devam edecek olan Bisiklet Yolu Projesi, Mersin Tren Gar\u0131\u2019nda sonland\u0131r\u0131lacak.<\/p>\n<p>18.2 kilometrelik ilk etap \u00e7al\u0131\u015fmas\u0131n\u0131n 150 i\u015f g\u00fcn\u00fc i\u00e7erisinde tamamlanmas\u0131 hedefleniyor. B\u00f6ylece B\u00fcy\u00fck\u015fehir Belediyesi taraf\u0131ndan 2021 y\u0131l\u0131n\u0131n sonunda Mersin kent merkezinde 70, Tarsus\u2019ta ise 30 kilometre olmak \u00fczere toplam 100 km bisiklet yolu kente kazand\u0131r\u0131lacak.<\/p>\n<p>Mersin\u2019de bisikletli ula\u015f\u0131m \u00f6ne \u00e7\u0131kacak<\/p>\n<p>Proje ile yaya, bisiklet ve ta\u015f\u0131t trafi\u011finin oldu\u011fu b\u00f6l\u00fcmler birbirinden ayr\u0131larak, g\u00fcvenli bir \u015fekilde bisiklet kullan\u0131c\u0131lar\u0131n\u0131n gitmek istedikleri noktalara ula\u015fmalar\u0131 hedefleniyor. \u00d6zellikle bisikletle ula\u015f\u0131m\u0131n \u00f6ne \u00e7\u0131kmas\u0131n\u0131 planlayan B\u00fcy\u00fck\u015fehir, bu proje ile hem ta\u015f\u0131t trafi\u011finin y\u00fck\u00fcn\u00fc azaltmay\u0131 hem de insanlar\u0131n sa\u011fl\u0131kl\u0131 ve daha \u00e7evreci bir \u015fekilde seyahat etmelerini sa\u011flam\u0131\u015f olacak. Bu sayede olas\u0131 trafik kazalar\u0131n\u0131n da \u00f6n\u00fcne ge\u00e7ilmesi ama\u00e7lan\u0131yor.<\/p>\n<p>\u2018Evden Okula, G\u00fcvenle Pedalla\u2019<\/p>\n<p>B\u00fcy\u00fck\u015fehir taraf\u0131ndan \u00e7ocuklar\u0131 bisiklet kullanmaya te\u015fvik etmek amac\u0131yla T\u00fcrkiye\u2019de ilk defa yap\u0131lacak olan \u2018Evden Okula, G\u00fcvenle Pedalla\u2019 projesi kapsam\u0131nda Mezitli il\u00e7esi 75.Y\u0131l Ortaokulu ve \u00e7evresinde bulunan \u0130\u00e7el Anadolu Lisesi pilot okul olarak se\u00e7ildi. Bu proje ile \u00e7ocuklar\u0131n okullar\u0131na bisikletleriyle ula\u015fabilmesi hedefleniyor. Okul \u00f6nlerine park istasyonlar\u0131n\u0131n da yap\u0131lmas\u0131n\u0131 \u00f6ng\u00f6ren proje ile 30 km\/sa h\u0131z limitine d\u00fc\u015f\u00fcr\u00fclemeyen yollarda ayr\u0131lm\u0131\u015f bisiklet yollar\u0131, 30 km\/sa h\u0131z limitine d\u00fc\u015f\u00fcr\u00fclebilen yollarda ise payla\u015f\u0131ml\u0131 bisiklet yollar\u0131 uygulanmas\u0131 planlan\u0131yor.<\/p>\n<p>Altunta\u015f: \u201c\u0130l\u00e7elerimizi de i\u00e7ine alacak bir bisiklet a\u011f\u0131 olu\u015fturmay\u0131 hedeflemekteyiz\u201d<\/p>\n<p>Ula\u015f\u0131m Dairesi Bakanl\u0131\u011f\u0131 Ula\u015f\u0131m Planlama \u015eube M\u00fcd\u00fcr\u00fc Murat Altunta\u015f, Bisiklet Yolu Projesi\u2019nin ilk etab\u0131 olan ve Mezitli Menderes Mahallesi\u2019nden Akdeniz Nusratiye Mahallesi\u2019ne kadar olan 18.2 kilometrelik 1. k\u0131s\u0131m etab\u0131n\u0131n yap\u0131m\u0131na devam ettiklerini belirterek, \u201c\u015eu anda onlarla ilgili bir \u00e7al\u0131\u015fmada bulunuyoruz. Yine bununla birlikte, ihalesini tamamlam\u0131\u015f oldu\u011fumuz Mersin geneli Bisiklet Ana Plan\u0131 ve 80 kilometrelik uygulama projesi i\u015finin ihale s\u00fcreci tamamland\u0131\u201d dedi. Yaya ile bisiklet ve ta\u015f\u0131t trafi\u011finin oldu\u011fu b\u00f6l\u00fcmleri birbirinden ay\u0131rarak, g\u00fcvenli bisiklet kullan\u0131m\u0131n\u0131 hedeflediklerini ifade eden Altunta\u015f, \u201cBelediyemiz bu konularda ciddi \u00e7al\u0131\u015fmalar ger\u00e7ekle\u015ftirmi\u015f bulunuyor. Bunu da sadece merkez olarak d\u00fc\u015f\u00fcnm\u00fcyoruz. Bisiklet Ana Plan\u0131 kapsam\u0131 i\u00e7erisindeki k\u0131s\u0131mlarda il\u00e7elerimizi de i\u00e7ine alacak \u015fekilde bir bisiklet a\u011f\u0131 olu\u015fturmay\u0131 hedeflemekteyiz\u201d diye konu\u015ftu.<\/p>\n<p>\u00c7al\u0131\u015fmalar alt ve \u00fcst yap\u0131 \u00e7al\u0131\u015fmalar\u0131yla birlikte ilerliyor<\/p>\n<p>Sadece bir bisiklet yolu \u00e7al\u0131\u015fmas\u0131 ger\u00e7ekle\u015ftirmediklerini de vurgulayan Altunta\u015f, \u015funlar\u0131 s\u00f6yledi:<\/p>\n<p>\u201cYine bisiklet yolu g\u00fczerg\u00e2h\u0131 \u00fczerinde bulunan, yayalar i\u00e7in gerekli olan k\u0131s\u0131mlar\u0131, peyzajla ilgili gerekli k\u0131s\u0131mlar\u0131, bununla birlikte alt yap\u0131 ve \u00fcst yap\u0131 ile ilgili olan k\u0131s\u0131mlar\u0131 tekrar elden ge\u00e7iriyoruz ve g\u00f6rd\u00fc\u011f\u00fcm\u00fcz sorunlar\u0131 da yerinde \u00e7\u00f6zerek, ayn\u0131 zamanda bir b\u00fct\u00fcn i\u00e7erisinde kullan\u0131c\u0131lar\u0131n, yani insanlar\u0131n daha iyi \u015fekilde hizmet alabilmeleri i\u00e7in bir \u00e7al\u0131\u015fma ger\u00e7ekle\u015ftiriyoruz. Bununla ilgili olarak \u00f6rnek vermek gerekirse; ge\u00e7ti\u011fimiz g\u00fczerg\u00e2hlardaki ya\u011fmur suyu bacalar\u0131n\u0131 tekrar ele al\u0131yoruz. Yine yaya yollar\u0131 ile ilgili y\u00fcr\u00fcme yollar\u0131 ile ilgili bir durum ortaya \u00e7\u0131k\u0131yorsa onlar\u0131 geni\u015fleterek yayalar\u0131n daha rahat, daha konforlu bir \u015fekilde seyahat etmesini sa\u011flayacak \u015fekilde imalatlar\u0131m\u0131z devam ediyor. Yani bunu sadece bir Bisiklet Yolu Projesi olarak g\u00f6rm\u00fcyoruz, ge\u00e7ti\u011fimiz b\u00fct\u00fcn g\u00fczerg\u00e2hlarda g\u00f6rd\u00fc\u011f\u00fcm\u00fcz bir\u00e7ok noktaya da de\u011finerek bir b\u00fct\u00fcn i\u00e7erisinde tamamlamay\u0131 hedefliyoruz.\u201d<\/p>\n<p>Aykut: \u201cB\u00f6yle bir \u00e7al\u0131\u015fman\u0131n olmas\u0131 olduk\u00e7a takdir edici\u201d<\/p>\n<p>Sahilde tamamlanan bisiklet yolunda bisikletiyle seyahat eden Ege \u00dcniversitesi Peyzaj Mimarl\u0131\u011f\u0131 B\u00f6l\u00fcm\u00fc mezunu Leyla Aykut, \u201c\u00c7al\u0131\u015fmalar\u0131 olduk\u00e7a yerinde buldum. Asl\u0131nda ihtiyac\u0131m\u0131z da vard\u0131. Aktif olarak kulland\u0131\u011f\u0131m\u0131z ba\u015fka bir bisiklet yolu vard\u0131 yolun sol taraf\u0131nda mevcut olan. Pandemi s\u00fcrecinden bu yana insanlar yo\u011fun bir \u015fekilde bisiklet kullanmaya y\u00f6neldi. Durum \u00f6yle olunca yetersiz kal\u0131yordu di\u011fer taraf. Bir taraf ye\u015fillik, di\u011fer taraf yayalarla bir arada kulland\u0131\u011f\u0131m\u0131z, kimsenin birbirinin alan\u0131n\u0131 gasp etmedi\u011fi bir y\u00fcr\u00fcy\u00fc\u015f band\u0131nda b\u00f6yle bir \u00e7al\u0131\u015fman\u0131n olmas\u0131 olduk\u00e7a takdir edici\u201d dedi.<\/p>\n","protected":false},"excerpt":{"rendered":"<p>Mersin B\u00fcy\u00fck\u015fehir Belediyesi, sa\u011fl\u0131kl\u0131, g\u00fcvenli, ekonomik ve do\u011fa dostu bir ula\u015f\u0131m bi\u00e7imi olan bisiklet kullan\u0131m\u0131n\u0131 yayg\u0131nla\u015ft\u0131rmaya y\u00f6nelik \u00e7al\u0131\u015fmalar\u0131n\u0131 s\u00fcrd\u00fcr\u00fcyor. B\u00fcy\u00fck\u015fehir taraf\u0131ndan yap\u0131m\u0131 h\u0131zla devam eden, trafi\u011fe soluk ald\u0131racak ve bisiklet &hellip; <a href=\"https:\/\/akdenizolaygazetesi.com\/?p=12544\" class=\"more-link\">Devam\u0131n\u0131 Oku&#8230;<\/a><\/p>\n","protected":false},"author":2,"featured_media":12546,"comment_status":"open","ping_status":"open","sticky":false,"template":"","format":"standard","meta":[],"categories":[3,10],"tags":[],"_links":{"self":[{"href":"https:\/\/akdenizolaygazetesi.com\/index.php?rest_route=\/wp\/v2\/posts\/12544"}],"collection":[{"href":"https:\/\/akdenizolaygazetesi.com\/index.php?rest_route=\/wp\/v2\/posts"}],"about":[{"href":"https:\/\/akdenizolaygazetesi.com\/index.php?rest_route=\/wp\/v2\/types\/post"}],"author":[{"embeddable":true,"href":"https:\/\/akdenizolaygazetesi.com\/index.php?rest_route=\/wp\/v2\/users\/2"}],"replies":[{"embeddable":true,"href":"https:\/\/akdenizolaygazetesi.com\/index.php?rest_route=%2Fwp%2Fv2%2Fcomments&post=12544"}],"version-history":[{"count":1,"href":"https:\/\/akdenizolaygazetesi.com\/index.php?rest_route=\/wp\/v2\/posts\/12544\/revisions"}],"predecessor-version":[{"id":12545,"href":"https:\/\/akdenizolaygazetesi.com\/index.php?rest_route=\/wp\/v2\/posts\/12544\/revisions\/12545"}],"wp:featuredmedia":[{"embeddable":true,"href":"https:\/\/akdenizolaygazetesi.com\/index.php?rest_route=\/wp\/v2\/media\/12546"}],"wp:attachment":[{"href":"https:\/\/akdenizolaygazetesi.com\/index.php?rest_route=%2Fwp%2Fv2%2Fmedia&parent=12544"}],"wp:term":[{"taxonomy":"category","embeddable":true,"href":"https:\/\/akdenizolaygazetesi.com\/index.php?rest_route=%2Fwp%2Fv2%2Fcategories&post=12544"},{"taxonomy":"post_tag","embeddable":true,"href":"https:\/\/akdenizolaygazetesi.com\/index.php?rest_route=%2Fwp%2Fv2%2Ftags&post=12544"}],"curies":[{"name":"wp","href":"https:\/\/api.w.org\/{rel}","templated":true}]}}