{"id":12547,"date":"2021-05-26T11:10:55","date_gmt":"2021-05-26T08:10:55","guid":{"rendered":"http:\/\/akdenizolaygazetesi.com\/?p=12547"},"modified":"2021-05-26T11:11:59","modified_gmt":"2021-05-26T08:11:59","slug":"buyuksehirin-kreslerinde-muzeler-haftasi-kutlandi","status":"publish","type":"post","link":"https:\/\/akdenizolaygazetesi.com\/?p=12547","title":{"rendered":"B\u00dcY\u00dcK\u015eEH\u0130R\u2019\u0130N KRE\u015eLER\u0130NDE \u2018M\u00dcZELER HAFTASI\u2019 KUTLANDI"},"content":{"rendered":"<p>Mersin B\u00fcy\u00fck\u015fehir Belediyesi, b\u00fcnyesindeki kre\u015flerde 18-24 May\u0131s M\u00fczeler Haftas\u0131 kapsam\u0131nda m\u00fcze ziyareti ve m\u00fcze kurallar\u0131n\u0131n \u00f6\u011fretildi\u011fi e\u011fitici ve \u00f6\u011fretici etkinlikler d\u00fczenledi.<\/p>\n<p>Kad\u0131n ve Aile Hizmetleri Dairesi b\u00fcnyesinde hizmet veren M\u00fcnir \u00d6zkul ve Adile Teyze kre\u015flerinde e\u011fitim g\u00f6ren \u00e7ocuklar, e\u011fitmenleri birlikte m\u00fczeler olu\u015fturdu. \u00c7ocuklar etkinliklerle hem e\u011flendi hem \u00f6\u011frendi.<\/p>\n<p>\u00c7ocuklar m\u00fcze gezisi ve kurallar\u0131n\u0131 \u00f6\u011frendiler<\/p>\n<p>E\u011fitmenler ve \u00e7ocuklar taraf\u0131ndan Oyuncak M\u00fczesi ve Tasar\u0131m M\u00fczesi haz\u0131rland\u0131. M\u00fcze alan\u0131na olu\u015fturulan m\u00fcze giri\u015f, \u00e7\u0131k\u0131\u015f alanlar\u0131 ve bilet sat\u0131\u015f noktas\u0131 ile \u00e7ocuklar m\u00fcze kurallar\u0131n\u0131 \u00f6\u011frendi. Ard\u0131ndan \u00e7ocuklar olu\u015fturduklar\u0131 m\u00fczeleri, m\u00fcze kurallar\u0131na uygun bir \u015fekilde gezdi. Olu\u015fturulan m\u00fczede \u00e7oraptan bebekler, enstr\u00fcmanlar, oyuncaklar, m\u0131knat\u0131s seti, d\u00fcnya k\u00fcresi, teknolojik aletler ve lego tasar\u0131m\u0131 yer ald\u0131.<\/p>\n<p>D\u00fczenlenen etkinlikle \u00e7ocuklarda g\u00f6zlem, yarat\u0131c\u0131l\u0131k ve be\u011feni duygusunun olu\u015fmas\u0131na ve geli\u015fmesine katk\u0131 sa\u011flanmas\u0131 ama\u00e7land\u0131.<\/p>\n","protected":false},"excerpt":{"rendered":"<p>Mersin B\u00fcy\u00fck\u015fehir Belediyesi, b\u00fcnyesindeki kre\u015flerde 18-24 May\u0131s M\u00fczeler Haftas\u0131 kapsam\u0131nda m\u00fcze ziyareti ve m\u00fcze kurallar\u0131n\u0131n \u00f6\u011fretildi\u011fi e\u011fitici ve \u00f6\u011fretici etkinlikler d\u00fczenledi. Kad\u0131n ve Aile Hizmetleri Dairesi b\u00fcnyesinde hizmet veren M\u00fcnir &hellip; <a href=\"https:\/\/akdenizolaygazetesi.com\/?p=12547\" class=\"more-link\">Devam\u0131n\u0131 Oku&#8230;<\/a><\/p>\n","protected":false},"author":2,"featured_media":12549,"comment_status":"open","ping_status":"open","sticky":false,"template":"","format":"standard","meta":[],"categories":[7,1,2,3,5],"tags":[],"_links":{"self":[{"href":"https:\/\/akdenizolaygazetesi.com\/index.php?rest_route=\/wp\/v2\/posts\/12547"}],"collection":[{"href":"https:\/\/akdenizolaygazetesi.com\/index.php?rest_route=\/wp\/v2\/posts"}],"about":[{"href":"https:\/\/akdenizolaygazetesi.com\/index.php?rest_route=\/wp\/v2\/types\/post"}],"author":[{"embeddable":true,"href":"https:\/\/akdenizolaygazetesi.com\/index.php?rest_route=\/wp\/v2\/users\/2"}],"replies":[{"embeddable":true,"href":"https:\/\/akdenizolaygazetesi.com\/index.php?rest_route=%2Fwp%2Fv2%2Fcomments&post=12547"}],"version-history":[{"count":1,"href":"https:\/\/akdenizolaygazetesi.com\/index.php?rest_route=\/wp\/v2\/posts\/12547\/revisions"}],"predecessor-version":[{"id":12548,"href":"https:\/\/akdenizolaygazetesi.com\/index.php?rest_route=\/wp\/v2\/posts\/12547\/revisions\/12548"}],"wp:featuredmedia":[{"embeddable":true,"href":"https:\/\/akdenizolaygazetesi.com\/index.php?rest_route=\/wp\/v2\/media\/12549"}],"wp:attachment":[{"href":"https:\/\/akdenizolaygazetesi.com\/index.php?rest_route=%2Fwp%2Fv2%2Fmedia&parent=12547"}],"wp:term":[{"taxonomy":"category","embeddable":true,"href":"https:\/\/akdenizolaygazetesi.com\/index.php?rest_route=%2Fwp%2Fv2%2Fcategories&post=12547"},{"taxonomy":"post_tag","embeddable":true,"href":"https:\/\/akdenizolaygazetesi.com\/index.php?rest_route=%2Fwp%2Fv2%2Ftags&post=12547"}],"curies":[{"name":"wp","href":"https:\/\/api.w.org\/{rel}","templated":true}]}}