{"id":12566,"date":"2021-05-28T09:31:19","date_gmt":"2021-05-28T06:31:19","guid":{"rendered":"http:\/\/akdenizolaygazetesi.com\/?p=12566"},"modified":"2021-05-28T09:32:01","modified_gmt":"2021-05-28T06:32:01","slug":"baskan-gultak-ulkemizin-ve-kentimizin-gururu-oldular","status":"publish","type":"post","link":"https:\/\/akdenizolaygazetesi.com\/?p=12566","title":{"rendered":"Ba\u015fkan G\u00fcltak; \u201c\u00dclkemizin ve kentimizin gururu oldular\u201d"},"content":{"rendered":"<p>Akdeniz Belediye Ba\u015fkan\u0131 M. Mustafa G\u00fcltak, \u2018\u0130stanbul Sanayi Odas\u0131 (\u0130SO) taraf\u0131ndan her y\u0131l a\u00e7\u0131klanan \u201cT\u00fcrkiye\u2019nin Birinci 500 B\u00fcy\u00fck Sanayi Kurulu\u015fu-2020\u201d listesine Mersin\u2019den ad\u0131n\u0131 yazd\u0131ran firmalar\u0131 tebrik etti. Ba\u015fkan G\u00fcltak; \u201c\u0130SO 500\u2019e girme ba\u015far\u0131s\u0131 g\u00f6steren firmalar\u0131m\u0131z, \u00fclkemizin ve kentimizin gururu olmu\u015ftur. Listede bir\u00e7ok firmam\u0131z\u0131 yer almas\u0131, Mersin\u2019in vizyonunu, ekonomik g\u00fc\u00e7 ve potansiyelini g\u00f6stermesi a\u00e7\u0131s\u0131ndan da \u00f6nemlidir\u201d dedi.<br \/>\n\u0130stanbul Sanayi Odas\u0131\u2019n\u0131n (\u0130SO); \u201cT\u00fcrkiye\u2019nin Birinci 500 B\u00fcy\u00fck Sanayi Kurulu\u015fu 2020\u201d listesine giren firmalar a\u00e7\u0131kland\u0131. Listede, Mersin-Tarsus Organize Sanayi B\u00f6lgesi\u2019nden (MTOSB) de bu y\u0131l 10 firman\u0131n yer ald\u0131\u011f\u0131 bildirildi. A\u00e7\u0131klamaya g\u00f6re listede, T\u00fcrkiye \u015ei\u015fe ve Cam Fabrikalar\u0131 A.\u015e. 18\u2019inci, Y\u0131ld\u0131z Entegre A\u011fa\u00e7 San. ve Tic. A.\u015e. 29\u2019uncu, Hayat Kimya Sanayi A.\u015e. 39\u2019uncu, Memi\u015fo\u011flu Tar\u0131m \u00dcr\u00fcnleri Ticaret Ltd. \u015eti. 163\u2019\u00fcnc\u00fc, ANKUTSAN Antalya Kutu Sanayi Oluklu Mukavva Ka\u011f\u0131t Ticaret A.\u015e. 264\u2019\u00fcnc\u00fc, Armada G\u0131da Tic. San. A.\u015e. 301\u2019inci, Teknopanel \u00c7at\u0131 ve Cephe Panelleri \u00dcretim San. ve Tic. A.\u015e. 370\u2019inci, Mey Alkoll\u00fc \u0130\u00e7kiler San. ve Tic. A.\u015e. 425\u2019inci, Europap Tezol Ka\u011f\u0131t San. ve Tic. A.\u015e. 439\u2019uncu, Unat Ya\u011f G\u0131da San. ve Tic. A.\u015e. 440\u2019\u0131nc\u0131 s\u0131rada yer ald\u0131.<br \/>\nBa\u015fkan G\u00fcltak; \u201c\u00dclkemizin ve kentimizin gururu oldular\u201d<br \/>\nAkdeniz Belediye Ba\u015fkan\u0131 M. Mustafa G\u00fcltak; yay\u0131nlad\u0131\u011f\u0131 kutlama mesaj\u0131nda; \u201c\u0130stanbul Sanayi Odas\u0131 taraf\u0131ndan a\u00e7\u0131klanan; \u201cT\u00fcrkiye\u2019nin Birinci 500 B\u00fcy\u00fck Sanayi Kurulu\u015fu-2020\u201d listesine Mersin\u2019den ad\u0131n\u0131 yazd\u0131rma ba\u015far\u0131s\u0131 g\u00f6steren ve yat\u0131r\u0131mlar\u0131n\u0131 Mersin\u2019e yapan b\u00fct\u00fcn firmalar\u0131m\u0131z\u0131 tebrik ediyorum. \u0130SO 500\u2019e giren firmalar\u0131m\u0131z, \u00fclkemizin ve kentimizin gururu olmu\u015flard\u0131r. Listede bir\u00e7ok firmam\u0131z\u0131n yer almas\u0131, Mersin\u2019in hem vizyonu hem de ekonomik g\u00fcc\u00fc ve potansiyelini g\u00f6stermesi a\u00e7\u0131s\u0131ndan ayr\u0131ca \u00f6nem ta\u015f\u0131maktad\u0131r. \u00d6zellikle yerli firmalar\u0131m\u0131z\u0131n bu ba\u015far\u0131s\u0131, \u015fehrimizin ve b\u00f6lgemizin ekonomik olarak h\u0131zla geli\u015fmesine de katk\u0131 ve moral verecektir\u201d dedi.<br \/>\nMesaj\u0131n\u0131; \u201cT\u00fcm d\u00fcnyay\u0131 etkisi alt\u0131na alan Koronavir\u00fcs salg\u0131n\u0131 nedeniyle i\u00e7inden ge\u00e7ti\u011fimiz bu zorlu d\u00f6nemde; \u00fclkemizin kalk\u0131nmas\u0131, ekonomimizin b\u00fcy\u00fcmesi ve g\u00fc\u00e7lenmesinde katma de\u011fer \u00fcreten, insanlar\u0131m\u0131za istihdam sa\u011flayan firmalar\u0131m\u0131za te\u015fekk\u00fcr ediyorum\u201d diyerek s\u00fcrd\u00fcren Ba\u015fkan G\u00fcltak; \u201cBu firmalar\u0131m\u0131z\u0131n say\u0131s\u0131n\u0131n artmas\u0131n\u0131 ve ba\u015far\u0131lar\u0131n\u0131n devam\u0131n\u0131 diliyorum. Nitekim Covid-19 Pandemisi; tar\u0131m ve g\u0131dan\u0131n ulusal ve uluslararas\u0131 \u00f6l\u00e7ekte ne kadar stratejik bir sekt\u00f6r oldu\u011funu hepimize yeniden \u00f6\u011fretmi\u015ftir. Mersin; liman\u0131, karayolu ve havaliman\u0131n\u0131n bitmesi ile birlikte, lojistik maliyetlerini minimuma indirecek bir \u015fehir olacakt\u0131r. Bu a\u00e7\u0131dan firmalar\u0131m\u0131z\u0131 kentimize yat\u0131r\u0131m yapmaya davet ediyorum. Devletimiz, h\u00fck\u00fcmetimiz ve biz yerel y\u00f6neticiler; her t\u00fcrl\u00fc zorlu\u011fa ra\u011fmen \u00fclkemizin b\u00fcy\u00fcmesi ve geli\u015fmesi m\u00fccadelesinde \u00fcretim yapan, katma de\u011fer sa\u011flayan ve istihdam\u0131 artt\u0131ran firmalar\u0131m\u0131z\u0131n her zaman yan\u0131nday\u0131z\u201d ifadelerini kulland\u0131.<\/p>\n","protected":false},"excerpt":{"rendered":"<p>Akdeniz Belediye Ba\u015fkan\u0131 M. Mustafa G\u00fcltak, \u2018\u0130stanbul Sanayi Odas\u0131 (\u0130SO) taraf\u0131ndan her y\u0131l a\u00e7\u0131klanan \u201cT\u00fcrkiye\u2019nin Birinci 500 B\u00fcy\u00fck Sanayi Kurulu\u015fu-2020\u201d listesine Mersin\u2019den ad\u0131n\u0131 yazd\u0131ran firmalar\u0131 tebrik etti. Ba\u015fkan G\u00fcltak; \u201c\u0130SO &hellip; <a href=\"https:\/\/akdenizolaygazetesi.com\/?p=12566\" class=\"more-link\">Devam\u0131n\u0131 Oku&#8230;<\/a><\/p>\n","protected":false},"author":2,"featured_media":12568,"comment_status":"open","ping_status":"open","sticky":false,"template":"","format":"standard","meta":[],"categories":[8,1,2,3],"tags":[],"_links":{"self":[{"href":"https:\/\/akdenizolaygazetesi.com\/index.php?rest_route=\/wp\/v2\/posts\/12566"}],"collection":[{"href":"https:\/\/akdenizolaygazetesi.com\/index.php?rest_route=\/wp\/v2\/posts"}],"about":[{"href":"https:\/\/akdenizolaygazetesi.com\/index.php?rest_route=\/wp\/v2\/types\/post"}],"author":[{"embeddable":true,"href":"https:\/\/akdenizolaygazetesi.com\/index.php?rest_route=\/wp\/v2\/users\/2"}],"replies":[{"embeddable":true,"href":"https:\/\/akdenizolaygazetesi.com\/index.php?rest_route=%2Fwp%2Fv2%2Fcomments&post=12566"}],"version-history":[{"count":1,"href":"https:\/\/akdenizolaygazetesi.com\/index.php?rest_route=\/wp\/v2\/posts\/12566\/revisions"}],"predecessor-version":[{"id":12567,"href":"https:\/\/akdenizolaygazetesi.com\/index.php?rest_route=\/wp\/v2\/posts\/12566\/revisions\/12567"}],"wp:featuredmedia":[{"embeddable":true,"href":"https:\/\/akdenizolaygazetesi.com\/index.php?rest_route=\/wp\/v2\/media\/12568"}],"wp:attachment":[{"href":"https:\/\/akdenizolaygazetesi.com\/index.php?rest_route=%2Fwp%2Fv2%2Fmedia&parent=12566"}],"wp:term":[{"taxonomy":"category","embeddable":true,"href":"https:\/\/akdenizolaygazetesi.com\/index.php?rest_route=%2Fwp%2Fv2%2Fcategories&post=12566"},{"taxonomy":"post_tag","embeddable":true,"href":"https:\/\/akdenizolaygazetesi.com\/index.php?rest_route=%2Fwp%2Fv2%2Ftags&post=12566"}],"curies":[{"name":"wp","href":"https:\/\/api.w.org\/{rel}","templated":true}]}}