{"id":1257,"date":"2020-11-04T18:21:50","date_gmt":"2020-11-04T15:21:50","guid":{"rendered":"http:\/\/mersinekonomipolitikagazetesi.com\/?p=1257"},"modified":"2020-11-04T18:21:50","modified_gmt":"2020-11-04T15:21:50","slug":"tat-bakliyat-100-milyon-dolarlik-ihracatla-yuzde-44-buyudu","status":"publish","type":"post","link":"https:\/\/akdenizolaygazetesi.com\/?p=1257","title":{"rendered":"Tat Bakliyat, 100 milyon dolarl\u0131k ihracatla y\u00fczde 44 b\u00fcy\u00fcd\u00fc"},"content":{"rendered":"<p>Mersin ve T\u00fcrkiye\u2019nin \u00f6nde gelen firmalar\u0131ndan Tat Bakliyat, 2016\u2019da ata\u011fa ge\u00e7ti. Tat Bakliyat Y\u00f6netim Kurulu Ba\u015fkan Yard\u0131mc\u0131s\u0131 Veysel Memi\u015f, tam kapasite \u00e7al\u0131\u015ft\u0131klar\u0131 2016 y\u0131l\u0131nda 100 milyon dolar ihracata ula\u015ft\u0131klar\u0131n\u0131 belirterek, ihracatta y\u00fczde 44, ciroda y\u00fczde 20 b\u00fcy\u00fcme yakalad\u0131klar\u0131n\u0131 s\u00f6yledi.<\/p>\n<p>Ba\u015fkan Yard\u0131mc\u0131s\u0131 Memi\u015f, yaz\u0131l\u0131 bir a\u00e7\u0131klama yaparak, Tat Bakliyat\u0131n 2016\u2019da ger\u00e7ekle\u015ftirdi\u011fi b\u00fcy\u00fcmeyi anlatt\u0131. Memi\u015fo\u011flu Grup olarak 40. gurur y\u0131llar\u0131n\u0131 ya\u015fad\u0131klar\u0131n\u0131 vurgulayan Veysil Memi\u015f, Memi\u015fo\u011flu Grup\u2019un, Tat Bakliyat markas\u0131 ile yurt i\u00e7inde 30\u2019u a\u015fk\u0131n bayi a\u011f\u0131, \u0130stanbul, \u0130zmir ve Edirne\u2019de de b\u00f6lge m\u00fcd\u00fcrl\u00fckleri ile hizmet verdi\u011fini ifade etti. Ayr\u0131ca 82 \u00fclkeye ihracat yapt\u0131klar\u0131n\u0131 dile getiren Memi\u015f, Tat Bakliyat\u0131n, b\u00fcnyesindeki pirin\u00e7, bulgur, mercimek fabrikalar\u0131n\u0131n yan\u0131 s\u0131ra bakliyat eleme ve temizleme tesisleri, kilograml\u0131k paket ambalajlama tesisleri ile T\u00fcrkiye\u2019nin en b\u00fcy\u00fck \u00fcreticileri aras\u0131nda yer ald\u0131\u011f\u0131n\u0131 kaydetti. Memi\u015f, \u201c\u0130stanbul Sanayi Odas\u0131\u2019n\u0131n yapm\u0131\u015f oldu\u011fu ara\u015ft\u0131rmada T\u00fcrkiye\u2019nin en b\u00fcy\u00fck 500 sanayi kurulu\u015funun aras\u0131nda olan Tat Bakliyat, ayn\u0131 zamanda T\u00fcrkiye \u0130hracat\u00e7\u0131lar Meclisinin ilk bin ihracat\u00e7\u0131 firmas\u0131 aras\u0131nda yer almaktad\u0131r\u201d dedi.<br \/>\nT\u00fcm bakliyat \u00fcr\u00fcnlerinde geni\u015f \u00fcretim, ithalat ve ihracat a\u011f\u0131na sahip olduklar\u0131n\u0131 anlatan Memi\u015f, \u00f6zellikle T\u00fcrkiye ve Ortado\u011fu pazarlar\u0131nda hat\u0131r\u0131 say\u0131l\u0131r bir\u00e7ok geli\u015fme kaydettiklerini bildirdi. Ayn\u0131 zamanda \u2018Akasya\u2019 markas\u0131 ad\u0131 alt\u0131nda ay\u00e7i\u00e7ek ya\u011f\u0131, f\u0131nd\u0131k, Hindistan cevizi, kay\u0131s\u0131, leblebi, yer f\u0131st\u0131\u011f\u0131 gibi bir\u00e7ok g\u0131da \u00fcr\u00fcn\u00fcn\u00fcn ihracat\u0131na da ba\u015flad\u0131klar\u0131n\u0131 a\u00e7\u0131klayan Memi\u015f, \u201cBiz, y\u0131llar\u0131n verdi\u011fi tecr\u00fcbemiz ile birlikte d\u00fcnya g\u0131da t\u00fcketiminin ve ekonomik senaryolar\u0131n \u00fcstesinden geldi\u011fimizi d\u00fc\u015f\u00fcn\u00fcyoruz. Bu y\u00fczden her ko\u015fuldan etkilenmeden \u00e7\u0131kmaya gayret ediyoruz. Bug\u00fcne kadar ne yurt i\u00e7i ne de yurt d\u0131\u015f\u0131 pazarlarda bizi \u00e7ok etkileyen bir etken ile kar\u015f\u0131la\u015fmamakla birlikte her t\u00fcrl\u00fc tedbirimizi de almaya gayret ediyoruz. A\u011f\u0131r ve emin ad\u0131mlarla yolumuzda ilerliyoruz\u201d ifadelerini kulland\u0131.<br \/>\n\u201c100 milyon dolar ihracata ula\u015farak, ihracatta y\u00fczde 44 oran\u0131nda bir b\u00fcy\u00fcme elde ettik\u201d<br \/>\nFirmalar\u0131n\u0131n 2016 y\u0131l\u0131nda da tam kapasite \u00e7al\u0131\u015ft\u0131\u011f\u0131n\u0131 belirten Memi\u015f, ge\u00e7en yakla\u015f\u0131k 505 milyon lira ciroya ula\u015fan Tat Bakliyat\u0131n, cirosunun ayn\u0131 y\u0131l y\u00fczde 20 oran\u0131nda b\u00fcy\u00fcme g\u00f6sterdi\u011fini aktard\u0131. T\u00fcrkiye\u2019nin her b\u00f6lgesine \u00fcr\u00fcn g\u00f6nderebilen ender firmalardan biri olduklar\u0131n\u0131 savunan Memi\u015f, \u015f\u00f6yle devam etti: \u201c\u00dcr\u00fcnlerimizin y\u00fczde 55-60\u2019\u0131n\u0131 ihracata g\u00f6nderiyoruz. 2016 y\u0131l\u0131nda ihracat\u0131 artt\u0131rmaya odakland\u0131k. Toplam 100 milyon dolar ihracata ula\u015farak, ihracatta y\u00fczde 44 oran\u0131nda bir b\u00fcy\u00fcme elde ettik. Ayr\u0131ca Edirne Uzunk\u00f6pr\u00fc\u2019de \u00e7eltik fabrikam\u0131z\u0131 devreye soktuk. Kendi i\u00e7imizde de inovasyon yapmay\u0131, yenilikleri takip edip g\u00fcn\u00fcm\u00fcz piyasas\u0131na bamba\u015fka \u00fcr\u00fcnler ile girmeyi uzun vadede kendimize hedef koyduk.\u201d<br \/>\n\u201cMercimekte kapasite artt\u0131, s\u0131ra bulgurda\u201d<br \/>\nPazar pay\u0131n\u0131 yurt i\u00e7i ve yurt d\u0131\u015f\u0131nda artt\u0131rmaya odakland\u0131klar\u0131n\u0131 kaydeden Memi\u015f, mercimek fabrikas\u0131nda kapasite art\u0131r\u0131m\u0131na girdiklerini, bulgurda da kapasite art\u0131r\u0131m\u0131na gideceklerini belirtti. Baklagil \u00fcr\u00fcnlerini T\u00fcrkiye ve d\u00fcnyada t\u00fcm insanlara tan\u0131tmay\u0131 da kendilerine g\u00f6rev edindiklerinin alt\u0131n\u0131 \u00e7izen Memi\u015f, \u201cBu kadar sa\u011fl\u0131kl\u0131 besin maddelerinin gelecekte daha \u00e7ok insana ula\u015fmas\u0131 demek, daha sa\u011fl\u0131kl\u0131 nesillerin yeti\u015fmesi demektir\u201d dedi.<br \/>\nSon yat\u0131r\u0131mlar\u0131n\u0131 Edirne Uzunk\u00f6pr\u00fc\u2019ye yapt\u0131klar\u0131 bilgisini veren Memi\u015f, \u015funlar\u0131 kaydetti: \u201cFabrikay\u0131 18 bin metrekare alan \u00fczerine kurduk. Saatte 15 ton kapasiteli fabrikay\u0131 2016 son \u00e7eyre\u011finde devreye koyduk. Edirne\u2019de kurdu\u011fumuz fabrika sayesinde nakliye maliyetlerinde \u00f6nemli bir avantaj sa\u011flayaca\u011f\u0131z. \u0130stanbul\u2019da bir da\u011f\u0131t\u0131m depomuz da bulunuyor. Edirne\u2019de \u00fcretti\u011fimiz \u00e7eltik Ege ve Marmara b\u00f6lgesine g\u00f6nderiliyor. Mersin fabrikam\u0131zdaki g\u00fcnl\u00fck 240 ton olan \u00e7eltik k\u0131rma kapasitemiz, bu yat\u0131r\u0131m ile birlikte g\u00fcnl\u00fck 600 ton k\u0131rma kapasitesine ula\u015ft\u0131.\u201d<br \/>\n\u201cBakliyat unu projesine ba\u015fl\u0131yoruz\u201d<br \/>\nBu y\u0131l bakliyat kullan\u0131m alan\u0131n\u0131 geni\u015fletmek i\u00e7in \u2018Bakliyat Unu\u2019 projesine ba\u015flad\u0131klar\u0131n\u0131 dile getiren Memi\u015f, T\u00fcrkiye\u2019de \u00e7ok yayg\u0131n olmayan bu kullan\u0131m ile y\u00fcksek lif, protein, mineral, karbonhidrat i\u00e7eren \u00fcr\u00fcnlerin yemeklerde her alana girebilmesini hedeflediklerini anlatt\u0131. Memi\u015f, \u201c\u00d6zellikle \u00e7ocuklar ve sa\u011fl\u0131kl\u0131 beslenmek isteyen t\u00fcm insanlar i\u00e7in bu m\u00fcjdeyi de vermi\u015f olal\u0131m. \u00c7ok severek kullan\u0131laca\u011f\u0131ndan eminiz\u201d ifadelerini kulland\u0131.<br \/>\nBakliyat sanayisinin b\u00fcy\u00fcmeye a\u00e7\u0131k bir sekt\u00f6r oldu\u011funa i\u015faret eden Memi\u015f, bakliyat t\u00fcketiminin her ge\u00e7en g\u00fcn artt\u0131\u011f\u0131na dikkat \u00e7ekerek, \u015f\u00f6yle devam etti: \u201cBuna istinaden bilin\u00e7li g\u0131da t\u00fcketiminin her ge\u00e7en g\u00fcn artmas\u0131n\u0131 umuyoruz. Protein, lif, karbonhidrat a\u00e7\u0131s\u0131ndan besin de\u011feri y\u00fcksek bakliyat t\u00fcketiminin artmas\u0131n\u0131n desteklenmesi gerekti\u011fini hep s\u00f6yl\u00fcyoruz. \u00d6zellikle \u00e7ocuklar\u0131m\u0131z fast food olarak tabir edilen g\u0131dalardan ziyade bakliyat \u00fcr\u00fcnlerini t\u00fcketirse daha sa\u011fl\u0131kl\u0131 nesiller yeti\u015fece\u011fine inan\u0131yoruz. T\u00fcrkiye\u2019nin bu y\u0131lki bakliyat hasad\u0131 umuyoruz ki, yeterli miktarda \u00e7\u0131kacakt\u0131r. Bu sebeple bakliyat\u0131 t\u00fcketiciye daha uygun sunmak istiyoruz.\u201d<br \/>\n\u201cNohutta vergi indirimini olumlu, fasulyede olumsuz buluyoruz\u201d<br \/>\n\u015eu an d\u00fcnya genelinde nohut \u00fcretiminde b\u00fcy\u00fck bir sorun ya\u015fand\u0131\u011f\u0131n\u0131 ifade eden Memi\u015f, \u201cYurt d\u0131\u015f\u0131ndan getirdi\u011fimiz nohutlar\u0131n fiyatlar\u0131 eskiye oranla y\u00fczde 70-80 oran\u0131nda art\u0131\u015f g\u00f6sterdi. Bu sebeple \u00fclkemizde yap\u0131lm\u0131\u015f olan vergi indirimi nohut a\u00e7\u0131s\u0131ndan \u00e7ok yerinde bir karar oldu. Lakin fasulye i\u00e7in konu\u015fulan vergi indiriminin \u00e7ok gerekli oldu\u011funu d\u00fc\u015f\u00fcnm\u00fcyoruz. Zaten \u00fclkemizde fasulye \u00fcr\u00fcn\u00fcn\u00fcn fiyat\u0131 \u00e7ok y\u00fcksek de\u011fildir. Hatta son 45 g\u00fcnd\u00fcr piyasa giderek d\u00fc\u015fmektedir. TV\u2019de g\u00f6sterilen 10 liral\u0131k fasulyeler baz\u0131 y\u00f6relerimizde bulunan \u00f6zel \u00fcretim olan fasulyelerdir. T\u00fcrkiye genelinde fasulye fiyatlar\u0131 \u00e7ok y\u00fcksek de\u011fildir. Bu nedenle b\u00f6yle bir vergi indirimine gidilmesinin T\u00fcrk \u00fcretici a\u00e7\u0131s\u0131ndan \u00e7ift\u00e7ilerimizi \u00fczecek bir karar olaca\u011f\u0131n\u0131 d\u00fc\u015f\u00fcn\u00fcyorum\u201d dedi.<br \/>\nSekt\u00f6r\u00fcn en \u00f6nemli sorununun T\u00fcrkiye\u2019de bakliyat \u00fcretiminin d\u00fc\u015fmesi oldu\u011funu vurgulayan Memi\u015f, bu durumun bakliyat firmalar\u0131n\u0131 ithalata y\u00f6nlendirdi\u011fini savunarak, s\u00f6zlerini \u015f\u00f6yle tamamlad\u0131: \u201cUmar\u0131z ki, 90\u2019l\u0131 y\u0131llarda oldu\u011fu gibi d\u00fcnyaya ihra\u00e7 edebilece\u011fimiz kapasitede \u00fcr\u00fcn \u00fcretiriz, uygun fiyatlarla raflarda yerimizi al\u0131r\u0131z. T\u00fcrkiye bunu yapacak g\u00fc\u00e7tedir. Yeniden bu konuda yap\u0131lanmaya girmek \u00fclkemiz ad\u0131na hi\u00e7 zor olmayacakt\u0131r. \u00c7\u00fcnk\u00fc bu topraklar bize her zaman c\u00f6mert davranm\u0131\u015ft\u0131r.\u201d<\/p>\n","protected":false},"excerpt":{"rendered":"<p>Mersin ve T\u00fcrkiye\u2019nin \u00f6nde gelen firmalar\u0131ndan Tat Bakliyat, 2016\u2019da ata\u011fa ge\u00e7ti. Tat Bakliyat Y\u00f6netim Kurulu Ba\u015fkan Yard\u0131mc\u0131s\u0131 Veysel Memi\u015f, tam kapasite \u00e7al\u0131\u015ft\u0131klar\u0131 2016 y\u0131l\u0131nda 100 milyon dolar ihracata ula\u015ft\u0131klar\u0131n\u0131 belirterek, &hellip; <a href=\"https:\/\/akdenizolaygazetesi.com\/?p=1257\" class=\"more-link\">Devam\u0131n\u0131 Oku&#8230;<\/a><\/p>\n","protected":false},"author":1,"featured_media":0,"comment_status":"open","ping_status":"open","sticky":false,"template":"","format":"standard","meta":[],"categories":[],"tags":[],"_links":{"self":[{"href":"https:\/\/akdenizolaygazetesi.com\/index.php?rest_route=\/wp\/v2\/posts\/1257"}],"collection":[{"href":"https:\/\/akdenizolaygazetesi.com\/index.php?rest_route=\/wp\/v2\/posts"}],"about":[{"href":"https:\/\/akdenizolaygazetesi.com\/index.php?rest_route=\/wp\/v2\/types\/post"}],"author":[{"embeddable":true,"href":"https:\/\/akdenizolaygazetesi.com\/index.php?rest_route=\/wp\/v2\/users\/1"}],"replies":[{"embeddable":true,"href":"https:\/\/akdenizolaygazetesi.com\/index.php?rest_route=%2Fwp%2Fv2%2Fcomments&post=1257"}],"version-history":[{"count":0,"href":"https:\/\/akdenizolaygazetesi.com\/index.php?rest_route=\/wp\/v2\/posts\/1257\/revisions"}],"wp:attachment":[{"href":"https:\/\/akdenizolaygazetesi.com\/index.php?rest_route=%2Fwp%2Fv2%2Fmedia&parent=1257"}],"wp:term":[{"taxonomy":"category","embeddable":true,"href":"https:\/\/akdenizolaygazetesi.com\/index.php?rest_route=%2Fwp%2Fv2%2Fcategories&post=1257"},{"taxonomy":"post_tag","embeddable":true,"href":"https:\/\/akdenizolaygazetesi.com\/index.php?rest_route=%2Fwp%2Fv2%2Ftags&post=1257"}],"curies":[{"name":"wp","href":"https:\/\/api.w.org\/{rel}","templated":true}]}}