{"id":12573,"date":"2021-05-28T09:36:02","date_gmt":"2021-05-28T06:36:02","guid":{"rendered":"http:\/\/akdenizolaygazetesi.com\/?p=12573"},"modified":"2021-05-28T09:36:42","modified_gmt":"2021-05-28T06:36:42","slug":"gultak-27-mayis-1960-darbesi-turk-demokrasi-tarihinde-kara-bir-lekedir","status":"publish","type":"post","link":"https:\/\/akdenizolaygazetesi.com\/?p=12573","title":{"rendered":"G\u00dcLTAK; \u201c27 MAYIS 1960 DARBES\u0130, T\u00dcRK DEMOKRAS\u0130 TAR\u0130H\u0130NDE KARA B\u0130R LEKED\u0130R\u201d"},"content":{"rendered":"<p>a\u015fkan G\u00fcltak; \u201827 May\u0131s 1960 Askeri Darbesi\u2019nin 61\u2019inci y\u0131ld\u00f6n\u00fcm\u00fc nedeniyle yapt\u0131\u011f\u0131 konu\u015fmada; \u201c27 May\u0131s 1960 Askeri Darbesi, \u00fclkemiz demokrasi tarihi a\u00e7\u0131s\u0131ndan kara bir lekedir. Ba\u015fbakan\u0131m\u0131z Adnan Menderes ve iki bakan\u0131n\u0131n; s\u00f6zde bir mahkeme kurularak, s\u00f6zde bir yarg\u0131 karar\u0131 verilerek idam edilmeleri asla kabul edilemez\u201d dedi.<br \/>\nMersin B\u00fcy\u00fck\u015fehir Belediye Meclisi, May\u0131s ay\u0131 ikinci birle\u015fim toplant\u0131s\u0131nda s\u00f6z alan Akdeniz Belediye Ba\u015fkan\u0131 M. Mustafa G\u00fcltak, 27 May\u0131s 1960 y\u0131l\u0131nda ger\u00e7ekle\u015ftirilen askeri darbe sonucu as\u0131larak idam edilen Ba\u015fbakan Adnan Menderes ile Bakanlar Fatin R\u00fc\u015ft\u00fc Zorlu ve Hasan Polatkan\u2019\u0131n vefatlar\u0131n\u0131n 61\u2019inci y\u0131ld\u00f6n\u00fcm\u00fc nedeniyle bir konu\u015fma yapt\u0131. S\u00f6zlerine; \u201c1980 Darbesi\u2019ni g\u00f6rd\u00fcm, 28 \u015eubat\u2019\u0131 t\u00fcm \u015fiddetiyle ya\u015fad\u0131m. E-Muht\u0131rada \u0130l Ba\u015fkan\u0131 idim, dimdik durduk Mersin\u2019de\u201d diyerek ba\u015flayan Ba\u015fkan G\u00fcltak;<br \/>\n\u201c\u00dcst\u00fcne, FET\u00d6\u2019c\u00fclerin yapt\u0131\u011f\u0131 darbe giri\u015fiminde de sabaha kadar silah\u0131yla n\u00f6bet tutan bir karde\u015finiz olarak, t\u00fcm darbecileri, vesayet\u00e7ileri, cuntalar\u0131, PKK, FET\u00d6, Hizbullah, DEA\u015e\u2026 Ad\u0131 ne olursa olsun t\u00fcm ter\u00f6r \u00f6rg\u00fctlerini k\u0131n\u0131yorum. Hala bunlar\u0131n uzant\u0131lar\u0131 son d\u00f6nemde de operasyonlar\u0131na devam ediyor. Son g\u00fcnlerde de baz\u0131 mafya bozuntular\u0131 eliyle, T\u00fcrkiye Cumhuriyeti Devleti ve y\u00f6neticileri y\u0131prat\u0131lmak isteniyor. Ama o T\u00fcrkiye geride kald\u0131. FET\u00d6\u2019c\u00fclerin yapm\u0131\u015f oldu\u011fu hain darbe giri\u015fiminde, insanlar\u0131m\u0131z\u0131n soka\u011fa nas\u0131l indi\u011fini b\u00fct\u00fcn d\u00fcnya g\u00f6rd\u00fc\u201d ifadelerini kulland\u0131.<br \/>\n\u201c27 May\u0131s 1960 darbesi, demokrasimize s\u00fcr\u00fclm\u00fc\u015f kara bir lekedir\u201d<br \/>\nBa\u015fbakan Adnan Menderes\u2019in; 27 May\u0131s 1960 Darbesi ile s\u00f6zde bir mahkeme kurularak, s\u00f6zde bir yarg\u0131 karar\u0131 verilerek yol arkada\u015flar\u0131yla idam edilmesinin kabul edilemeyece\u011finin alt\u0131n\u0131 \u00e7izen Ba\u015fkan G\u00fcltak; \u201cBunun kadar kara ve haince bir karar olamaz. Lanet olsun b\u00f6yle kararlara! \u0130\u015fte bu y\u00fczden t\u00fcm d\u00fcnyaya bunu hayk\u0131r\u0131yoruz. T\u00fcrkiye Cumhuriyeti, ge\u00e7mi\u015fi ile birlikte \u00fc\u00e7 k\u0131taya h\u00fckmetmi\u015f, adalet sa\u011flam\u0131\u015f, b\u00fct\u00fcn din ve mezhepleri serbest b\u0131rakm\u0131\u015f, herkese \u00f6zg\u00fcrl\u00fck tan\u0131m\u0131\u015f \u015fanl\u0131 tarihi ile buradad\u0131r. Mustafa Kemal Atat\u00fcrk\u2019\u00fcn dedi\u011fi gibi, muas\u0131r medeniyetler yolunda h\u0131zla ilerliyoruz. Dolay\u0131s\u0131yla, bu kara tarihi k\u0131n\u0131yor ve lanetliyoruz. Rahmetli Ba\u015fbakan\u0131m\u0131z Adnan Menderes ve yol arkada\u015flar\u0131na Allah\u2019tan rahmet diliyorum. O\u2019nun gibi Cumhuriyetimizin ilk g\u00fcn\u00fcnden bug\u00fcne dek demokrasi i\u00e7in sava\u015fm\u0131\u015f, \u015fehit olmu\u015f t\u00fcm karde\u015flerimize rahmet diliyorum\u201d \u015feklinde konu\u015ftu.<br \/>\n\u201c\u00dclkemizi kar\u0131\u015ft\u0131rmak isteyenler, kar\u015f\u0131lar\u0131nda t\u00fcm milletimizi bulur\u201d<br \/>\nS\u00f6zlerini; \u201cBuradan herkese sesleniyoruz. Biz, bayra\u011f\u0131m\u0131z, cumhuriyetimi, topra\u011f\u0131m\u0131z i\u00e7in \u00f6lmeye haz\u0131r\u0131z\u201d \u201d diyerek s\u00fcrd\u00fcren Ba\u015fkan G\u00fcltak; \u201cHi\u00e7 kimse \u00fclkemizi kar\u0131\u015ft\u0131rmaya gelmesin. T\u00fcrkiye Cumhuriyeti \u00e7at\u0131s\u0131 alt\u0131nda b\u00fcy\u00fck bir millet vard\u0131r. Bizimle oynamay\u0131n, onlarsan\u0131z kar\u015f\u0131l\u0131\u011f\u0131n\u0131 al\u0131rs\u0131n\u0131z. Siyasi d\u00fc\u015f\u00fcncelerimiz, ideolojilerimiz, d\u00fcnya g\u00f6r\u00fc\u015f\u00fcm\u00fcz, dilimiz, mezhebimiz farkl\u0131 olabilir. Ama b\u00fct\u00fcn bu insanlar\u0131n yeg\u00e2ne kutsallar\u0131ndan bir tanesi de bayra\u011f\u0131 ve cumhuriyetidir. O y\u00fczden mesele bayrak, toprak ve cumhuriyet oldu\u011funda hepsi bir araya gelir ve \u015fer odaklar\u0131n\u0131 d\u0131\u015far\u0131ya atarlar\u201d dedi<\/p>\n","protected":false},"excerpt":{"rendered":"<p>a\u015fkan G\u00fcltak; \u201827 May\u0131s 1960 Askeri Darbesi\u2019nin 61\u2019inci y\u0131ld\u00f6n\u00fcm\u00fc nedeniyle yapt\u0131\u011f\u0131 konu\u015fmada; \u201c27 May\u0131s 1960 Askeri Darbesi, \u00fclkemiz demokrasi tarihi a\u00e7\u0131s\u0131ndan kara bir lekedir. Ba\u015fbakan\u0131m\u0131z Adnan Menderes ve iki bakan\u0131n\u0131n; &hellip; <a href=\"https:\/\/akdenizolaygazetesi.com\/?p=12573\" class=\"more-link\">Devam\u0131n\u0131 Oku&#8230;<\/a><\/p>\n","protected":false},"author":2,"featured_media":12575,"comment_status":"open","ping_status":"open","sticky":false,"template":"","format":"standard","meta":[],"categories":[1,2,3],"tags":[],"_links":{"self":[{"href":"https:\/\/akdenizolaygazetesi.com\/index.php?rest_route=\/wp\/v2\/posts\/12573"}],"collection":[{"href":"https:\/\/akdenizolaygazetesi.com\/index.php?rest_route=\/wp\/v2\/posts"}],"about":[{"href":"https:\/\/akdenizolaygazetesi.com\/index.php?rest_route=\/wp\/v2\/types\/post"}],"author":[{"embeddable":true,"href":"https:\/\/akdenizolaygazetesi.com\/index.php?rest_route=\/wp\/v2\/users\/2"}],"replies":[{"embeddable":true,"href":"https:\/\/akdenizolaygazetesi.com\/index.php?rest_route=%2Fwp%2Fv2%2Fcomments&post=12573"}],"version-history":[{"count":2,"href":"https:\/\/akdenizolaygazetesi.com\/index.php?rest_route=\/wp\/v2\/posts\/12573\/revisions"}],"predecessor-version":[{"id":12576,"href":"https:\/\/akdenizolaygazetesi.com\/index.php?rest_route=\/wp\/v2\/posts\/12573\/revisions\/12576"}],"wp:featuredmedia":[{"embeddable":true,"href":"https:\/\/akdenizolaygazetesi.com\/index.php?rest_route=\/wp\/v2\/media\/12575"}],"wp:attachment":[{"href":"https:\/\/akdenizolaygazetesi.com\/index.php?rest_route=%2Fwp%2Fv2%2Fmedia&parent=12573"}],"wp:term":[{"taxonomy":"category","embeddable":true,"href":"https:\/\/akdenizolaygazetesi.com\/index.php?rest_route=%2Fwp%2Fv2%2Fcategories&post=12573"},{"taxonomy":"post_tag","embeddable":true,"href":"https:\/\/akdenizolaygazetesi.com\/index.php?rest_route=%2Fwp%2Fv2%2Ftags&post=12573"}],"curies":[{"name":"wp","href":"https:\/\/api.w.org\/{rel}","templated":true}]}}