{"id":12577,"date":"2021-05-28T09:37:48","date_gmt":"2021-05-28T06:37:48","guid":{"rendered":"http:\/\/akdenizolaygazetesi.com\/?p=12577"},"modified":"2021-05-28T09:38:32","modified_gmt":"2021-05-28T06:38:32","slug":"baskan-secer-su-anda-1-milyar-367-milyon-lira-borc-bakiyemiz-var","status":"publish","type":"post","link":"https:\/\/akdenizolaygazetesi.com\/?p=12577","title":{"rendered":"BA\u015eKAN SE\u00c7ER: \u201c\u015eU ANDA 1 M\u0130LYAR 367 M\u0130LYON L\u0130RA BOR\u00c7 BAK\u0130YEM\u0130Z VAR\u201d"},"content":{"rendered":"<p>Mersin B\u00fcy\u00fck\u015fehir Belediye Meclisi\u2019nin 2021 y\u0131l\u0131 May\u0131s ay\u0131 toplant\u0131s\u0131n\u0131n ikinci birle\u015fimi, B\u00fcy\u00fck\u015fehir Belediye Ba\u015fkan\u0131 Vahap Se\u00e7er ba\u015fkanl\u0131\u011f\u0131nda Kongre ve Sergi Saray\u0131\u2019nda ger\u00e7ekle\u015ftirildi. Toplant\u0131n\u0131n \u00f6nemli bir konusu 2020 Mali Y\u0131l\u0131 Mersin B\u00fcy\u00fck\u015fehir Belediyesi Kesin Hesab\u0131 de\u011ferlendirmesi oldu. Ba\u015fkan Se\u00e7er, 2 milyar 247 milyon liral\u0131k bor\u00e7la devrald\u0131\u011f\u0131 belediye kasas\u0131n\u0131n borcunu 880 milyon lira azaltarak 1 milyar 367 milyon seviyelerine indirdikleri ve mali disiplini sa\u011flad\u0131klar\u0131n\u0131 vurgulad\u0131.<\/p>\n<p>\u201cBankalar ve piyasalar olmak \u00fczere B\u00fcy\u00fck\u015fehir\u2019in bor\u00e7 stoku 1 milyar 367 milyon lira\u201d<\/p>\n<p>Yapt\u0131\u011f\u0131 sunumda B\u00fcy\u00fck\u015fehir\u2019in hangi noktada oldu\u011funu, gelir-gider durumlar\u0131n\u0131 detayl\u0131ca a\u00e7\u0131klayan Ba\u015fkan Se\u00e7er, B\u00fcy\u00fck\u015fehir\u2019in kasas\u0131n\u0131n son durumu ile ilgili, \u201cBizim \u015fu anda 1 milyar 367 milyon lira bir bor\u00e7 bakiyemiz var. Banka kredi bor\u00e7 bakiyesi. Banka kredi borcu 979 bin 910 lira. Kalan emanetler k\u0131sm\u0131 dedi\u011fimiz 387 milyon liral\u0131k piyasa borcuyla beraber 1 milyar 367 milyon lira az \u00f6nce verdi\u011fim rakamla B\u00fcy\u00fck\u015fehir Belediyesi\u2019nin bor\u00e7 stoku var. Bankalar ve piyasalar. Biz bunlar\u0131 nereden getirdik? 2 milyar 247 milyon liralardan yakla\u015f\u0131k 880 milyon lira azaltarak 1 milyar 367 milyon seviyelerine getirdik. Alacak verecek tablomuz bu\u201d dedi.<\/p>\n<p>\u201cBizi yoran geriden gelen y\u00fcksek faiz oranlar\u0131yla yap\u0131lan bor\u00e7lanmalar\u201d<\/p>\n<p>Ge\u00e7mi\u015ften kaynakl\u0131 \u00e7ok ciddi bir finans y\u00fck\u00fc ile kar\u015f\u0131 kar\u015f\u0131ya olduklar\u0131n\u0131, bu konuda a\u00e7maza girdiklerini vurgulayan Se\u00e7er, faize \u00f6dedikleri miktarlarla alt ve \u00fcstyap\u0131 ile sosyal hizmetlere \u00e7ok daha fazla kaynak ay\u0131rabileceklerinin alt\u0131n\u0131 \u00e7izdi. Se\u00e7er, \u015funlar\u0131 s\u00f6yledi:<\/p>\n<p>\u201cBiz g\u00f6reve geldi\u011fimizden 30 Nisan g\u00fcn\u00fcne kadar toplamda \u00f6dedi\u011fimiz 820 milyon TL, eski d\u00f6nemden azalan bor\u00e7 miktar\u0131, 820 milyon TL\u2019nin 409 milyon 748 bin liras\u0131 banka kredilerinden kaynaklanan bizden \u00f6nce al\u0131nan, bizden sonra 164 milyon lira bir bor\u00e7lanma yap\u0131ld\u0131 onun faizi var, onu ayr\u0131 tutuyorum onu kar\u0131\u015ft\u0131rmayal\u0131m, \u00f6denen 820 milyon liran\u0131n yar\u0131s\u0131 anapara, yar\u0131s\u0131 faiz. Bu \u015fu anlama geliyor; biz bu \u00f6demelerin \u00e7o\u011funu faize \u00f6d\u00fcyoruz. 2 y\u0131lda 400 milyon lira gibi bir rakam e\u011fer makul bir seviye bir faiz miktar\u0131 olsayd\u0131 herhalde o parayla bu memlekete az \u00f6nce \u015fikayet edilen yolundan k\u00f6pr\u00fcs\u00fcne, sosyal hizmetlere kadar bir\u00e7ok konuda yaraya merhem olabilirdik. Demek ki bizi yoran geriden gelen y\u00fcksek faiz oranlar\u0131yla yap\u0131lan bor\u00e7lanmalar. Onun faiz \u00f6demeleri. Bizim d\u00f6nemde banka faizinden kaynakl\u0131 bir kuru\u015f \u00f6deme yok, bir kuru\u015f anapara \u00f6deme yok. Bizimki \u00f6n\u00fcm\u00fczdeki g\u00fcnlerde ba\u015fl\u0131yor. Biz iki y\u0131l \u00f6demesiz kulland\u0131k; kredi bor\u00e7lar\u0131m\u0131z iki y\u0131l \u00f6demesiz 164 milyon lira.\u201d<\/p>\n<p>2020 y\u0131l\u0131 Kesin Hesap \u00f6zetinden baz\u0131 de\u011ferlendirmeler yapan Se\u00e7er, s\u00f6zlerine \u015f\u00f6yle devam etti:<\/p>\n<p>\u201cBiz 2020 y\u0131l\u0131 gider b\u00fct\u00e7emizi 2 milyar 254 milyon lira olarak tahmin etmi\u015ftik. 250 milyon lira bor\u00e7lanma miktar\u0131m\u0131zla b\u00fct\u00e7e dengesi a\u00e7\u0131s\u0131ndan bakt\u0131\u011f\u0131m\u0131zda bu rakam\u0131n i\u00e7erisinde. Gelir kalemine onu yazm\u0131\u015ft\u0131k, gelirlerimiz olacak, 250 milyon bor\u00e7lanaca\u011f\u0131z, 2 milyar 254 milyon liral\u0131k bir mali hizmet al\u0131m\u0131 ya da yat\u0131r\u0131m\u0131 yapaca\u011f\u0131z. Biz bunun 1 milyar 619 milyon liras\u0131n\u0131 ger\u00e7ekle\u015ftirdik. Yani % 71 oran\u0131nda. 822 milyon liras\u0131 \u00f6dene\u011fini iptal ettik. Bunlar da \u015funlar arkada\u015flar; Metro, metro ihalesi 2021\u2019e kald\u0131, o zaman iptal oldu ya da pandemi dolay\u0131s\u0131yla \u00f6teledi\u011fimiz ihaleler vard\u0131, 2021 y\u0131l\u0131nda \u00e7\u0131kt\u0131\u011f\u0131m\u0131z. 348 milyon 753 bin liral\u0131k \u00f6dene\u011fi ise taahh\u00fctle devam eden i\u015flerden dolay\u0131 2021 y\u0131l\u0131na devrettik. Yani asl\u0131nda bakt\u0131\u011f\u0131n\u0131z zaman 2 milyar liral\u0131k gider b\u00fct\u00e7esinden biz bir ger\u00e7ekle\u015ftirme oran\u0131na sahibiz. 2 milyar 250 milyon lirayd\u0131. 250 milyonluk k\u0131sm\u0131n\u0131 bor\u00e7lanma alamad\u0131\u011f\u0131m\u0131z i\u00e7in tuttuk. 2 milyarl\u0131k k\u0131sm\u0131n tamam\u0131n\u0131 biz ger\u00e7ekle\u015ftirmi\u015f olduk. 348 milyonu yaln\u0131z bu y\u0131l\u0131n hesaplar\u0131nda g\u00f6r\u00fclm\u00fcyor, 2021 y\u0131l\u0131nda g\u00f6r\u00fcnecek. Gelirlerimize bakal\u0131m; ho\u015f 2 milyar 254 milyon lira gider b\u00fct\u00e7esi yap\u0131yorsunuz, geliriniz de o kadar olacak. O zaman dedik ki bunun 250 milyon liras\u0131n\u0131 bor\u00e7lan\u0131r\u0131z. Geri kalan\u0131 da bizim temel gelirlerimiz belli. Genel b\u00fct\u00e7e gelirlerinden ayr\u0131lan pay, \u0130ller Bankas\u0131 ve \u00f6z gelirlerimiz. Biz bu b\u00fct\u00e7e tahmininde de y\u0131lsonunda gelir b\u00fct\u00e7esinin 1 milyar 771 milyon liral\u0131k k\u0131sm\u0131n\u0131 ger\u00e7ekle\u015ftirmi\u015fiz ama net gelir \u00fczerinden konu\u015fulan, yani 2 milyar \u00fczerinden. Biz 250 milyon bor\u00e7lanma yapamad\u0131\u011f\u0131m\u0131z i\u00e7in hi\u00e7 katmayal\u0131m bunun i\u00e7erisine. 2 milyar\u0131n 1 milyar 770 milyon liras\u0131 ger\u00e7ekle\u015fmi\u015f oldu.\u201d<\/p>\n<p>\u201cVergi gelirlerinde \u00f6zellikle ilan ve reklam vergisi 9 milyon 310 bin lira\u201d<\/p>\n<p>2020 y\u0131l\u0131 vergi gelirlerinin 40 milyon 240 bin lirayla 2019 y\u0131l\u0131na oranla % 45 art\u0131\u015f g\u00f6sterdi\u011fini belirten Se\u00e7er, \u201cVergi gelirlerinde \u00f6zellikle ilan ve reklam vergisi 9 milyon 310 bin lira. 2019 y\u0131l\u0131na oranla %19 art\u0131\u015f g\u00f6stermi\u015ftir. Biz kimsenin pandemi oldu\u011fu i\u00e7in de tepesine \u00e7\u00f6k\u00fcp bu tahsilat\u0131 yapmad\u0131k. Bir d\u00fczene koydu\u011fumuz i\u00e7in biz bu \u00e7al\u0131\u015fmalar\u0131 2019 y\u0131l\u0131ndan ba\u015flatt\u0131k. 2020 y\u0131l\u0131nda bu \u00f6dentiler gelmeye ba\u015flad\u0131. Pandemi dolay\u0131s\u0131yla da geri ad\u0131m att\u0131k. Baz\u0131 esnaf \u00f6demedi, gecikti, affa u\u011frad\u0131 vesaire oldu. Onlar\u0131 i\u015fin i\u00e7inden ayr\u0131 tutuyoruz\u201d dedi.<\/p>\n<p>\u201cK\u0131smi s\u0131k\u0131nt\u0131lar vard\u0131 birer birer bu delikleri kapatt\u0131k\u201d<\/p>\n<p>Art\u0131\u015f g\u00f6steren \u00f6nemli kalemlerden birinin de 27 milyon 644 bin lirayla 2019 y\u0131l\u0131na oranla % 64 artan Toptanc\u0131 Hali geliri oldu\u011funa dikkat \u00e7eken Se\u00e7er, \u201c2019\u2019da y\u00f6netime geldik, 2018\u2019de Toptanc\u0131 Hallerinin gelirleri 11 milyon lira. 2019\u2019da ilk y\u0131l\u0131m\u0131zda 16 milyon 800 bin liraya \u00e7\u0131k\u0131yor. 2020 y\u0131l\u0131nda 27 milyon 674 bin liraya \u00e7\u0131k\u0131yor. Biz zam yapamay\u0131z hal r\u00fcsumu belli. Gelir kalemlerimiz belli, \u00e7\u0131k\u0131\u015f \u00fccreti, kantar, idari para cezalar\u0131, hizmet ve hal r\u00fcsumu. En b\u00fcy\u00fck gelirimiz bizim hal r\u00fcsumudur. Benim bahsetti\u011fim 27 milyon lira sadece hal r\u00fcsumu. Devletin \u00f6ng\u00f6rd\u00fc\u011f\u00fc yasalarla sabit olan hal r\u00fcsumu. \u00d6b\u00fcrlerini de katarsam 2018 y\u0131l\u0131nda gelir 13 milyon lira. 2019 y\u0131l\u0131nda 19 milyon 420 bin lira. 2020 y\u0131l\u0131nda 31 milyon 627 bin lira. B\u00f6yle bir art\u0131\u015f var. Ben sadece r\u00fcsum \u00f6nemlidir ya sebze fiyatlar\u0131 a\u015f\u0131r\u0131 artacak ya da ka\u00e7ak-kayb\u0131 \u00f6nleyeceksin. Ortalama sebze-meyve fiyatlar\u0131 biz bunlar\u0131n da analizini yap\u0131yoruz, \u00f6yle \u00e7ok a\u015f\u0131r\u0131 bir artma olmam\u0131\u015f. Cirolar artt\u0131 dediniz do\u011fru, \u00fcretim artt\u0131 dediniz do\u011fru ama bizim i\u00e7in \u00f6nemli olan \u00fcretim rakam\u0131 kap\u0131dan \u00e7\u0131k\u0131\u015fta beyan edilen. Orada sat\u0131lan de\u011fil. Do\u011fru ama hal kap\u0131s\u0131na yans\u0131m\u0131yordu, k\u0131smi s\u0131k\u0131nt\u0131lar vard\u0131 hepsinde bunlar\u0131n birer birer bu delikleri kapatt\u0131k. \u00c7ok \u00f6nemli \u00e7al\u0131\u015fmalar yapt\u0131k. Bu bir \u00f6rnek. Giderlerimizi kontrol alt\u0131na ald\u0131\u011f\u0131m\u0131z gibi gelirlerimizi de kontrol alt\u0131na al\u0131yoruz\u201d dedi.<\/p>\n<p>\u201c\u00d6z gelirlerimizde bir d\u00fczelme var ise bu disiplinli bir y\u00f6netim anlay\u0131\u015f\u0131n\u0131n eseridir\u201d<\/p>\n<p>B\u00fcy\u00fck\u015fehir Belediye Meclisi\u2019nde al\u0131nan kararla baz\u0131 bor\u00e7larda erteleme ya da terkin yoluna gittiklerini belirten Se\u00e7er, \u201cYani bizim gelirlerimizden fedak\u00e2rl\u0131k yapt\u0131k. Pandemiden dolay\u0131 vatanda\u015flar\u0131m\u0131za katk\u0131 sunmaya \u00e7al\u0131\u015ft\u0131k. Bu Meclis\u2019ten \u00e7\u0131kt\u0131 bu kararlar. Onlara ra\u011fmen \u00f6z gelirlerimizde bir d\u00fczelme var ise bu tamamen disiplinli bir y\u00f6netim anlay\u0131\u015f\u0131n\u0131n eseridir\u201d diye konu\u015ftu.<\/p>\n<p>\u201cTahsilatlarda bir d\u00fczen oldu\u201d<\/p>\n<p>2020 y\u0131l\u0131 Te\u015febb\u00fcs ve M\u00fclkiyet Gelirleri\u2019nin 96 milyon 787 bin lira oldu\u011funu a\u00e7\u0131klayan Ba\u015fkan Se\u00e7er, 2019 y\u0131l\u0131na oranla bu rakam\u0131n y\u00fczde 6 oran\u0131nda d\u00fc\u015f\u00fc\u015f g\u00f6sterdi\u011fini s\u00f6yledi. Pandemi dolay\u0131s\u0131yla ula\u015f\u0131m gibi kalemlerdeki tahsilatlarda 38 milyon 280 bin liral\u0131k bir \u00f6nceki y\u0131la oranla y\u00fczde 27 oran\u0131nda bir d\u00fc\u015f\u00fc\u015f\u00fcn s\u00f6z konusu oldu\u011funu kaydeden Se\u00e7er, \u201cDi\u011fer hizmet gelirlerimizde art\u0131\u015f g\u00f6zlenmi\u015f. Ta\u015f\u0131nmaz ve kira gelirlerimiz 28 milyon 733 bin liradan 2019 y\u0131l\u0131na oranla y\u00fczde 92 art\u0131\u015f g\u00f6stermi\u015f. Ne oldu kira oranlar\u0131 m\u0131 bu kadar artt\u0131? Hay\u0131r. Tahsilatlarda bir d\u00fczen oldu\u201d diye konu\u015ftu.<\/p>\n<p>\u201cOtogarda \u00e7\u00f6z\u00fclen sorun kasam\u0131za gelir olarak yans\u0131d\u0131\u201d<\/p>\n<p>Tahsilatlarla ilgili olu\u015fan d\u00fczene ili\u015fkin olarak otogar \u00f6rne\u011fini veren Ba\u015fkan Se\u00e7er, \u201cOtogarda bir sorun \u00e7\u00f6z\u00fcld\u00fc, o kasam\u0131za gelir olarak yans\u0131d\u0131. Yine ecri misiller kiraya d\u00f6nd\u00fc. Bir\u00e7ok m\u00fclk\u00fcm\u00fcz ecri misil olarak kullan\u0131l\u0131yordu, bunlar\u0131 kiraya d\u00f6nd\u00fcrd\u00fck. \u0130\u015fgalcileri kald\u0131rd\u0131k, m\u00fclklerimizi, ta\u015f\u0131nmazlar\u0131m\u0131z\u0131 derledik, toparlad\u0131k, buradaki art\u0131\u015f sebebi tamamen odur. Yoksa biz biliyorsunuz 6 ayl\u0131k kira alm\u0131yoruz \u015fimdi, ilk 6 ay i\u00e7in, ge\u00e7mi\u015f d\u00f6nemde ertelemeler yapt\u0131k T\u00fcrkiye B\u00fcy\u00fck Millet Meclisi\u2019nin karar\u0131yla. Baz\u0131 kira gelirlerinde \u00f6telemeye gittik, terkine gittik. Onlara ra\u011fmen bir art\u0131\u015f g\u00f6zlemleniyor ve ciddi bir art\u0131\u015f\u201d ifadelerine yer verdi.<\/p>\n<p>\u201c2020 y\u0131l\u0131 merkezi idare gelirleri tahminimizin alt\u0131nda\u201d<\/p>\n<p>2020 y\u0131l\u0131 b\u00fct\u00e7esinde \u0130ller Bankas\u0131 ve Maliye Bakanl\u0131\u011f\u0131\u2019ndan al\u0131nan pay tahminlerinin 1 milyar 650 milyon lira oldu\u011funu belirten Ba\u015fkan Se\u00e7er, \u201c135 milyon lira eksik ger\u00e7ekle\u015fti. \u00d6zellikle ge\u00e7ti\u011fimiz y\u0131l\u0131n May\u0131s-Haziran-Temmuz aylar\u0131 gelirlerimiz \u00e7ok d\u00fc\u015fm\u00fc\u015ft\u00fc ve bu rakam da tahminimizin alt\u0131nda kald\u0131. 135 milyon lira y\u0131l baz\u0131nda bir rakama tekab\u00fcl etti. Toplam gelirimiz 1 milyar 515 milyon lira\u201d dedi.<\/p>\n<p>\u201c135 milyon lira tahmini b\u00fct\u00e7enin alt\u0131na d\u00fc\u015fm\u00fc\u015f\u00fcz\u201d<\/p>\n<p>Ba\u015fkan Se\u00e7er, 2020 y\u0131l\u0131ndaki di\u011fer gelirlerinin merkezi idare paylar\u0131 da dahil olmak \u00fczere 1 milyar 618 milyon lira tahsilatla 2019 y\u0131l\u0131na oranla y\u00fczde 26\u2019l\u0131k art\u0131\u015f g\u00f6sterdi\u011fini vurgulad\u0131. Bunun do\u011fal bir art\u0131\u015f oldu\u011funu s\u00f6zlerine ekleyen Se\u00e7er, \u201cYeniden de\u011ferleme oran\u0131 y\u00fczde 22.01 olarak al\u0131rsan\u0131z, bu rakamlar cari rakamlarla de\u011ferlendirilirse bu art\u0131\u015f art\u0131\u015f de\u011fil. Hani y\u00fczde 26 artm\u0131\u015f. \u0130yi de cari rakamlar bunlar. Hani bu 2021\u2019de il\u00e7e belediyelerinde de artacak. Ama bizim beklentimizin \u00f6zellikle Maliye, \u0130ller Bankas\u0131 gelirlerindeki beklentimizin rakam olarak, nispi olarak s\u00f6ylemiyorum, 135 milyon lira sadece orada net g\u00f6r\u00fclen, tahmini b\u00fct\u00e7enin alt\u0131na d\u00fc\u015fm\u00fc\u015f\u00fcz. Bu da belediyemizin ne kadar ger\u00e7ek\u00e7i ve do\u011fru bir b\u00fct\u00e7e yapt\u0131\u011f\u0131 anlam\u0131na gelmektedir\u201d diye konu\u015ftu.<\/p>\n<p>\u201cEmtia fiyatlar\u0131nda ge\u00e7ti\u011fimiz y\u0131l i\u00e7erisinde \u00e7ok ciddi art\u0131\u015flar ger\u00e7ekle\u015fti\u201d<\/p>\n<p>Ba\u015fkan Se\u00e7er, 2019 y\u0131l\u0131na oranla personel giderlerinin y\u00fczde 13, mal ve hizmet al\u0131m giderlerinin ise y\u00fczde 25 art\u0131\u015f g\u00f6sterdi\u011fini vurgulad\u0131. 2020 y\u0131l\u0131 giderlerinde personel giderlerindeki b\u00fct\u00e7e ger\u00e7ekle\u015fmesinin y\u00fczde 98 oldu\u011funu vurgulayan Se\u00e7er, bu oran\u0131n mal ve hizmet al\u0131m giderlerinde ise y\u00fczde 95 oldu\u011funu kaydetti. Zorunlu giderlerdeki art\u0131\u015fa dair a\u00e7\u0131klamalarda bulunan Ba\u015fkan Se\u00e7er, \u015funlar\u0131 s\u00f6yledi:<\/p>\n<p>\u201cT\u00fcketime y\u00f6nelik mal ve malzeme al\u0131mlar\u0131, bu k\u0131rtasiye malzemeleri, temizlik malzemeleri vs., zorunlu giderlerimiz, enflasyon, serbest piyasa d\u00f6viz art\u0131\u015flar\u0131na ba\u011fl\u0131 maliyet art\u0131\u015flar\u0131na ra\u011fmen hizmetler aksat\u0131lmadan yakla\u015f\u0131k olarak 210 milyon liral\u0131k bir harcama ile 2019 y\u0131l\u0131na oranla sadece y\u00fczde 17 art\u0131\u015f g\u00f6stermi\u015ftir. Oysa ki emtia fiyatlar\u0131nda \u00e7ok ciddi ge\u00e7ti\u011fimiz y\u0131l i\u00e7erisinde art\u0131\u015flar ger\u00e7ekle\u015fti.\u201d<\/p>\n<p>\u201cPersonel giderlerinde 30 b\u00fcy\u00fck\u015fehir aras\u0131nda d\u00f6rd\u00fcnc\u00fc s\u0131raday\u0131z\u201d<\/p>\n<p>Temsil ve tan\u0131tma giderlerinde y\u00fczde 11 oran\u0131nda d\u00fc\u015f\u00fc\u015f oldu\u011funu da s\u00f6zlerine ekleyen Ba\u015fkan Se\u00e7er, personel giderleri s\u0131ralamas\u0131nda 30 b\u00fcy\u00fck\u015fehir belediyesi aras\u0131nda Mersin B\u00fcy\u00fck\u015fehir Belediyesi\u2019nin ilk 10\u2019da oldu\u011funu belirtti. Mersin B\u00fcy\u00fck\u015fehir Belediyesi\u2019nde yakla\u015f\u0131k 1200 memur, 650 kadrolu i\u015f\u00e7i bulundu\u011funu kaydeden Se\u00e7er, \u201cD\u00f6rd\u00fcnc\u00fc s\u0131raday\u0131z. Memur ve kadrolu i\u015f\u00e7i. Di\u011fer s\u00fcrekli i\u00e7si stat\u00fcs\u00fcnde olanlar bu hesaplar\u0131n i\u00e7inde de\u011fil. Bizim, ki\u015fi ba\u015f\u0131na d\u00fc\u015fen personel giderimiz yani n\u00fcfusa oranlad\u0131\u011f\u0131m\u0131z zaman 134 lira. Personel giderlerinin b\u00fct\u00e7e giderlerine oran\u0131 y\u00fczde 15.52. Yine personel giderlerinin b\u00fct\u00e7e gelirlerine oran\u0131 y\u00fczde 14.19. Biz s\u00fcrekli i\u015f\u00e7i stat\u00fcs\u00fcnde olan \u00e7al\u0131\u015fanlar\u0131m\u0131z\u0131n \u00fccretlerini de buna dahil etti\u011fimiz zaman hem gelir b\u00fct\u00e7emizde hem gider b\u00fct\u00e7emizde ortalama olarak bizden ald\u0131\u011f\u0131 pay y\u00fczde 45\u201d diye konu\u015ftu.<\/p>\n<p>\u201cHane halk\u0131na yap\u0131lan yard\u0131mlarda y\u00fczde 120 oran\u0131nda bir art\u0131\u015f s\u00f6z konusu\u201d<\/p>\n<p>Pandemiden dolay\u0131 hane halk\u0131na yap\u0131lan yard\u0131mlarda y\u00fczde 120 art\u0131\u015f oldu\u011funu vurgulayan Se\u00e7er, \u015funlar\u0131 s\u00f6yledi:<\/p>\n<p>\u201cG\u0131da kolisinden Halk Kart\u2019a, \u00f6\u011frenci yard\u0131mlar\u0131ndan s\u00fct, mama katk\u0131lar\u0131na kadar pandemi d\u00f6neminde vatanda\u015flar\u0131m\u0131za yapt\u0131\u011f\u0131m\u0131z katk\u0131lar. Bizim hane halk\u0131na yapt\u0131\u011f\u0131m\u0131z yard\u0131mlar 2019 y\u0131l\u0131 i\u00e7erisinde 10 milyon 309 bin lirayd\u0131. Ge\u00e7en y\u0131l\u0131 22 milyon 632 bin lira ile tamamlad\u0131k. Yani pandemi kaynakl\u0131 y\u00fczde 120 gibi bir art\u0131\u015f s\u00f6z konusu. 2021 y\u0131l\u0131 i\u00e7erisinde de 49 milyon b\u00fct\u00e7e ile ge\u00e7en y\u0131l b\u00fct\u00fcn sosyal hizmetlerin harcamalar\u0131n\u0131 tamamlad\u0131k. Hane halk\u0131na yap\u0131lan yard\u0131mlar\u0131n d\u0131\u015f\u0131nda da bir\u00e7ok kalem var. 49 milyon lira harcad\u0131k. \u015eu anda yeni b\u00fct\u00e7emiz 56 milyon lira ama bir ek \u00f6denek aktard\u0131k 12 milyon daha. Bu y\u0131l da tahmini olarak ge\u00e7en y\u0131l 49 milyon lira olan Sosyal Hizmetler Dairemizin harcamalar\u0131 68 milyon liraya evrilecek. Bu da yakla\u015f\u0131k olarak y\u00fczde 35\u2019lik bir art\u0131\u015fa tekab\u00fcl eder. Bu da pandemi \u015fartlar\u0131n\u0131n getirdi\u011fi bir durumdur.\u201d<\/p>\n<p>Say\u0131\u015ftay\u2019\u0131n 2020 Y\u0131l\u0131 Denetim Raporu\u2019ndan al\u0131nt\u0131lar yaparak s\u00f6zlerini s\u00fcrd\u00fcren Ba\u015fkan Se\u00e7er, \u201c2020 y\u0131l\u0131nda gelirler bir \u00f6nceki y\u0131la g\u00f6re 350 milyon 846 bin TL\u2019lik yani y\u00fczde 24.71 art\u0131\u015f g\u00f6stermi\u015ftir. Bu Say\u0131\u015ftay bulgusu. Gelir art\u0131\u015f\u0131m\u0131z 350 milyon 846 bin lira. Cari rakamlarla, bu sizi yan\u0131ltmas\u0131n. Asl\u0131nda gelirler bir anlamda ayn\u0131\u201d ifadelerine yer verdi.<\/p>\n<p>\u201cGelir y\u00f6netiminde sa\u011flanan ba\u015far\u0131 da bu art\u0131\u015fta etkili olmu\u015ftur\u201d<\/p>\n<p>Say\u0131\u015ftay Raporu\u2019ndan ifadelere yer vererek konu\u015fmas\u0131n\u0131 s\u00fcrd\u00fcren Ba\u015fkan Se\u00e7er, \u201c\u2018Di\u011fer gelirlerde 331 milyon 622 bin lira ve sermaye gelirleri 829 bin lira tutar\u0131nda da art\u0131\u015flar, toplam art\u0131\u015f \u00fczerinde belirleyici olmu\u015ftur. Art\u0131\u015f\u0131n b\u00fcy\u00fck bir oranda devral\u0131nan belde belediyelerinin gelirlerini ve ayn\u0131 \u015fekilde merkezi idare vergi gelirlerinden al\u0131nan paylar\u0131n eklenmesi sonucu artt\u0131\u011f\u0131 anla\u015f\u0131lmakla birlikte, gelir y\u00f6netiminde sa\u011flanan ba\u015far\u0131 da bu art\u0131\u015fta etkili olmu\u015ftur.\u2019 Bu, Say\u0131\u015ftay denet\u00e7isinin c\u00fcmlesi. \u00d6zellikle gider y\u00f6n\u00fcnde yine Say\u0131\u015ftay denet\u00e7isi \u015f\u00f6yle bitiriyor; \u2018\u00f6zellikle b\u00fct\u00e7e y\u00f6netiminde dengenin sa\u011flanmas\u0131 amac\u0131yla tasarrufa gidilerek sermaye ve faiz giderleri azalt\u0131lm\u0131\u015f ve b\u00fct\u00e7e fazlas\u0131 verilmi\u015ftir\u2019\u201d dedi.<\/p>\n<p>\u201cSay\u0131\u015ftay Raporu diyor ki; \u2018karde\u015fim bu adamlar 2020 y\u0131l\u0131nda bu belediyeyi \u00e7ok iyi y\u00f6netmi\u015f\u2019\u201d<\/p>\n<p>Rapordaki ifadeleri \u00f6zetleyen Ba\u015fkan Se\u00e7er, \u201cDiyor ki herkesin anlayaca\u011f\u0131 dilde; \u2018karde\u015fim bu adamlar 2020 y\u0131l\u0131nda bu belediyeyi \u00e7ok iyi y\u00f6netmi\u015f. B\u00fct\u00e7eyi \u00e7ok iyi yapm\u0131\u015f. \u00c7ok ger\u00e7ek\u00e7i yapm\u0131\u015f. \u0130sraf\u0131 ortadan kald\u0131rm\u0131\u015f. Tasarrufa gitmi\u015f. Faize, borca d\u00fc\u015fmemi\u015f. Kontrol\u00fc eline alm\u0131\u015f, gelirlerini m\u00fcmk\u00fcn oldu\u011fu seviyede y\u00fckseltmi\u015f. Giderlerini azaltm\u0131\u015f ve b\u00fct\u00e7e fazlas\u0131 vermi\u015f\u2019\u201d diye konu\u015ftu.<\/p>\n<p>\u201cSiz o d\u00f6nemde bana bor\u00e7lanma verseydiniz, bu tefeci faizlerine son verecektik\u201d<\/p>\n<p>Ba\u015fkan Se\u00e7er, \u015fu anda y\u00fcksek faiz y\u00fck\u00fc alt\u0131nda olduklar\u0131n\u0131 anlatarak, \u201cO da Meclis\u2019in su\u00e7udur. Cumhur \u0130ttifak\u0131\u2019n\u0131n vebalidir. Bak\u0131n a\u00e7\u0131k s\u00f6yl\u00fcyorum; siz o d\u00f6nemde bana bor\u00e7lanma verseydiniz, bu tefeci faizlerine biz son verecektik. Tefeci faizine ben faiz \u00f6d\u00fcyorum. 400 milyonu konu\u015fuyoruz. El insaf! Y\u00fczde 8\u2019lerle tekrar hat\u0131rlat\u0131yorum. Bak\u0131n dedim: \u2018Spot krediler \u00e7\u0131k\u0131yor.\u2019 Biz i\u015f d\u00fcnyas\u0131ndan gelen siyaset\u00e7iyiz. Para nas\u0131l kullan\u0131l\u0131r? Nas\u0131l pazarl\u0131k edilir? Nerede, nas\u0131l bulunur, bunlar\u0131 bilirim ben. Elimi rahatlat\u0131n. Ben i\u015f bilirim. Siz bana bor\u00e7lanma yetkisi verdiniz diye ben yar\u0131n gidip bor\u00e7 y\u00fck\u00fc alt\u0131na girmeyece\u011fim. Emin olun, g\u00fcvenin! Bana itimat edin! Ben d\u00fc\u015f\u00fck faizden bor\u00e7lanay\u0131m hi\u00e7 olmazsa \u015fu y\u00fcksek faizi, giderleri durduray\u0131m\u2019 dedim. Dedim mi demedim mi bunu? Tutanaklarda var m\u0131, yok mu?\u201d diye konu\u015ftu.<\/p>\n<p>Projelerin ger\u00e7ekle\u015fme oranlar\u0131na da de\u011finen Se\u00e7er, \u201c2018 y\u0131l\u0131nda 568 milyon, harcama tutar\u0131 278, projelerin fiziki ger\u00e7ekle\u015fme oran\u0131 y\u00fczde 48. 2019 y\u0131l\u0131nda 203 milyon liraya \u00e7ekmi\u015fiz kontroll\u00fc. Ama fiziki ger\u00e7ekle\u015fme oran\u0131nda y\u00fczde 45\u2019lerde kalm\u0131\u015f. 2020 y\u0131l\u0131nda 452 milyona y\u00fckseltmi\u015fiz. Fiziki ger\u00e7ekle\u015fme oran\u0131 y\u00fczde 96. Sondan ba\u015fa d\u00f6n\u00fcyorum. Fiziki ger\u00e7ekle\u015fme oran\u0131 y\u00fczde 96 iken, parasal ger\u00e7ekle\u015fme oran\u0131 y\u00fczde 92. Bir \u00f6nceki y\u0131l fiziki ger\u00e7ekle\u015fme oran\u0131 y\u00fczde 45 iken parasal ger\u00e7ekle\u015fme oran\u0131 y\u00fczde 54. 2018\u2019de fiziki ger\u00e7ekle\u015fme y\u00fczde 48 iken, parasal ger\u00e7ekle\u015fme oran\u0131 y\u00fczde 49. Somut olarak nereden bakacaks\u0131n\u0131z? Parasal ger\u00e7ekle\u015fme\u201d dedi.<\/p>\n<p>\u201c\u0130ddia ediyorum 2021 y\u0131l\u0131nda ger\u00e7ekle\u015fme oran\u0131 y\u00fczde 100\u2019\u00fcn \u00fczerinde olacak\u201d<\/p>\n<p>B\u00fct\u00e7e ve yat\u0131r\u0131m oranlar\u0131na ili\u015fkin de a\u00e7\u0131klamalar yapan Ba\u015fkan Se\u00e7er, \u201c2019 y\u0131l\u0131nda yat\u0131r\u0131m b\u00fct\u00e7emizin toplam b\u00fct\u00e7emize oran\u0131 y\u00fczde 17. 203 milyona d\u00fc\u015f\u00fcrd\u00fck dedim ya. 2020 y\u0131l\u0131nda bu oran\u0131 y\u00fczde 22\u2019ye \u00e7\u0131karm\u0131\u015f\u0131z. \u00c7\u00fcnk\u00fc b\u00fct\u00e7emiz sabit kalm\u0131\u015f 2 milyar 250 milyon lira. Ayn\u0131 tutmu\u015fuz ama yat\u0131r\u0131mlar\u0131 art\u0131rm\u0131\u015f\u0131z. Gelmi\u015fiz 2021 y\u0131l\u0131na. 2 milyar 695 milyon lira b\u00fct\u00e7e yapm\u0131\u015f\u0131z. B\u00fct\u00e7emiz artm\u0131\u015f ama \u015fu anda yat\u0131r\u0131m b\u00fct\u00e7esinin toplam b\u00fct\u00e7eye oran\u0131 ka\u00e7 biliyor musunuz? Y\u00fczde 29. Hem b\u00fct\u00e7em artm\u0131\u015f hem de b\u00fct\u00e7em i\u00e7erisindeki yat\u0131r\u0131m oran\u0131m artm\u0131\u015f. \u0130ddia ediyorum. Allah nasip edecek. Allah sa\u011fl\u0131k verecek. Yine burada ben 2021 y\u0131l\u0131n\u0131n rakamlar\u0131n\u0131 a\u00e7\u0131klayaca\u011f\u0131m. Ger\u00e7ekle\u015fme oran\u0131 y\u00fczde 100\u2019\u00fcn \u00fczerinde olacak\u201d dedi.<\/p>\n<p>Ba\u015fkan Se\u00e7er, Yol Yap\u0131m Bak\u0131m ve Onar\u0131m Dairesi\u2019nde ilk 5 ayda y\u00fczde 45 oran\u0131n\u0131n \u00fczerinde ger\u00e7ekle\u015fme sa\u011flad\u0131klar\u0131n\u0131 belirterek, \u201cYeni bir haz\u0131rl\u0131\u011f\u0131m\u0131z var. G\u00f6\u00e7men Kav\u015fa\u011f\u0131\u2019ndan Hal Kav\u015fa\u011f\u0131\u2019na kadar. Tarsus\u2019ta Berdan Baraj\u0131\u2019n\u0131n oradaki mesire yerinde \u00e7ok \u015f\u0131k, 22 milyon de\u011ferinde bir k\u00f6pr\u00fc olacak. \u015eu anda Lamos\u2019ta 12 milyon liral\u0131k bir k\u00f6pr\u00fc yap\u0131yoruz. S\u0131rf \u00fcreticimiz \u00fcr\u00fcnlerini k\u0131sa yolda g\u00f6t\u00fcrs\u00fcn diye. Bunlar bedava olmuyor. \u00c7ok s\u00fcratle yap\u0131yoruz\u201d diye konu\u015ftu.<\/p>\n","protected":false},"excerpt":{"rendered":"<p>Mersin B\u00fcy\u00fck\u015fehir Belediye Meclisi\u2019nin 2021 y\u0131l\u0131 May\u0131s ay\u0131 toplant\u0131s\u0131n\u0131n ikinci birle\u015fimi, B\u00fcy\u00fck\u015fehir Belediye Ba\u015fkan\u0131 Vahap Se\u00e7er ba\u015fkanl\u0131\u011f\u0131nda Kongre ve Sergi Saray\u0131\u2019nda ger\u00e7ekle\u015ftirildi. Toplant\u0131n\u0131n \u00f6nemli bir konusu 2020 Mali Y\u0131l\u0131 Mersin &hellip; <a href=\"https:\/\/akdenizolaygazetesi.com\/?p=12577\" class=\"more-link\">Devam\u0131n\u0131 Oku&#8230;<\/a><\/p>\n","protected":false},"author":2,"featured_media":12579,"comment_status":"open","ping_status":"open","sticky":false,"template":"","format":"standard","meta":[],"categories":[8,1,3,6],"tags":[],"_links":{"self":[{"href":"https:\/\/akdenizolaygazetesi.com\/index.php?rest_route=\/wp\/v2\/posts\/12577"}],"collection":[{"href":"https:\/\/akdenizolaygazetesi.com\/index.php?rest_route=\/wp\/v2\/posts"}],"about":[{"href":"https:\/\/akdenizolaygazetesi.com\/index.php?rest_route=\/wp\/v2\/types\/post"}],"author":[{"embeddable":true,"href":"https:\/\/akdenizolaygazetesi.com\/index.php?rest_route=\/wp\/v2\/users\/2"}],"replies":[{"embeddable":true,"href":"https:\/\/akdenizolaygazetesi.com\/index.php?rest_route=%2Fwp%2Fv2%2Fcomments&post=12577"}],"version-history":[{"count":1,"href":"https:\/\/akdenizolaygazetesi.com\/index.php?rest_route=\/wp\/v2\/posts\/12577\/revisions"}],"predecessor-version":[{"id":12578,"href":"https:\/\/akdenizolaygazetesi.com\/index.php?rest_route=\/wp\/v2\/posts\/12577\/revisions\/12578"}],"wp:featuredmedia":[{"embeddable":true,"href":"https:\/\/akdenizolaygazetesi.com\/index.php?rest_route=\/wp\/v2\/media\/12579"}],"wp:attachment":[{"href":"https:\/\/akdenizolaygazetesi.com\/index.php?rest_route=%2Fwp%2Fv2%2Fmedia&parent=12577"}],"wp:term":[{"taxonomy":"category","embeddable":true,"href":"https:\/\/akdenizolaygazetesi.com\/index.php?rest_route=%2Fwp%2Fv2%2Fcategories&post=12577"},{"taxonomy":"post_tag","embeddable":true,"href":"https:\/\/akdenizolaygazetesi.com\/index.php?rest_route=%2Fwp%2Fv2%2Ftags&post=12577"}],"curies":[{"name":"wp","href":"https:\/\/api.w.org\/{rel}","templated":true}]}}