{"id":1258,"date":"2020-11-04T18:21:50","date_gmt":"2020-11-04T15:21:50","guid":{"rendered":"http:\/\/mersinekonomipolitikagazetesi.com\/?p=1258"},"modified":"2020-11-04T18:21:50","modified_gmt":"2020-11-04T15:21:50","slug":"baskan-kocamaz-hayirsever-is-adamlari-ile-bir-araya-geldi","status":"publish","type":"post","link":"https:\/\/akdenizolaygazetesi.com\/?p=1258","title":{"rendered":"Ba\u015fkan Kocamaz, hay\u0131rsever i\u015f adamlar\u0131 ile bir araya geldi"},"content":{"rendered":"<p>Mersin B\u00fcy\u00fck\u015fehir Belediye Ba\u015fkan\u0131 Burhanettin Kocamaz, g\u0131da sekt\u00f6r\u00fcnde faaliyet g\u00f6steren i\u015fadamlar\u0131 ile bir araya geldi. Ramazan ay\u0131n\u0131n yard\u0131mla\u015fma ve bereket ay\u0131 oldu\u011funu belirten Kocamaz, ihtiya\u00e7 sahiplerine Ramazan ay\u0131nda yard\u0131meli uzat\u0131lmas\u0131 konusunda hay\u0131rsever i\u015f adamlar\u0131ndan destek istedi.<\/p>\n<p>Mersin B\u00fcy\u00fck\u015fehir Belediyesi, Ramazan ay\u0131n\u0131n yakla\u015fmas\u0131 ile beraber haz\u0131rl\u0131klar\u0131na son h\u0131zla devam ederken, Ba\u015fkan Kocamaz ise g\u0131da sekt\u00f6r\u00fcnde faaliyet g\u00f6steren i\u015f adamlar\u0131 ile ak\u015fam yeme\u011finde araya geldi. Kocamaz, i\u015f adamlar\u0131 ile yakla\u015fan Ramazan ay\u0131nda ihtiya\u00e7 sahiplerine yard\u0131m edilmesi ve kentin sorunlar\u0131 \u00fczerine sohbet etti. Ama\u00e7lar\u0131n\u0131n Mersin\u2019deki Ramazan ve yard\u0131mla\u015fma k\u00fclt\u00fcr\u00fcn\u00fc ya\u015fatmak oldu\u011funu ifade eden Kocamaz, &#8220;G\u00f6reve geldi\u011fimiz g\u00fcnden bu yana sosyal hizmetler anlam\u0131nda ihtiya\u00e7 sahiplerine y\u00f6nelik yard\u0131mlar, burslar dahil olmak \u00fczere bir\u00e7ok hizmeti hayata ge\u00e7iriyoruz. Hi\u00e7bir istisna ger\u00e7ekle\u015ftirmiyoruz. Ayr\u0131m yapm\u0131yoruz. Ama sadece bizlerin \u00e7abas\u0131yla bu ihtiya\u00e7lar\u0131 kar\u015f\u0131lamay\u0131z. Kentin \u00f6nde gelen i\u015f adamlar\u0131n\u0131n da bu konuda bizlere destek olmas\u0131 gerekiyor\u201d dedi.<br \/>\nG\u00f6reve geldikleri g\u00fcnden bu yana Mersin\u2019de Ramazan aylar\u0131n\u0131, Ramazan k\u00fclt\u00fcr\u00fcne ve gelene\u011fine uygun olarak ya\u015fatmay\u0131 ama\u00e7lad\u0131klar\u0131n\u0131 kaydeden Kocamaz, \u201cBiz Ramazan ve yard\u0131mla\u015fma k\u00fclt\u00fcr\u00fcn\u00fc Mersin\u2019de ya\u015fatmak istiyoruz. Yard\u0131mla\u015fmay\u0131 artt\u0131rmam\u0131z laz\u0131m. \u0130htiya\u00e7 sahibi vatanda\u015flar\u0131m\u0131z\u0131n say\u0131s\u0131 \u00e7ok fazla. Baz\u0131 i\u015f adamlar\u0131 bana gelerek, \u2018Hizmetlerinizde biz de size destek olmak istiyoruz\u2019 dediler. Karma\u015fa olmamas\u0131 ad\u0131na belli bir merkezden bu yard\u0131mlar ve da\u011f\u0131t\u0131mlar yap\u0131l\u0131rsa karga\u015fan\u0131n \u00f6n\u00fcne ge\u00e7ilebilir. Biz de sizleri bug\u00fcn bu ama\u00e7la davet ettik. B\u00f6yle bir sosyal projede nas\u0131l bir y\u00f6ntem se\u00e7ilir, nas\u0131l bir yol izleriz diye konu\u015fmak istedik\u201d \u015feklinde konu\u015ftu.<br \/>\nYemekte i\u015f adamlar\u0131n\u0131n sorular\u0131n\u0131 yan\u0131tlayan ve onlarla sohbet eden Kocamaz, Mersin B\u00fcy\u00fck\u015fehir Belediyesi\u2019nin sosyal hizmetler kapsam\u0131nda hayata ge\u00e7irdi\u011fi hizmetler hakk\u0131nda bilgiler verdi.<\/p>\n","protected":false},"excerpt":{"rendered":"<p>Mersin B\u00fcy\u00fck\u015fehir Belediye Ba\u015fkan\u0131 Burhanettin Kocamaz, g\u0131da sekt\u00f6r\u00fcnde faaliyet g\u00f6steren i\u015fadamlar\u0131 ile bir araya geldi. Ramazan ay\u0131n\u0131n yard\u0131mla\u015fma ve bereket ay\u0131 oldu\u011funu belirten Kocamaz, ihtiya\u00e7 sahiplerine Ramazan ay\u0131nda yard\u0131meli uzat\u0131lmas\u0131 &hellip; <a href=\"https:\/\/akdenizolaygazetesi.com\/?p=1258\" class=\"more-link\">Devam\u0131n\u0131 Oku&#8230;<\/a><\/p>\n","protected":false},"author":1,"featured_media":0,"comment_status":"open","ping_status":"open","sticky":false,"template":"","format":"standard","meta":[],"categories":[],"tags":[],"_links":{"self":[{"href":"https:\/\/akdenizolaygazetesi.com\/index.php?rest_route=\/wp\/v2\/posts\/1258"}],"collection":[{"href":"https:\/\/akdenizolaygazetesi.com\/index.php?rest_route=\/wp\/v2\/posts"}],"about":[{"href":"https:\/\/akdenizolaygazetesi.com\/index.php?rest_route=\/wp\/v2\/types\/post"}],"author":[{"embeddable":true,"href":"https:\/\/akdenizolaygazetesi.com\/index.php?rest_route=\/wp\/v2\/users\/1"}],"replies":[{"embeddable":true,"href":"https:\/\/akdenizolaygazetesi.com\/index.php?rest_route=%2Fwp%2Fv2%2Fcomments&post=1258"}],"version-history":[{"count":0,"href":"https:\/\/akdenizolaygazetesi.com\/index.php?rest_route=\/wp\/v2\/posts\/1258\/revisions"}],"wp:attachment":[{"href":"https:\/\/akdenizolaygazetesi.com\/index.php?rest_route=%2Fwp%2Fv2%2Fmedia&parent=1258"}],"wp:term":[{"taxonomy":"category","embeddable":true,"href":"https:\/\/akdenizolaygazetesi.com\/index.php?rest_route=%2Fwp%2Fv2%2Fcategories&post=1258"},{"taxonomy":"post_tag","embeddable":true,"href":"https:\/\/akdenizolaygazetesi.com\/index.php?rest_route=%2Fwp%2Fv2%2Ftags&post=1258"}],"curies":[{"name":"wp","href":"https:\/\/api.w.org\/{rel}","templated":true}]}}