{"id":12583,"date":"2021-05-28T09:41:44","date_gmt":"2021-05-28T06:41:44","guid":{"rendered":"http:\/\/akdenizolaygazetesi.com\/?p=12583"},"modified":"2021-05-28T09:42:31","modified_gmt":"2021-05-28T06:42:31","slug":"siyasi-tetikcilik-yapmis-biz-denetciler-kurulu-seciyoruz-tetikci-secmiyoruz","status":"publish","type":"post","link":"https:\/\/akdenizolaygazetesi.com\/?p=12583","title":{"rendered":"\u201cS\u0130YAS\u0130 TET\u0130K\u00c7\u0130L\u0130K YAPMI\u015e. B\u0130Z DENET\u00c7\u0130LER KURULU SE\u00c7\u0130YORUZ, TET\u0130K\u00c7\u0130 SE\u00c7M\u0130YORUZ\u201d"},"content":{"rendered":"<p>Mersin B\u00fcy\u00fck\u015fehir Belediyesi Mersin Su ve Kanalizasyon \u0130daresi (MESK\u0130) Genel M\u00fcd\u00fcrl\u00fc\u011f\u00fc 2021 y\u0131l\u0131 May\u0131s Ay\u0131 Ola\u011fan Genel Kurul Toplant\u0131s\u0131\u2019n\u0131n 1. Birle\u015fimi, B\u00fcy\u00fck\u015fehir Belediye Ba\u015fkan\u0131 Vahap Se\u00e7er ba\u015fkanl\u0131\u011f\u0131nda ger\u00e7ekle\u015ftirildi. Genel Kurul\u2019da; 9 g\u00fcndem ve 1 g\u00fcndem d\u0131\u015f\u0131 olmak \u00fczere toplam 10 madde g\u00f6r\u00fc\u015f\u00fcld\u00fc. Genel Kurul\u2019da ilk olarak MESK\u0130\u2019nin hizmetlerinin yer ald\u0131\u011f\u0131 video izlendi. MESK\u0130 Genel M\u00fcd\u00fcrl\u00fc\u011f\u00fc 2020 Mali Y\u0131l\u0131 Faaliyet Raporu, Meclis Ba\u015fkan Vekili Mehmet \u00c7elik ba\u015fkanl\u0131\u011f\u0131nda g\u00f6r\u00fc\u015f\u00fcld\u00fc. Ba\u015fkan Se\u00e7er, 26 ayd\u0131r 13 il\u00e7eye hi\u00e7bir ayr\u0131m g\u00f6zetmeden hizmet g\u00f6t\u00fcrd\u00fcklerini vurgulayarak, MESK\u0130 Genel M\u00fcd\u00fcrl\u00fc\u011f\u00fc Y\u00f6netim Kurulu\u2019nun bir \u00f6nceki y\u0131l \u00e7al\u0131\u015fmalar\u0131na ili\u015fkin haz\u0131rlanan Denet\u00e7i Raporu\u2019nda siyasi yorumlar yap\u0131ld\u0131\u011f\u0131n\u0131, raporun yok h\u00fckm\u00fcnde oldu\u011funu s\u00f6yledi.<\/p>\n<p>\u201c\u00d6ncelikli, ivedi sorunlar\u0131 \u00e7\u00f6zme ama\u00e7l\u0131 projelerimizi hayata ge\u00e7iriyoruz\u201d<\/p>\n<p>Meclis \u00fcyelerinin MESK\u0130 ile ilgili yapt\u0131klar\u0131 de\u011ferlendirmelere te\u015fekk\u00fcr eden Ba\u015fkan Se\u00e7er, \u201cTabi ki marifet iltifata tabidir. Ho\u015fumuza gidiyor. Elbette g\u00fczel i\u015fler yapt\u0131\u011f\u0131m\u0131z zaman, bu da takdir edildi\u011fi zaman ho\u015fumuza gidiyor. Ama eksiklerimiz de oldu\u011fu g\u00f6r\u00fcl\u00fcyor. Yap\u0131lan ele\u015ftirilerden de bunlar\u0131 g\u00f6rmek m\u00fcmk\u00fcn. \u00c7ok i\u015fler yapt\u0131\u011f\u0131m\u0131z\u0131 da. Takdir ederseniz 26 ayl\u0131k s\u00fcrede, 13 il\u00e7emizde herhangi bir ayr\u0131m g\u00f6zetmeksizin, ihtiya\u00e7 \u00f6ncelikli, ivedi sorunlar\u0131 \u00e7\u00f6zme ama\u00e7l\u0131 projelerimizi bir bir hayata ge\u00e7iriyoruz. \u00d6nemli ve de\u011ferli bir kurum MESK\u0130. Bir kere bunu s\u00f6ylemem laz\u0131m. Su insan hayat\u0131nda de\u011ferli. Her bir Meclis \u00fcyemiz bunu dile getirdi. \u00d6zellikle k\u00fcresel \u0131s\u0131nma kaynakl\u0131 iklim de\u011fi\u015fikli\u011fi s\u00fcrecinde su bir kez daha \u00f6nemli hale geldi. T\u00fcrkiye de su zengini bir \u00fclke de\u011fil. Su fakiri de de\u011fil ama i\u015fte eh arada derede. Yaln\u0131z tedbir al\u0131nmazsa su fakiri bir \u00fclke haline gelece\u011fiz\u201d dedi.<\/p>\n<p>Mersin\u2019in \u00f6zel bir yer oldu\u011funu ve Toros Da\u011flar\u0131 gibi \u00e7ok muazzam bir su kayna\u011f\u0131n\u0131n bulundu\u011funu anlatan Ba\u015fkan Se\u00e7er, \u201cAntalya s\u0131n\u0131r\u0131ndan Adana s\u0131n\u0131r\u0131na kadar her lokasyonda, her b\u00f6lgede, her yerle\u015fim yerine su kayna\u011f\u0131 bulma f\u0131rsat\u0131n\u0131z var, imk\u00e2n\u0131n\u0131z var. Yeter ki makul, ak\u0131ll\u0131, bilimsel projeler ortaya koyabilelim. Onun i\u00e7in de MESK\u0130 birimleri aras\u0131nda, \u00f6zellikle proje, et\u00fct, planlama. Bunlar \u00e7ok \u00f6nemli \u00e7al\u0131\u015fmalar. Burada ba\u015fl\u0131yor. E\u011fer burada do\u011fru i\u015fler yap\u0131l\u0131rsa, yani g\u00f6mle\u011fin d\u00fc\u011fmesi do\u011fru iliklenirse a\u015fa\u011f\u0131 do\u011fru do\u011fru bir \u015fekilde gidiyor\u201d diye konu\u015ftu.<\/p>\n<p>\u201cHer b\u00f6lgeye ula\u015fmaya \u00e7al\u0131\u015f\u0131yoruz. Her b\u00f6lgede yat\u0131r\u0131m yap\u0131yoruz\u201d<\/p>\n<p>Meclis \u00fcyelerinin sorular\u0131na da tek tek yan\u0131t vermeye devam eden Se\u00e7er, altyap\u0131 eksikliklerini gidermek i\u00e7in her b\u00f6lgeye ula\u015ft\u0131klar\u0131n\u0131 s\u00f6yledi. Se\u00e7er, \u201cHer b\u00f6lgede yat\u0131r\u0131m yap\u0131yoruz. Yapmaya \u00e7al\u0131\u015fm\u0131yoruz, yap\u0131yoruz. Nereden yap\u0131yoruz? \u00d6z kaynaklarla yap\u0131yoruz. Nereden yap\u0131yoruz? Buldu\u011fumuz uzun vadeli, uygun finansman maliyeti olan kredilerle yap\u0131yoruz ya da FRIT II gibi, Avrupa Birli\u011fi&#8217;nin fonlar\u0131 gibi baz\u0131 enstr\u00fcmanlar\u0131 da kullan\u0131yoruz. \u00d6rne\u011fin az \u00f6nce Say\u0131n \u00d6zturhan\u2019\u0131n sordu\u011fu Akdeniz il\u00e7esi Toroslar Mahallesi Homurlu, Adanal\u0131o\u011flu, Kazanl\u0131. O b\u00f6lgedeki kanalizasyon \u00e7al\u0131\u015fmalar\u0131 ki 10 milyon avroluk bir hibe. Protokol ve di\u011fer prosed\u00fcrler s\u00fcratle devam ediyor. \u0130ller Bankas\u0131 \u00fczerinden ger\u00e7ekle\u015fiyor. Yine FRIT II kapsam\u0131nda 17 milyon avroluk Mezitli \u0130\u00e7me Suyu \u015eebeke Hatt\u0131\u2019n\u0131n yenilenmesi var. Her \u015fey tamam. \u0130haleye \u00e7\u0131k\u0131yoruz. Uzun s\u00fcredir u\u011fra\u015f veriyorduk. Az \u00f6nce Say\u0131n Topkara hakl\u0131 olarak oraya i\u015faret etti. Erdemli T\u00f6m\u00fck B\u00f6lgesi, Arpa\u00e7, T\u00f6m\u00fck. O b\u00f6lgedeki kanalizasyon sistemi yine orada da yakla\u015f\u0131k olarak 15 milyon avro civar\u0131nda bir yat\u0131r\u0131mla kanalizasyon \u00e7al\u0131\u015fmalar\u0131 ba\u015flayacak. Bunlar da FRIT II kapsam\u0131nda. Yani tamam\u0131 hibe. Maalesef bunlar zaman al\u0131yor. Bir taraftan pandeminin getirdi\u011fi gecikmeler var. \u00c7\u00fcnk\u00fc yurtd\u0131\u015f\u0131 krediler. Yine ucuz maliyetli, JICA kredileri. En \u00f6nemlilerinden biri Anamur Otluca Su Projesi. TL baz\u0131nda yeni fiyatlarla 150 milyon liral\u0131k, yani 15 milyon avroluk bir yat\u0131r\u0131m\u201d ifadelerini kulland\u0131.<\/p>\n<p>\u201cBunlar\u0131n ete kemi\u011fe b\u00fcr\u00fcnmesi i\u00e7in \u0130ller Bankas\u0131\u2019n\u0131n da yo\u011fun gayret g\u00f6stermesi gerekiyor\u201d<\/p>\n<p>Mersin merkezde oldu\u011fu gibi Anamur, Bozyaz\u0131, G\u00fclnar, Mut ve Ayd\u0131nc\u0131k\u2019\u0131n evsel at\u0131klar\u0131n\u0131 \u015fu anda Silifke\u2019ye ta\u015f\u0131d\u0131klar\u0131n\u0131 dile getiren Se\u00e7er, \u201cBunlardan da ilave bir bedel almadan yap\u0131yoruz.  Bunu yapma nedenimiz tamamen \u00e7evre kirlili\u011fine y\u00f6nelik bu tehditleri ortadan kald\u0131rmak. O tesis i\u00e7in de asl\u0131nda daha \u00f6nce hibe \u015feklinde bir kredi \u00e7\u0131km\u0131\u015f 22 milyon avro. \u00d6nemli bir rakam. Maalesef mahkeme s\u00fcre\u00e7leri. Biliyorsunuz bu tip krediler belli bir s\u00fcrede kullan\u0131lmay\u0131nca geri gidiyor ve s\u00fcrekli s\u00f6yledi\u011fim, otob\u00fcs al\u0131m\u0131 i\u00e7in IBRD kredisi gibi zaman\u0131nda i\u015flemlerinizi yapmazsan\u0131z o kredi geri gidecek. Ya da FRIT II kapsam\u0131nda kulland\u0131r\u0131lma konusunda s\u00f6z verilen krediler zaman\u0131nda i\u015flemlerini, evraklar\u0131n\u0131 tamamlamazsan\u0131z bir problem ya\u015farsan\u0131z bu krediler ba\u015fka taraflara gider. Bu 2 proje i\u00e7in, yani Otluca ve Bozyaz\u0131, Ayd\u0131nc\u0131k, Anamur hatt\u0131n\u0131n evsel at\u0131klar\u0131n\u0131 toplayacak d\u00fczenli kat\u0131 at\u0131k depolama alanlar\u0131n\u0131n kredileri JICA kredisi olarak \u015fu anda \u0130ller Bankas\u0131 ile y\u00fcr\u00fctt\u00fc\u011f\u00fcm\u00fcz ortak \u00e7al\u0131\u015fmalarla bitirilmeye \u00e7al\u0131\u015f\u0131lan projeler ama bunlar k\u00e2\u011f\u0131t \u00fczerinde. Bu krediler \u015fu anda k\u00e2\u011f\u0131t \u00fczerinde. Bunlar\u0131n ete kemi\u011fe b\u00fcr\u00fcnmesi i\u00e7in \u0130ller Bankas\u0131\u2019n\u0131n da yo\u011fun gayret g\u00f6stermesi gerekiyor\u201d diye konu\u015ftu.<\/p>\n<p>\u201cSiz \u015fik\u00e2yet etmekte hakl\u0131s\u0131n\u0131z, biz de istemekte hakl\u0131y\u0131z\u201d<\/p>\n<p>MESK\u0130\u2019nin b\u00fct\u00e7e denkli\u011fi i\u00e7in 85 milyon liral\u0131k bor\u00e7lanma yapmas\u0131na y\u00f6nelik yetki verilmesi taleplerinin bulundu\u011funu ifade eden Se\u00e7er, \u201cNeden bunu istiyoruz? Hem her birinizin istedi\u011fi yat\u0131r\u0131mlar\u0131 aksatmadan yapmak, su hayati \u00f6nem ta\u015f\u0131yor, su kesildi mi hakl\u0131 olarak insanlar \u015fik\u00e2yet ediyor. Kanalizasyon yola akt\u0131\u011f\u0131 zaman hakl\u0131 olarak insanlar \u015fik\u00e2yet ediyor. \u00c7\u00f6pleri d\u00fczg\u00fcn bir \u015fekilde al\u0131nmad\u0131\u011f\u0131 zaman insanlar hakl\u0131 olarak \u015fik\u00e2yet ediyor. B\u00fct\u00fcn bu \u00e7evre tehditlerini ve insanl\u0131\u011f\u0131n biyolojik ya\u015fam\u0131n\u0131 s\u00fcrd\u00fcrmede olmazsa olmaz bu unsurlar\u0131n yerine getirilmesi i\u00e7in gerekli olan \u00e7al\u0131\u015fmalar\u0131 yapmak \u00fczere bizim finansmana ihtiyac\u0131m\u0131z var. Siz \u015fik\u00e2yet etmekte hakl\u0131s\u0131n\u0131z, biz de istemekte hakl\u0131y\u0131z\u201d dedi.<\/p>\n<p>\u201c\u00dccret politikam\u0131zda a\u015f\u0131r\u0131 bir y\u00fckselme s\u00f6z konusu de\u011fil\u201d<\/p>\n<p>Ba\u015fkan Se\u00e7er, MESK\u0130\u2019nin tahsilatlar\u0131ndaki geli\u015fmelerden de bahsederken, \u015funlar\u0131 s\u00f6yledi:<\/p>\n<p>\u201c\u015eu anda Nisan 2021 sonu itibariyle 219 milyon lira alaca\u011f\u0131m\u0131z s\u00f6z konusu. Bunlar\u0131n 143 milyon liras\u0131 normal, faturalar\u0131 zaman\u0131nda \u00f6denmemi\u015f ama k\u0131sa bir s\u00fcrelik gecikmeler olmu\u015f ya da zaman\u0131nda \u00f6denen faturalar kapsam\u0131nda ya da aboneler kapsam\u0131nda herhangi bir sorun te\u015fkil etmeyen normal alacaklar\u0131m\u0131z. 59 milyon 730 bin liral\u0131k k\u0131sm\u0131, bunlar maalesef takipte olan, yani Hukuk Birimimizde olan alacaklar\u0131m\u0131z kalemi. Di\u011fer 15 milyon 950 bin liral\u0131k k\u0131sm\u0131 da daha \u00f6nce sorun ya\u015fanm\u0131\u015f ama yap\u0131land\u0131r\u0131lm\u0131\u015f, peyderpey \u00f6denen paralar. Gelirlerimizde d\u00fc\u015fme oldu mu? Elbette ki tahsilatlarda gecikme oldu. Gelirlere tahsilatlarda gecikme olarak yans\u0131d\u0131. Su t\u00fcketiminde bir azalma yok. Ama buna mukabil bizim \u00fccret politikam\u0131zda da ba\u015flad\u0131\u011f\u0131m\u0131z g\u00fcnden bug\u00fcne kadar a\u015f\u0131r\u0131 bir y\u00fckselme s\u00f6z konusu de\u011fil. Bunun temel etmenlerinden bir tanesi de pandemi s\u00fcrecini ya\u015f\u0131yor olmam\u0131z. Oysa ki girdi maliyetlerine paralel bir art\u0131\u015f s\u00f6z konusu olsa su fiyatlar\u0131 bug\u00fcnk\u00fc rakamlar\u0131n \u00fcst\u00fcnde olur. Biz T\u00fcrkiye\u2019de de son yapt\u0131\u011f\u0131m\u0131z d\u00fczenlemelerle 30 B\u00fcy\u00fck\u015fehir i\u00e7erisinde \u015fu anda uygun bir s\u0131rada su fiyatlar\u0131n\u0131 vatanda\u015flar\u0131m\u0131za yans\u0131tan bir kurumuz.\u201d<\/p>\n<p>\u201cBizden \u00f6nce yap\u0131lm\u0131\u015f olsa bug\u00fcn bunlar\u0131 konu\u015fmuyor olacakt\u0131k\u201d<\/p>\n<p>Se\u00e7er, ayr\u0131ca Tarsus ve \u00c7aml\u0131yayla\u2019ya verilecek hizmetler hakk\u0131nda da bilgi verdi. Se\u00e7er, mahalle mahalle yap\u0131lacak alt yap\u0131 \u00e7al\u0131\u015fmalar\u0131n\u0131 anlatarak, Tarsus\u2019un Atgirmez mevkiinde yap\u0131lacak \u00e7al\u0131\u015fmalarla ilgili \u015funlar\u0131 s\u00f6yledi:<\/p>\n<p>\u201cBiz herhangi bir b\u00f6lgesel fark, etnik fark g\u00f6zetmeksizin yap\u0131yoruz. Oraya da yapaca\u011f\u0131z buraya da yapaca\u011f\u0131z. Bahsedilen yerde 5 binin \u00fczerinde insan ya\u015f\u0131yor ve yeralt\u0131 su seviyesi olduk\u00e7a y\u00fcksek bir yer. Yani taban arazi deriz, ya\u011fmur ya\u011fd\u0131\u011f\u0131 zaman hani oradan \u00e7ok affedersiniz derler ya \u2018cam\u0131z \u00e7\u0131kmaz\u2019, o derece \u00e7ukur yerler. Dolay\u0131s\u0131yla siz de takdir edersiniz ki oradaki foseptik kuyular\u0131 \u00e7ok h\u0131zl\u0131 dolar ve etrafa \u00e7ok b\u00fcy\u00fck s\u0131k\u0131nt\u0131lar yapar. Onun i\u00e7in de ova projesini Huzurkent\u2019ten ald\u0131k, \u015fimdi do\u011fuya do\u011fru devam ediyoruz ve bunlar\u0131 da ova mahallelerinde, da\u011fl\u0131k b\u00f6lgelerdeki mahallelerde hepsini h\u0131zland\u0131raca\u011f\u0131z. Biliyorsunuz 2014&#8217;ten bu yana bu b\u00f6lgelerin altyap\u0131 \u00e7al\u0131\u015fmalar\u0131n\u0131 B\u00fcy\u00fck\u015fehir yap\u0131yor. Bizden \u00f6nceki d\u00f6nemlerde yap\u0131lan \u00e7al\u0131\u015fmalar da belli. Bizden \u00f6nce yap\u0131lm\u0131\u015f olsa bug\u00fcn bunlar\u0131 konu\u015fmuyor olacakt\u0131k. Ama bu demek de\u011fil ki hi\u00e7bir \u015fey yap\u0131lmam\u0131\u015f. Her d\u00f6nem bir \u015feyler yap\u0131l\u0131yor ama ne kadar yap\u0131ld\u0131\u011f\u0131na bakmak laz\u0131m. Onun i\u00e7in de acele ediyoruz, s\u00fcrekli kaynak ar\u0131yoruz ama pandemi kaynakl\u0131 \u00e7ok b\u00fcy\u00fck s\u0131k\u0131nt\u0131lar ya\u015fad\u0131\u011f\u0131m\u0131z\u0131 da s\u00f6yleyebilirim. Yani 1 y\u0131ld\u0131r d\u00fcnya \u00e7al\u0131\u015fm\u0131yor. B\u00fcrokrasi durmu\u015f, sadece benim \u00fclkemde de\u011fil b\u00fct\u00fcn \u00fclkelerde. E bu kaynaklar\u0131 yurtd\u0131\u015f\u0131ndan getiriyorsunuz, Japonya\u2019dan getiriyorsunuz, Avrupa Birli\u011fi\u2019nden getiriyorsunuz, \u015furadan getiriyorsunuz, buradan getiriyorsunuz. Yani yurt d\u0131\u015f\u0131nda i\u015flemleriniz. Bu i\u015flemlerin gecikmesi a\u00e7\u0131k\u00e7as\u0131 can\u0131m\u0131z\u0131 s\u0131k\u0131yor ama elimizden geldi\u011fince bunlar\u0131 bir an \u00f6nce \u00e7\u00f6zmeye \u00e7al\u0131\u015f\u0131yoruz.\u201d<\/p>\n<p>\u201cBizim mali tablolar\u0131m\u0131z ak\u0131lc\u0131\u201d<\/p>\n<p>T\u00f6m\u00fck ve Elvanl\u0131\u2019yla ilgili gelen talepleri de de\u011ferlendiren Ba\u015fkan Se\u00e7er; \u201c\u015eimdi Elvanl\u0131 b\u00f6lgesi, yine orada da 6 milyon liral\u0131k bir i\u00e7me suyu \u00e7al\u0131\u015fmas\u0131 yapt\u0131k. O kaynaktan Elvanl\u0131&#8217;ya, Elvanl\u0131 kayna\u011f\u0131ndan art\u0131rd\u0131k, g\u00fc\u00e7lendirdik o b\u00f6lgeyi. \u015eimdi T\u00f6m\u00fck\u2019ten a\u015fa\u011f\u0131 su \u015febekesini yeniliyoruz. \u0130hale bedeli 13 milyon lira civar\u0131ndayd\u0131, i\u015f art\u0131\u015f\u0131n\u0131 da belki yapaca\u011f\u0131z. \u00c7\u00fcnk\u00fc fiyatlarda ald\u0131 ba\u015f\u0131n\u0131 gitti bilemiyorum ama minimum 13-14 milyon liral\u0131k bir yat\u0131r\u0131m. Bir kredi filan buldu\u011fumuz yok, kendi \u00f6z kayna\u011f\u0131m\u0131zdan yap\u0131yoruz. \u015eu anda devam eden, G\u00f6zne\u2019ye ba\u015flad\u0131k, \u00e7ok ciddi bir yat\u0131r\u0131m, \u00f6z kayna\u011f\u0131m\u0131zdan yap\u0131yoruz 50 milyon liral\u0131k bir yat\u0131r\u0131m. Daha sonra ar\u0131tma ihalesine \u00e7\u0131kaca\u011f\u0131z. Ayvagedi\u011fi ikinci a\u015famaya \u00e7\u0131kaca\u011f\u0131z. 150 milyon liradan bahsediyorum. Ama bir ucundan ba\u015flad\u0131k, 50 milyondan ba\u015flad\u0131k. Bir\u00e7ok yat\u0131r\u0131m\u0131 rasyonel mali tablolarla, bak\u0131n rasyonel, ak\u0131lc\u0131. Bizim mali tablolar\u0131m\u0131z ak\u0131lc\u0131 asl\u0131nda. Yapt\u0131\u011f\u0131m\u0131z nakit ak\u0131\u015f y\u00f6netimi, finans tablolar\u0131m\u0131z, ortaya koydu\u011fumuz b\u00fct\u00e7e\u2026 Ayaklar\u0131 yere basan \u00e7al\u0131\u015fmalar bunlar. Rakamlardan da ortaya \u00e7\u0131kar\u201d diye konu\u015ftu.<\/p>\n<p>MESK\u0130\u2019nin b\u00fcrokratlar\u0131ndan, \u00e7al\u0131\u015fmalar\u0131nda Meclis \u00fcyeleri, muhtarlar ve vatanda\u015flarla ileti\u015fimde nezaketli ve sab\u0131rl\u0131 olmalar\u0131n\u0131 istedi\u011fini ifade eden Se\u00e7er, \u201cVatanda\u015f\u0131n sorunlar\u0131n\u0131 gidermede el birli\u011fi yap\u0131p muhtarlar\u0131m\u0131zla, Meclis \u00fcyelerimizle i\u015fimize, g\u00fcc\u00fcm\u00fcze bakacaks\u0131n\u0131z. Bu benim b\u00fcrokrasiye bir telkinimdir. Buradan da kendilerine yineliyorum\u201d ifadelerini kulland\u0131.<\/p>\n<p>Ba\u015fkan Se\u00e7er, Denet\u00e7i Raporu\u2019nu de\u011ferlendirdi: \u201cSiyasi tetik\u00e7ilik yap\u0131lm\u0131\u015f\u201d<\/p>\n<p>Ba\u015fkan Se\u00e7er, Genel Kurul\u2019da, MESK\u0130 Genel M\u00fcd\u00fcrl\u00fc\u011f\u00fc Y\u00f6netim Kurulu\u2019nun bir \u00f6nceki y\u0131l \u00e7al\u0131\u015fmalar\u0131na ili\u015fkin haz\u0131rlanan Denet\u00e7i Raporu\u2019nu de\u011ferlendirdi. Ba\u015fkan Se\u00e7er, haz\u0131rlanan Denet\u00e7i Raporu\u2019nda siyasi yorumlar yap\u0131ld\u0131\u011f\u0131n\u0131 belirterek, \u015funlar\u0131 s\u00f6yledi:<\/p>\n<p>\u201cDenet\u00e7i Raporu\u2019nda bizim kat\u0131lmad\u0131\u011f\u0131m\u0131z \u015feyler var. Bu \u00e7ok \u00f6nemlidir. Tutanaklara ge\u00e7mesi a\u00e7\u0131s\u0131ndan ger\u00e7ekten ibretlik bir Denet\u00e7i Raporu. Birazdan denet\u00e7iler se\u00e7imine girece\u011fiz. Buradan \u00e7\u0131kacak sonu\u00e7 se\u00e7ece\u011fimiz isimlerin ne derece \u00f6nemli oldu\u011funun da bir g\u00f6stergesi olacak. Biz denet\u00e7ileri belirlerken belli mevzuat \u00e7er\u00e7evesinde yap\u0131yoruz. \u0130SK\u0130 kanununa g\u00f6re 2 y\u0131l i\u00e7in se\u00e7iyoruz. Bu denet\u00e7ilerin m\u00fchendislik, hukuk, ekonomi ve i\u015fletme konular\u0131ndan en az birinde y\u00fcksek \u00f6\u011fretim g\u00f6rm\u00fc\u015f ve uzmanla\u015fm\u0131\u015f olmas\u0131 ve ayn\u0131 konuda en az\u0131ndan on y\u0131l g\u00f6rev yapm\u0131\u015f olmas\u0131 \u015fart\u0131 var. Ancak burada bu g\u00f6revi yaparken de belli \u00e7er\u00e7evede yapma zorunlulu\u011fu var. Yasa onu da h\u00fck\u00fcm alt\u0131na alm\u0131\u015f. Denet\u00e7iler MESK\u0130\u2019nin \u00e7al\u0131\u015fmalar\u0131na ili\u015fkin olarak tespit ettikleri eksiklikler, aksakl\u0131klar ve yasad\u0131\u015f\u0131 i\u015flemler hakk\u0131ndaki raporlar\u0131n\u0131 genel kurula verebiliyorlar. Buras\u0131 \u00f6nemli; denet\u00e7iler hem genel m\u00fcd\u00fcrl\u00fck i\u015f ve i\u015flemlerini hem de y\u00f6netim kurulunun \u00e7al\u0131\u015fmalar\u0131 hakk\u0131nda iki ayr\u0131 \u00e7al\u0131\u015fmay\u0131 denet\u00e7iler raporu olarak d\u00fczenliyor. Bunu yaparken baz\u0131 \u015fartlar\u0131 da yerine getirme zorunlulu\u011fu var. Belediye Kanunu ve di\u011fer mevzuat uyar\u0131nca MESK\u0130 \u00f6zelinde bu denet\u00e7iler sadece i\u00e7 ve d\u0131\u015f denetim yapacak, denetimin i\u015f ve i\u015flemlerinin hukuka uygunluk, mali ve performans denetimini kapsayacak. Bu a\u00e7\u0131k\u00e7a d\u00fczenlenmi\u015f. \u0130\u015f ve i\u015flemlerin hukuka uygunlu\u011funu, mali ve performans y\u00f6n\u00fcnden denetimini yapabilirler. Yerindelik denetimi yapamazlar. Bu a\u015fm\u0131\u015f. Raporlarda i\u00e7ler ac\u0131s\u0131 \u015feyler var. Siyasi yorumlar yapm\u0131\u015f. Bu haddi de\u011fil, hakk\u0131 de\u011fil. Burada \u00e7ok a\u00e7\u0131k s\u00f6yl\u00fcyorum siyasi tetik\u00e7ilik yapm\u0131\u015f. Biz denet\u00e7iler kurulu se\u00e7iyoruz tetik\u00e7i se\u00e7miyoruz. Bu \u00e7ok \u00f6nemlidir. Bu rapor kurumu yaralar ve zan alt\u0131nda b\u0131rak\u0131r.\u201d<\/p>\n<p>\u201cMersin Barosu bu avukat hakk\u0131nda disiplin soru\u015fturmas\u0131 a\u00e7m\u0131\u015f. Biz de dava a\u00e7\u0131yoruz\u201d<\/p>\n<p>Raporu haz\u0131rlayan denet\u00e7inin ticari zihniyetle hareket etti\u011fini vurgulayan Se\u00e7er, \u201cTicari zihniyetli bir hukuk\u00e7unun bu i\u015fe verilmesi size de halel getirir. Siz bunu se\u00e7tiriyorsunuz.  Kanun burada diyor ki; kamu g\u00f6revlisi iken bu g\u00f6revden ayr\u0131ld\u0131ktan sonra dahi 3 sene boyunca s\u00f6z konusu idareye kar\u015f\u0131 do\u011frudan, do\u011frudan do\u011fruya veya dolayl\u0131 olarak g\u00f6reve i\u015f almalar\u0131, taahh\u00fcde girmeleri, komisyonculuk ve temsilcilik yapmalar\u0131n\u0131n yasak oldu\u011fu h\u00fckm\u00fc var. Bu i\u015f al\u0131yor, komisyonculuk yap\u0131yor. \u0130\u015ften ayr\u0131lan ili\u015fi\u011fi kesen personelin avukatl\u0131\u011f\u0131n\u0131 yap\u0131yor. Bunu bile bile yap\u0131yor, yasalar\u0131 \u00e7i\u011fniyor, mevzuat\u0131 ihlal sebebi bile. \u015eu anda Mersin Barosu bu avukat hakk\u0131nda disiplin soru\u015fturmas\u0131 a\u00e7m\u0131\u015f. Biz de dava a\u00e7\u0131yoruz. Hem biz dava a\u00e7\u0131yoruz hem Baro zaten disiplin soru\u015fturmas\u0131 a\u00e7m\u0131\u015f. Bunlara dikkat etmemiz laz\u0131m\u201d dedi.<\/p>\n<p>\u201cRaporda \u00e7ok yanl\u0131\u015f, \u00e7arp\u0131c\u0131 iddialar ve rakamlar var\u201d<\/p>\n<p>Denet\u00e7i Raporu\u2019nun detaylar\u0131n\u0131 Meclis \u00fcyeleri ile payla\u015fan Ba\u015fkan Se\u00e7er, hukuka uymayan de\u011ferlendirmeler oldu\u011funu s\u00f6zlerine ekleyerek, \u201cRaporda \u00e7ok yanl\u0131\u015f, \u00e7arp\u0131c\u0131 iddialar ve rakamlar var. Genel M\u00fcd\u00fcrl\u00fc\u011f\u00fcn faaliyetleri hakk\u0131ndaki \u00e7al\u0131\u015fmada; bak ne diyor raporda; idarenin k\u0131sa \u00e7al\u0131\u015fma \u00f6dene\u011finden faydalanarak bir\u00e7ok i\u015f\u00e7inin k\u0131sa \u00e7al\u0131\u015fmaya g\u00f6nderildi\u011fi, \u00f6te yandan da personel al\u0131nd\u0131\u011f\u0131 iddias\u0131na yer verilmi\u015ftir. Yani edep yahu! 2021 y\u0131l\u0131nday\u0131z. 2020\u2019nin raporu, 2021 y\u0131l\u0131nda bu i\u015flemler yap\u0131l\u0131yor, 2020 y\u0131l\u0131nda yap\u0131lm\u0131\u015f gibi rapora konu ediyor. Belediye Kanunu ve di\u011fer mevzuat uyar\u0131nca MESK\u0130 \u00f6zelinde sadece az \u00f6nce s\u00f6yledi\u011fim gibi i\u00e7 ve d\u0131\u015f denetim yapacak, denetimin i\u015f ve i\u015flemlerinin hukuka uygunlu\u011fu, mali ve performans denetimini kapsayacak, bunu a\u015fm\u0131\u015f. Mesnetsiz ve hukuka uymayan ki\u015fisel de\u011fer yarg\u0131lar\u0131n\u0131 rapora ekleyemez, bunu yapm\u0131\u015f\u201d diye konu\u015ftu.<\/p>\n<p>\u201cHakikaten bir rezalet\u201d<\/p>\n<p>Yine raporda i\u015f\u00e7i i\u015f akdi feshi ile ilgili k\u0131s\u0131mlarda yap\u0131lan yanl\u0131\u015f de\u011ferlendirmeye de\u011finen Se\u00e7er, \u201cGelelim y\u00f6netim kurulu faaliyetleri ile ilgili yapt\u0131\u011f\u0131 \u00e7al\u0131\u015fmaya ve tutars\u0131zl\u0131klara. Raporda y\u00f6netim kurulu taraf\u0131ndan i\u015f\u00e7ilerin i\u015f akitlerinin feshedildi\u011fi\u2026Bu bilgiyi vermi\u015f. Bunda hukuk bilgisi de yok. Oysa i\u015f kanunu ve 2560 say\u0131l\u0131 \u0130SK\u0130 kanununda tan\u0131mlanan y\u00f6netim kurulunun b\u00f6yle bir g\u00f6revi yok. Y\u00f6netim kurulu i\u015f akdine son veremez. Hukuki bilgiye bak\u0131n. Allah a\u015fk\u0131na do\u011fru d\u00fcr\u00fcst bir avukat verin bize. Say\u0131sal \u00fcst\u00fcnl\u00fck sizde, kabul ediyoruz ama bari i\u015fin hakk\u0131n\u0131 verecek bir arkada\u015f\u0131m\u0131z gelsin bu i\u015fleri yaps\u0131n, insanlar\u0131 yan\u0131ltmas\u0131n. Burada bir not getirdiler. Yine bir yanl\u0131\u015fl\u0131k yapm\u0131\u015f. Hem raporda k\u0131sa \u00e7al\u0131\u015fma \u00f6dene\u011finden faydalanan bir\u00e7ok i\u015f\u00e7inin k\u0131sa \u00e7al\u0131\u015fmaya g\u00f6nderildi\u011fi, \u00f6te yandan da personel al\u0131nd\u0131\u011f\u0131\u2026 Hakikaten bir rezalet. \u0130\u015f kanunu bilen bilir. K\u0131sa \u00e7al\u0131\u015fma \u00f6dene\u011fi ya da \u00fccretsiz izne e\u011fer bir \u015firket personelini ay\u0131r\u0131yorsa eleman alamaz. Biz eleman alam\u0131yoruz. Bizim MESK\u0130\u2019ye eleman falan alm\u0131yoruz ve al\u0131nmam\u0131\u015f. Bunlar \u00e7ok ciddi hatalar\u201d diye konu\u015ftu.<\/p>\n<p>\u201cOcak, \u015eubat, Mart karanl\u0131k bir 3 ay fetret d\u00f6nemi\u201d<\/p>\n<p>Ba\u015fkan Se\u00e7er, do\u011frudan teminlerle ilgili yap\u0131lan tespitleri de \u00fcyelerle payla\u015farak, \u201cYine do\u011frudan teminlerle ilgili bir tespit yapm\u0131\u015f. K\u00fclli yalan. Rakamlar burada. Diyor ki; \u2018Do\u011frudan teminlerde 2019\u2019dan bu yana art\u0131\u015flar var.\u2019 Yani 2019 y\u0131l\u0131ndan 2020 y\u0131l\u0131na ge\u00e7erken do\u011frudan teminlerde de ciddi bir art\u0131\u015f var. Bak\u0131n 2018 y\u0131l\u0131nda biz y\u00f6netime geldi\u011fimizde bir \u00f6nceki y\u0131l\u0131n do\u011frudan temin miktar\u0131 o g\u00fcnk\u00fc cari rakamlarla 38 milyon 284 bin lira MESK\u0130\u2019de. 2019 y\u0131l\u0131nda toplam 38 milyon 284\u2019ten 29 milyon 415\u2019e d\u00fc\u015fm\u00fc\u015f ama amas\u0131 var. \u0130lk \u00fc\u00e7 ay, yani biz yokken 20 milyon 846 bin lira. B\u00fcy\u00fck\u015fehir\u2019de de 42 milyondu ilk \u00fc\u00e7 ay. Ne varsa bu ilk \u00fc\u00e7 ayda. Ocak, \u015eubat, Mart karanl\u0131k bir 3 ay fetret d\u00f6nemi. Tarih okuyanlar bilir Osmanl\u0131\u2019da fetret d\u00f6nemi. 4\u2019\u00fcnc\u00fc aydan 12\u2019nci aya kadar 8,5 milyon lira. Toplam 29 milyon 415 bin lira. 2020 y\u0131l\u0131 denetlendi\u011fimiz y\u0131l 28 milyon 595 bin lira toplamda. Cari fiyatlarla yani fiyatlar art\u0131yor ama y\u0131l ge\u00e7iyor, biz geriliyoruz. K\u00fcm\u00fclatif bakt\u0131\u011f\u0131n\u0131z zaman toplamda\u201d ifadelerine yer verdi.<\/p>\n<p>\u201cBu denet\u00e7i raporu yok h\u00fckm\u00fcndedir\u201d<\/p>\n<p>Raporu haz\u0131rlayan avukat\u0131n i\u015f\u00e7ilerin say\u0131s\u0131n\u0131n artt\u0131\u011f\u0131n\u0131 da iddia etti\u011fini kaydeden Se\u00e7er, \u201cDiyor ki personel say\u0131s\u0131 \u00e7ok artm\u0131\u015f. Bir tarafl\u0131 bak\u0131yor. Memur var, kadrolu i\u015f\u00e7i var, s\u00fcrekli i\u015f\u00e7i var. Biz yo\u011fun bir \u015fekilde kadrolu i\u015f\u00e7ileri ya\u015f da kemale ermi\u015f, performans olarak da yeterli olmayan arkada\u015flar\u0131m\u0131za dedik ki, \u2018Emekli edelim sizi. Tazminatlar\u0131n\u0131z\u0131 da geciktirmeyelim\u2019. Hem B\u00fcy\u00fck\u015fehir\u2019de hem MESK\u0130\u2019de bir\u00e7ok arkada\u015f\u0131m\u0131z\u0131 emekli ettik. \u0130htiya\u00e7 olan alanlarda uygunsa onlar\u0131n \u00e7ocuklar\u0131na yer verelim. Bize maliyetleri \u00e7ok y\u00fcksek, sa\u011flad\u0131klar\u0131 katk\u0131 d\u00fc\u015f\u00fck, kendi \u00e7ocuklar\u0131 olsun, yeter ki bize fayda sa\u011flas\u0131nlar, onlarla de\u011fi\u015ftirelim istedik. Toplamdan giderek s\u00f6yl\u00fcyorum. O sadece s\u00fcrekli i\u015f\u00e7i stat\u00fcs\u00fcnde olanlarla ilgili bir de\u011ferlendirme yapm\u0131\u015f. Bug\u00fcn itibari ile s\u00f6yleyece\u011fim. 2 bin 534 ki\u015fi ile ba\u015flad\u0131\u011f\u0131m\u0131z memur, kadrolu i\u015f\u00e7i, s\u00fcrekli i\u015f\u00e7i stat\u00fcs\u00fcndeki \u00e7al\u0131\u015fma arkada\u015flar\u0131m\u0131z\u0131n say\u0131s\u0131 \u015fu anda 2 bin 509\u2019dur. \u015eimdi bu Denet\u00e7i Raporu yok h\u00fckm\u00fcndedir. Tamamen kas\u0131tl\u0131 olarak, yanl\u0131\u015f bir tespit demiyorum kas\u0131tl\u0131 bir yaz\u0131md\u0131r. Kas\u0131tl\u0131 bir yorumdur. Haddini a\u015fan yorumdur ve yasalar\u0131 a\u015fan bir yorumdur. Takdiri y\u00fcce Meclis\u2019e b\u0131rak\u0131yorum.\u201d<\/p>\n<p>Belediye Kanunu\u2019nda Denet\u00e7i Raporu\u2019nun Meclis\u2019in bilgisine sunuldu\u011funu an\u0131msatan Ba\u015fkan Se\u00e7er, \u201cHer birinize Denet\u00e7i Raporu g\u00f6nderildi. Ben de MESK\u0130 Y\u00f6netim Kurulu Ba\u015fkan\u0131 olarak Denet\u00e7i Raporu\u2019nda g\u00f6rd\u00fc\u011f\u00fcm yanl\u0131\u015fl\u0131klar\u0131, yok h\u00fckm\u00fcnde sayd\u0131\u011f\u0131m tenkitleri taraf\u0131n\u0131za aktard\u0131m. Bir de\u011ferlendirme yapt\u0131m. O \u00e7er\u00e7evede yani onlar\u0131 \u015ferh ederek Denet\u00e7i Raporu\u2019nu taraf\u0131n\u0131za sunmu\u015f oldum. Te\u015fekk\u00fcr ederim\u201d dedi.<\/p>\n<p>Denet\u00e7iler se\u00e7iminin de yap\u0131ld\u0131\u011f\u0131 toplant\u0131da ayr\u0131ca MESK\u0130\u2019nin 2021 mali y\u0131l\u0131 b\u00fct\u00e7esinde b\u00fct\u00e7e denkli\u011fi i\u00e7in 85 milyon liral\u0131k i\u00e7 bor\u00e7lanmayla ilgili MESK\u0130 Genel M\u00fcd\u00fcr\u00fc\u2019ne yetki verilmesi teklifi, komisyona havale edildi.<\/p>\n","protected":false},"excerpt":{"rendered":"<p>Mersin B\u00fcy\u00fck\u015fehir Belediyesi Mersin Su ve Kanalizasyon \u0130daresi (MESK\u0130) Genel M\u00fcd\u00fcrl\u00fc\u011f\u00fc 2021 y\u0131l\u0131 May\u0131s Ay\u0131 Ola\u011fan Genel Kurul Toplant\u0131s\u0131\u2019n\u0131n 1. Birle\u015fimi, B\u00fcy\u00fck\u015fehir Belediye Ba\u015fkan\u0131 Vahap Se\u00e7er ba\u015fkanl\u0131\u011f\u0131nda ger\u00e7ekle\u015ftirildi. Genel Kurul\u2019da; &hellip; <a href=\"https:\/\/akdenizolaygazetesi.com\/?p=12583\" class=\"more-link\">Devam\u0131n\u0131 Oku&#8230;<\/a><\/p>\n","protected":false},"author":2,"featured_media":12585,"comment_status":"open","ping_status":"open","sticky":false,"template":"","format":"standard","meta":[],"categories":[8,1,2,3,6],"tags":[],"_links":{"self":[{"href":"https:\/\/akdenizolaygazetesi.com\/index.php?rest_route=\/wp\/v2\/posts\/12583"}],"collection":[{"href":"https:\/\/akdenizolaygazetesi.com\/index.php?rest_route=\/wp\/v2\/posts"}],"about":[{"href":"https:\/\/akdenizolaygazetesi.com\/index.php?rest_route=\/wp\/v2\/types\/post"}],"author":[{"embeddable":true,"href":"https:\/\/akdenizolaygazetesi.com\/index.php?rest_route=\/wp\/v2\/users\/2"}],"replies":[{"embeddable":true,"href":"https:\/\/akdenizolaygazetesi.com\/index.php?rest_route=%2Fwp%2Fv2%2Fcomments&post=12583"}],"version-history":[{"count":1,"href":"https:\/\/akdenizolaygazetesi.com\/index.php?rest_route=\/wp\/v2\/posts\/12583\/revisions"}],"predecessor-version":[{"id":12584,"href":"https:\/\/akdenizolaygazetesi.com\/index.php?rest_route=\/wp\/v2\/posts\/12583\/revisions\/12584"}],"wp:featuredmedia":[{"embeddable":true,"href":"https:\/\/akdenizolaygazetesi.com\/index.php?rest_route=\/wp\/v2\/media\/12585"}],"wp:attachment":[{"href":"https:\/\/akdenizolaygazetesi.com\/index.php?rest_route=%2Fwp%2Fv2%2Fmedia&parent=12583"}],"wp:term":[{"taxonomy":"category","embeddable":true,"href":"https:\/\/akdenizolaygazetesi.com\/index.php?rest_route=%2Fwp%2Fv2%2Fcategories&post=12583"},{"taxonomy":"post_tag","embeddable":true,"href":"https:\/\/akdenizolaygazetesi.com\/index.php?rest_route=%2Fwp%2Fv2%2Ftags&post=12583"}],"curies":[{"name":"wp","href":"https:\/\/api.w.org\/{rel}","templated":true}]}}