{"id":12594,"date":"2021-05-29T18:11:02","date_gmt":"2021-05-29T15:11:02","guid":{"rendered":"http:\/\/akdenizolaygazetesi.com\/?p=12594"},"modified":"2021-05-29T18:11:50","modified_gmt":"2021-05-29T15:11:50","slug":"uretici-kadin-stantlari-tarsusta-bir-kez-daha-kuruldu","status":"publish","type":"post","link":"https:\/\/akdenizolaygazetesi.com\/?p=12594","title":{"rendered":"\u00dcRET\u0130C\u0130 KADIN STANTLARI TARSUS\u2019TA B\u0130R KEZ DAHA KURULDU"},"content":{"rendered":"<p>Mersin B\u00fcy\u00fck\u015fehir Belediyesi, kad\u0131n eme\u011fini kazanca d\u00f6n\u00fc\u015ft\u00fcrmeye devam ediyor. Kad\u0131nlar\u0131n aile ekonomilerine destek olunmas\u0131na k\u00f6pr\u00fc olan Mersin B\u00fcy\u00fck\u015fehir Belediyesi, Kad\u0131n ve Aile Hizmetleri Dairesi koordinesinde \u00fcretici kad\u0131n stantlar\u0131n\u0131 bir kez daha Tarsus\u2019ta kurdu.<\/p>\n<p>Tarsus kent merkezinde yemye\u015fil ortam\u0131 ile u\u011frak yerlerden biri olan K\u00fclt\u00fcr Park i\u00e7erisinde a\u00e7\u0131lan stantlarda, el i\u015finden y\u00f6resel yiyeceklere, hediyelik e\u015fyadan duvar s\u00fcslerine kadar \u00fcr\u00fcnleriyle yer alan 100 kad\u0131n \u00fcretici \u00fcr\u00fcnlerini satma olana\u011f\u0131 buluyor.<\/p>\n<p>Stantlarda kad\u0131nlar\u0131n el eme\u011fi g\u00f6z nuru var<\/p>\n<p>Kad\u0131n eme\u011fini \u00f6nemseyen ve bug\u00fcne kadar kad\u0131nlara y\u00f6nelik onlarca projeyi hayata ge\u00e7iren Mersin B\u00fcy\u00fck\u015fehir Belediye Ba\u015fkan\u0131 Vahap Se\u00e7er\u2019in destekledi\u011fi \u00fcretici kad\u0131n stantlar\u0131, di\u011fer il\u00e7elerde oldu\u011fu gibi Tarsus\u2019ta da yo\u011fun ilgi g\u00f6r\u00fcyor. B\u00f6ylece, t\u00fcketicilerin de y\u00f6resel \u00fcr\u00fcnlere uygun fiyatlarla ula\u015fmas\u0131na olanak sa\u011flan\u0131yor. \u00c7ok \u00e7e\u015fitli \u00fcr\u00fcnlerin sat\u0131ld\u0131\u011f\u0131 stantlar vatanda\u015flar\u0131n yo\u011fun ilgisiyle kar\u015f\u0131la\u015f\u0131yor.<\/p>\n<p>Pandemi kurallar\u0131na azami \u00f6zen g\u00f6sterilen ve bir\u00e7ok noktas\u0131nda hijyen \u00fcr\u00fcnlerinin bulundu\u011fu stant alan\u0131nda vatanda\u015flar hem g\u00fcvenli al\u0131\u015fveri\u015f imkan\u0131 buluyor hem de do\u011fal ortamda keyifli vakit ge\u00e7iriyor. B\u00fcy\u00fck\u015fehir Belediye Meclis \u00fcyesi Ali Bolta\u00e7 da stantlar\u0131 ziyaret ederek \u00fcretici kad\u0131nlara \u2018hay\u0131rl\u0131 i\u015fler\u2019 diledi.<\/p>\n<p>\u201cHepsini kendim tamamen do\u011fal malzemelerle \u00fcretiyorum\u201d<\/p>\n<p>Kad\u0131n \u00fcreticilerden Ya\u011fmur Pekuz, evde kendi imkanlar\u0131yla mum \u00fcretti\u011fini belirterek, \u201cHepsini kendim tamamen do\u011fal malzemelerle \u00fcretiyorum. Mersin B\u00fcy\u00fck\u015fehir Belediyesi\u2019ne \u00e7ok te\u015fekk\u00fcr etmek istiyorum. Biz kad\u0131nlara bu \u015fekilde destek oldu\u011fu i\u00e7in, bu \u015fekilde yard\u0131mc\u0131 oldu\u011fu i\u00e7in\u201d dedi.<\/p>\n<p>\u201cOnlar olmasayd\u0131, \u015fu an biz burada olmazd\u0131k\u201d<\/p>\n<p>S\u0131kma yaparak ev ekonomisine katk\u0131 sundu\u011funu belirten Se\u00e7il Aksan, B\u00fcy\u00fck\u015fehir Belediyesi\u2019ne te\u015fekk\u00fcrlerini, \u201cKendi ad\u0131ma \u00e7ok te\u015fekk\u00fcr ediyorum. Bize b\u00f6yle bir katk\u0131da bulundu\u011fu i\u00e7in, d\u00fczenledi\u011fi, haz\u0131rlad\u0131\u011f\u0131 i\u00e7in. Onlar olmasayd\u0131, \u015fu an biz burada olmazd\u0131k, b\u00f6yle bir imkan sa\u011flanmazd\u0131\u201d s\u00f6zleriyle ifade etti.<\/p>\n<p>Do\u011fal \u00fcr\u00fcnleri satarak gelir sa\u011flad\u0131\u011f\u0131n\u0131 s\u00f6yleyen Birg\u00fcl Tire \u015eahin de \u201cBuradaki g\u00f6rd\u00fc\u011f\u00fcn\u00fcz b\u00fct\u00fcn \u00fcr\u00fcnlerin hepsi kendim el eme\u011fim. Kendim yap\u0131yorum, do\u011fald\u0131r, organiktir. Hepsi birer birer elimden ge\u00e7iyor. Mersin B\u00fcy\u00fck\u015fehir Belediyesi\u2019nin, Vahap Bey\u2019in bize vermi\u015f oldu\u011fu imkanlardan dolay\u0131 kendisine \u00e7ok te\u015fekk\u00fcr ediyoruz, eme\u011fi ge\u00e7en herkese te\u015fekk\u00fcr ediyoruz\u201d ifadelerine yer verdi.<\/p>\n","protected":false},"excerpt":{"rendered":"<p>Mersin B\u00fcy\u00fck\u015fehir Belediyesi, kad\u0131n eme\u011fini kazanca d\u00f6n\u00fc\u015ft\u00fcrmeye devam ediyor. Kad\u0131nlar\u0131n aile ekonomilerine destek olunmas\u0131na k\u00f6pr\u00fc olan Mersin B\u00fcy\u00fck\u015fehir Belediyesi, Kad\u0131n ve Aile Hizmetleri Dairesi koordinesinde \u00fcretici kad\u0131n stantlar\u0131n\u0131 bir kez &hellip; <a href=\"https:\/\/akdenizolaygazetesi.com\/?p=12594\" class=\"more-link\">Devam\u0131n\u0131 Oku&#8230;<\/a><\/p>\n","protected":false},"author":2,"featured_media":12596,"comment_status":"open","ping_status":"open","sticky":false,"template":"","format":"standard","meta":[],"categories":[1,3,5],"tags":[],"_links":{"self":[{"href":"https:\/\/akdenizolaygazetesi.com\/index.php?rest_route=\/wp\/v2\/posts\/12594"}],"collection":[{"href":"https:\/\/akdenizolaygazetesi.com\/index.php?rest_route=\/wp\/v2\/posts"}],"about":[{"href":"https:\/\/akdenizolaygazetesi.com\/index.php?rest_route=\/wp\/v2\/types\/post"}],"author":[{"embeddable":true,"href":"https:\/\/akdenizolaygazetesi.com\/index.php?rest_route=\/wp\/v2\/users\/2"}],"replies":[{"embeddable":true,"href":"https:\/\/akdenizolaygazetesi.com\/index.php?rest_route=%2Fwp%2Fv2%2Fcomments&post=12594"}],"version-history":[{"count":2,"href":"https:\/\/akdenizolaygazetesi.com\/index.php?rest_route=\/wp\/v2\/posts\/12594\/revisions"}],"predecessor-version":[{"id":12597,"href":"https:\/\/akdenizolaygazetesi.com\/index.php?rest_route=\/wp\/v2\/posts\/12594\/revisions\/12597"}],"wp:featuredmedia":[{"embeddable":true,"href":"https:\/\/akdenizolaygazetesi.com\/index.php?rest_route=\/wp\/v2\/media\/12596"}],"wp:attachment":[{"href":"https:\/\/akdenizolaygazetesi.com\/index.php?rest_route=%2Fwp%2Fv2%2Fmedia&parent=12594"}],"wp:term":[{"taxonomy":"category","embeddable":true,"href":"https:\/\/akdenizolaygazetesi.com\/index.php?rest_route=%2Fwp%2Fv2%2Fcategories&post=12594"},{"taxonomy":"post_tag","embeddable":true,"href":"https:\/\/akdenizolaygazetesi.com\/index.php?rest_route=%2Fwp%2Fv2%2Ftags&post=12594"}],"curies":[{"name":"wp","href":"https:\/\/api.w.org\/{rel}","templated":true}]}}