{"id":1260,"date":"2020-11-04T18:21:50","date_gmt":"2020-11-04T15:21:50","guid":{"rendered":"http:\/\/mersinekonomipolitikagazetesi.com\/?p=1260"},"modified":"2020-11-04T18:21:50","modified_gmt":"2020-11-04T15:21:50","slug":"ukome-daire-baskani-tektemur-baskan-dinceri-ziyaret-etti","status":"publish","type":"post","link":"https:\/\/akdenizolaygazetesi.com\/?p=1260","title":{"rendered":"UKOME Daire Ba\u015fkan\u0131 Tektemur, Ba\u015fkan Din\u00e7er\u2019i ziyaret etti"},"content":{"rendered":"<p>Mersin Esnaf ve Sanatkarlar Odalar\u0131 Birli\u011fi (ESOB) Ba\u015fkan\u0131 Talat Din\u00e7er, B\u00fcy\u00fck\u015fehir Belediyesi b\u00fcnyesinde kurulu UKOME Daire Ba\u015fkanl\u0131\u011f\u0131&#8217;n\u0131n servis\u00e7i, minib\u00fcs\u00e7\u00fc ve \u015fof\u00f6r odalar\u0131 i\u00e7in \u00f6nemli bir kurum oldu\u011funu s\u00f6yledi.<\/p>\n<p>Mersin B\u00fcy\u00fck\u015fehir Belediyesi Ula\u015ft\u0131rma ve Koordinasyon Merkezi Daire Ba\u015fkan\u0131 Kenan Tektemur, Mersin ESOB Ba\u015fkan\u0131 Talat Din\u00e7er\u2019i ziyaret etti. ESOB Ba\u015fkanvekili Nesil Ayd\u0131n, UKOME Daire Ba\u015fkanl\u0131\u011f\u0131 Rayl\u0131 Sistemler \u015eube M\u00fcd\u00fcr\u00fc Hamdi S\u00f6ylemez ile Ticari Plakalar Denetleme \u015eube M\u00fcd\u00fcr\u00fc ve Trafik Hizmetleri \u015eube M\u00fcd\u00fcrvekili Osman S\u00fcmer\u2019in de kat\u0131ld\u0131\u011f\u0131 ziyarette, ula\u015ft\u0131rma sekt\u00f6r\u00fcnde faaliyet g\u00f6steren esnaf ve sanatkarlar\u0131n sorun ve beklentileriyle ilgili kar\u015f\u0131l\u0131kl\u0131 fikir al\u0131\u015fveri\u015finde bulunuldu.<br \/>\nDin\u00e7er, ziyarette yapt\u0131\u011f\u0131 a\u00e7\u0131klamada, ula\u015f\u0131m sekt\u00f6r\u00fcnde Tarsus\u2019tan Anamur\u2019a kadar birli\u011fe ba\u011fl\u0131 olarak faaliyet g\u00f6steren servis\u00e7i, minib\u00fcs\u00e7\u00fc ve \u015fof\u00f6r odalar\u0131 bulundu\u011funa vurgu yaparak, \u201cB\u00fcy\u00fck\u015fehir Belediyesi b\u00fcnyesinde kurulu UKOME Daire Ba\u015fkanl\u0131\u011f\u0131 servis\u00e7i, minib\u00fcs\u00e7\u00fc ve \u015fof\u00f6r odalar\u0131m\u0131z i\u00e7in \u00f6nemli bir kurum. Bu odalar\u0131m\u0131z\u0131n ve \u00fcyelerimizin b\u00f6lgesel bazda sorunlar\u0131 bulunmakta. Bizlerde bu ziyareti f\u0131rsata \u00e7evirerek \u00fcyelerimizin sorunlar\u0131 hakk\u0131nda k\u0131sa s\u00fcreli de olsa kar\u015f\u0131l\u0131kl\u0131 fikir al\u0131\u015fveri\u015finde bulunduk. Kendilerine sorunlar\u0131m\u0131za g\u00f6sterdikleri duyarl\u0131l\u0131k ve ay\u0131rd\u0131klar\u0131 zaman i\u00e7in \u00e7ok te\u015fekk\u00fcr ediyoruz\u201d dedi.<\/p>\n","protected":false},"excerpt":{"rendered":"<p>Mersin Esnaf ve Sanatkarlar Odalar\u0131 Birli\u011fi (ESOB) Ba\u015fkan\u0131 Talat Din\u00e7er, B\u00fcy\u00fck\u015fehir Belediyesi b\u00fcnyesinde kurulu UKOME Daire Ba\u015fkanl\u0131\u011f\u0131&#8217;n\u0131n servis\u00e7i, minib\u00fcs\u00e7\u00fc ve \u015fof\u00f6r odalar\u0131 i\u00e7in \u00f6nemli bir kurum oldu\u011funu s\u00f6yledi. Mersin B\u00fcy\u00fck\u015fehir &hellip; <a href=\"https:\/\/akdenizolaygazetesi.com\/?p=1260\" class=\"more-link\">Devam\u0131n\u0131 Oku&#8230;<\/a><\/p>\n","protected":false},"author":1,"featured_media":0,"comment_status":"open","ping_status":"open","sticky":false,"template":"","format":"standard","meta":[],"categories":[],"tags":[],"_links":{"self":[{"href":"https:\/\/akdenizolaygazetesi.com\/index.php?rest_route=\/wp\/v2\/posts\/1260"}],"collection":[{"href":"https:\/\/akdenizolaygazetesi.com\/index.php?rest_route=\/wp\/v2\/posts"}],"about":[{"href":"https:\/\/akdenizolaygazetesi.com\/index.php?rest_route=\/wp\/v2\/types\/post"}],"author":[{"embeddable":true,"href":"https:\/\/akdenizolaygazetesi.com\/index.php?rest_route=\/wp\/v2\/users\/1"}],"replies":[{"embeddable":true,"href":"https:\/\/akdenizolaygazetesi.com\/index.php?rest_route=%2Fwp%2Fv2%2Fcomments&post=1260"}],"version-history":[{"count":0,"href":"https:\/\/akdenizolaygazetesi.com\/index.php?rest_route=\/wp\/v2\/posts\/1260\/revisions"}],"wp:attachment":[{"href":"https:\/\/akdenizolaygazetesi.com\/index.php?rest_route=%2Fwp%2Fv2%2Fmedia&parent=1260"}],"wp:term":[{"taxonomy":"category","embeddable":true,"href":"https:\/\/akdenizolaygazetesi.com\/index.php?rest_route=%2Fwp%2Fv2%2Fcategories&post=1260"},{"taxonomy":"post_tag","embeddable":true,"href":"https:\/\/akdenizolaygazetesi.com\/index.php?rest_route=%2Fwp%2Fv2%2Ftags&post=1260"}],"curies":[{"name":"wp","href":"https:\/\/api.w.org\/{rel}","templated":true}]}}