{"id":12601,"date":"2021-05-29T18:15:33","date_gmt":"2021-05-29T15:15:33","guid":{"rendered":"http:\/\/akdenizolaygazetesi.com\/?p=12601"},"modified":"2021-05-29T18:16:33","modified_gmt":"2021-05-29T15:16:33","slug":"mip-genel-muduru-van-daeleden-cbkya-tam-destek","status":"publish","type":"post","link":"https:\/\/akdenizolaygazetesi.com\/?p=12601","title":{"rendered":"MIP GENEL M\u00dcD\u00dcR\u00dc VAN DAELE&#8217;DEN \u00c7BK&#8217;YA TAM DESTEK"},"content":{"rendered":"<p>MERS\u0130N&#8217;e FIBA Kad\u0131nlar Avrupa Kupas\u0131&#8217;n\u0131 (EuroCup) kazand\u0131rmak i\u00e7in \u00e7al\u0131\u015fmalar\u0131n\u0131 s\u00fcrd\u00fcren \u00c7ukurova Basketbol Kul\u00fcb\u00fc&#8217;nde CEO Ender \u00dcnl\u00fc ile \u0130dari Menajer Erkan Din\u00e7ay, Uluslararas\u0131 Mersin Liman\u0131 (MIP) Genel M\u00fcd\u00fcr\u00fc Johan Van Daele&#8217;yi ziyaret etti.<\/p>\n<p>Kul\u00fcb\u00fcn Medya Dan\u0131\u015fmanlar\u0131ndan Murat Tun\u00e7er ile Esat Durak&#8217;\u0131n da yer ald\u0131\u011f\u0131 ziyarette konu\u015fan \u00dcnl\u00fc, &#8220;Ekonomik ve k\u00fclt\u00fcrel alan T\u00fcrkiye&#8217;nin en \u00f6nemli \u015fehirlerinden olan Mersin, ne yaz\u0131k ki sportif ba\u015far\u0131 noktas\u0131nda umdu\u011funu bulamayan bir kent. \u015euan s\u00fcper lig d\u00fczeyinde sadece \u00c7ukurova Basketbol Kul\u00fcb\u00fc taraf\u0131ndan temsil edilen Mersin, y\u0131llard\u0131r arad\u0131\u011f\u0131 ba\u015far\u0131ya bizimle ula\u015facak. Transfer etti\u011fimiz y\u0131ld\u0131z oyuncular\u0131m\u0131zla EuroCup&#8217;ta \u015fampiyon olup, Mersin&#8217;i Avrupa \u015fampiyonu bir kent haline gelmesini istiyoruz&#8221; dedi.<\/p>\n<p>\u00c7ukurova Basketbol Kul\u00fcb\u00fc&#8217;n\u00fcn yak\u0131n bir takip\u00e7isi oldu\u011funu dile getiren Van Daele ise &#8220;F\u0131rsat bulduk\u00e7a ma\u00e7lar\u0131n\u0131 izliyorum. Avrupa arenas\u0131nda \u015fampiyonluk hedeflemek, b\u00fcy\u00fck bir vizyon gerektirir. Profesyonel y\u00f6netimi ve b\u00fcy\u00fck fikirleri ile \u00c7ukurova Basketbol&#8217;un bu hedefine ula\u015f\u0131p kupay\u0131 Mersin&#8217;e getirece\u011fine inan\u0131yoruz. Biz de gerek \u015fampiyonlu\u011fa giden yolda, gerekse kul\u00fcb\u00fcm\u00fcz\u00fcn sosyal sorumluluk projelerinde yer alarak elimizden gelen deste\u011fi vermek istiyoruz&#8221; diye konu\u015ftu.<\/p>\n<p>Ziyaretin son b\u00f6l\u00fcm\u00fcnde Van Daele&#8217;ye isminin yaz\u0131l\u0131 oldu\u011fu ma\u00e7 formas\u0131 hediye edildi.<\/p>\n","protected":false},"excerpt":{"rendered":"<p>MERS\u0130N&#8217;e FIBA Kad\u0131nlar Avrupa Kupas\u0131&#8217;n\u0131 (EuroCup) kazand\u0131rmak i\u00e7in \u00e7al\u0131\u015fmalar\u0131n\u0131 s\u00fcrd\u00fcren \u00c7ukurova Basketbol Kul\u00fcb\u00fc&#8217;nde CEO Ender \u00dcnl\u00fc ile \u0130dari Menajer Erkan Din\u00e7ay, Uluslararas\u0131 Mersin Liman\u0131 (MIP) Genel M\u00fcd\u00fcr\u00fc Johan Van Daele&#8217;yi &hellip; <a href=\"https:\/\/akdenizolaygazetesi.com\/?p=12601\" class=\"more-link\">Devam\u0131n\u0131 Oku&#8230;<\/a><\/p>\n","protected":false},"author":2,"featured_media":12603,"comment_status":"open","ping_status":"open","sticky":false,"template":"","format":"standard","meta":[],"categories":[1,3,10],"tags":[],"_links":{"self":[{"href":"https:\/\/akdenizolaygazetesi.com\/index.php?rest_route=\/wp\/v2\/posts\/12601"}],"collection":[{"href":"https:\/\/akdenizolaygazetesi.com\/index.php?rest_route=\/wp\/v2\/posts"}],"about":[{"href":"https:\/\/akdenizolaygazetesi.com\/index.php?rest_route=\/wp\/v2\/types\/post"}],"author":[{"embeddable":true,"href":"https:\/\/akdenizolaygazetesi.com\/index.php?rest_route=\/wp\/v2\/users\/2"}],"replies":[{"embeddable":true,"href":"https:\/\/akdenizolaygazetesi.com\/index.php?rest_route=%2Fwp%2Fv2%2Fcomments&post=12601"}],"version-history":[{"count":1,"href":"https:\/\/akdenizolaygazetesi.com\/index.php?rest_route=\/wp\/v2\/posts\/12601\/revisions"}],"predecessor-version":[{"id":12602,"href":"https:\/\/akdenizolaygazetesi.com\/index.php?rest_route=\/wp\/v2\/posts\/12601\/revisions\/12602"}],"wp:featuredmedia":[{"embeddable":true,"href":"https:\/\/akdenizolaygazetesi.com\/index.php?rest_route=\/wp\/v2\/media\/12603"}],"wp:attachment":[{"href":"https:\/\/akdenizolaygazetesi.com\/index.php?rest_route=%2Fwp%2Fv2%2Fmedia&parent=12601"}],"wp:term":[{"taxonomy":"category","embeddable":true,"href":"https:\/\/akdenizolaygazetesi.com\/index.php?rest_route=%2Fwp%2Fv2%2Fcategories&post=12601"},{"taxonomy":"post_tag","embeddable":true,"href":"https:\/\/akdenizolaygazetesi.com\/index.php?rest_route=%2Fwp%2Fv2%2Ftags&post=12601"}],"curies":[{"name":"wp","href":"https:\/\/api.w.org\/{rel}","templated":true}]}}