{"id":12604,"date":"2021-05-29T18:19:48","date_gmt":"2021-05-29T15:19:48","guid":{"rendered":"http:\/\/akdenizolaygazetesi.com\/?p=12604"},"modified":"2021-05-29T18:20:28","modified_gmt":"2021-05-29T15:20:28","slug":"odul-toreni-11-haziranda","status":"publish","type":"post","link":"https:\/\/akdenizolaygazetesi.com\/?p=12604","title":{"rendered":"\u00d6d\u00fcl t\u00f6reni 11 Haziran&#8217;da"},"content":{"rendered":"<p>Mersin&#8217;in merkez il\u00e7e Akdeniz Belediyesi, il\u00e7enin tan\u0131t\u0131m\u0131na katk\u0131 sa\u011flamak amac\u0131yla d\u00fczenlenecek foto\u011fraf yar\u0131\u015fmas\u0131n\u0131n son kat\u0131l\u0131m tarihini uzatt\u0131. \u201cAkdeniz\u2019de Ya\u015fam\u201d konulu \u00f6d\u00fcll\u00fc foto\u011fraf yar\u0131\u015fmas\u0131na kat\u0131lmak isteyenler 8 Haziran 2021 tarihine kadar foto\u011fraflar\u0131n\u0131 iletebilecekler.<br \/>\nAkdeniz&#8217;in sakl\u0131 kalm\u0131\u015f g\u00fczelliklerini ortaya \u00e7\u0131karmak ve il\u00e7e tan\u0131t\u0131m\u0131na katk\u0131 sa\u011flamak i\u00e7in d\u00fczenlenecek &#8220;Akdeniz&#8217;de Ya\u015fam&#8221; konulu \u00f6d\u00fcll\u00fc foto\u011fraf yar\u0131\u015fmas\u0131 kapsam\u0131nda yap\u0131lacak j\u00fcri de\u011ferlendirmesi sonucunda, birinci gelen foto\u011fraf sahibine 3 bin TL, ikinciye 2 bin TL, \u00fc\u00e7\u00fcnc\u00fcye de bin TL \u00f6d\u00fcl verilecek. K\u00fclt\u00fcr ve Sosyal \u0130\u015fler M\u00fcd\u00fcrl\u00fc\u011f\u00fc taraf\u0131ndan organize edilen yar\u0131\u015fmaya kat\u0131lmak isteyenler, de\u011ferlendirmeye al\u0131nmas\u0131n\u0131 istedikleri foto\u011fraflar\u0131n\u0131, kultursosyal@akdeniz.bel.tr adresine yollayabilir veya 05369686560 numaral\u0131 telefon ile whatsapp \u00fczerinden g\u00f6nderebilecekler. Yar\u0131\u015fma, Akdeniz Belediyesi personeli veya personelin birinci derece yak\u0131nlar\u0131 ile yar\u0131\u015fma s\u00fcrecinde yer alan t\u00fcm kurum ve kurulu\u015flar, dan\u0131\u015fmanlar, sponsorlar ve \u00e7al\u0131\u015fanlar\u0131 ile j\u00fcri \u00fcyelerine a\u00e7\u0131k olmayacakt\u0131r. Yar\u0131\u015fma ba\u015fvurusu \u015fartnamede belirtilen Whatsapp numaras\u0131 ile mail adresi \u00fczerinden yap\u0131lacakt\u0131r. Yar\u0131\u015fma \u015fartnamesine g\u00f6re son ba\u015fvuru tarihi 8 Haziran 2021 olarak revize edilmi\u015ftir.<\/p>\n<p>\u00d6d\u00fcl t\u00f6reni 11 Haziran&#8217;da<br \/>\nYap\u0131lacak j\u00fcri de\u011ferlendirmesinin ard\u0131ndan da dereceye giren foto\u011fraflar ve sahiplerinin kat\u0131laca\u011f\u0131 \u00f6d\u00fcl t\u00f6reni ve sergisi ise 11 Haziran 2021 tarihinde d\u00fczenlenecek. De\u011ferlendirmeye g\u00f6nderilecek foto\u011fraflarda say\u0131 s\u0131n\u0131rland\u0131r\u0131lmas\u0131 bulunmazken, eserlerin Akdeniz il\u00e7esi s\u0131n\u0131rlar\u0131 i\u00e7erisinde \u00e7ekilmesi \u015fart\u0131yla, yar\u0131\u015fmaya, Mersin\u2019in her yerinden kat\u0131l\u0131m sa\u011flanabilecektir.<\/p>\n<p>Yar\u0131\u015fmaya kat\u0131l\u0131m ko\u015fullar\u0131 neler?<br \/>\nK\u00fclt\u00fcr ve Sosyal \u0130\u015fler M\u00fcd\u00fcrl\u00fc\u011f\u00fc&#8217;nden yap\u0131lan yaz\u0131l\u0131 a\u00e7\u0131klamada, &#8220;Kimlik do\u011frulamas\u0131 yap\u0131lamayan veya kabul edilebilir nitelikte olmayan ba\u015fvurular y\u00f6netici taraf\u0131ndan yar\u0131\u015fma d\u0131\u015f\u0131 b\u0131rak\u0131labilir. Y\u00f6netici taraf\u0131ndan verilen herhangi bir temayla ilgisi bulunmayan ba\u015fvurular, bir geri bildirimde bulunmaks\u0131z\u0131n diskalifiye edilebilir. Yar\u0131\u015fmaya ba\u015fvurulan foto\u011fraflar\u0131n yar\u0131\u015fman\u0131n d\u00fczenlendi\u011fi 2021 y\u0131l\u0131 i\u00e7erisinde \u00e7ekilmi\u015f olma zorunlulu\u011fu vard\u0131r. \u00d6te yandan foto\u011fraflar\u0131n Mersin\/Akdeniz s\u0131n\u0131rlar\u0131 i\u00e7erisinde \u00e7ekilmi\u015f olma \u015fart\u0131 bulunmaktad\u0131r. Yar\u0131\u015fmac\u0131 beyan etti\u011fi bilgilerin do\u011frulu\u011funu tespit etmekle y\u00fck\u00fcml\u00fcd\u00fcr. Bilgi do\u011frulu\u011fu ispat edilmeyen kat\u0131l\u0131mc\u0131lar\u0131n ba\u015fvurular\u0131 ge\u00e7ersiz say\u0131lacakt\u0131r. Kat\u0131l\u0131mc\u0131lar\u0131n foto\u011fraflar\u0131, belediyemizin sosyal medya payla\u015f\u0131mlar\u0131nda, tan\u0131t\u0131mlar\u0131nda ve programlar\u0131nda kullan\u0131l\u0131r. Kullan\u0131lan foto\u011fraflar i\u00e7in herhangi bir telif \u00fccreti \u00f6denmez&#8221; denildi.<\/p>\n<p>&#8220;Sanata katk\u0131m\u0131z artarak devam edecektir&#8221;<br \/>\nKonuyla ilgili a\u00e7\u0131klama yapan Akdeniz Belediye Ba\u015fkan\u0131 Mustafa G\u00fcltak, &#8220;\u0130l\u00e7emizin kusursuz g\u00fczelliklerini ve insanlar\u0131n\u0131 b\u00f6ylesi g\u00fczel bir sanatsal etkinlikle bulu\u015fturmak i\u00e7in adeta sab\u0131rs\u0131zlan\u0131yoruz. Amac\u0131m\u0131z, Akdeniz\u2019in tarihi, k\u00fclt\u00fcrel ve do\u011fal zenginliklerini daha g\u00f6r\u00fcn\u00fcr k\u0131lmakt\u0131r. Bu etkinli\u011fimiz, Akdeniz&#8217;in belle\u011finden hi\u00e7bir zaman silinmeyecek bir ar\u015fivi de beraberinde getirecektir. Sanata katk\u0131m\u0131z artarak devam edecektir. Yar\u0131\u015fmaya katk\u0131 sunan t\u00fcm kat\u0131l\u0131mc\u0131lara \u015fimdiden te\u015fekk\u00fcr ediyor, ba\u015far\u0131lar\u0131n\u0131n devam\u0131n\u0131 diliyorum&#8221; diye konu\u015ftu.<\/p>\n","protected":false},"excerpt":{"rendered":"<p>Mersin&#8217;in merkez il\u00e7e Akdeniz Belediyesi, il\u00e7enin tan\u0131t\u0131m\u0131na katk\u0131 sa\u011flamak amac\u0131yla d\u00fczenlenecek foto\u011fraf yar\u0131\u015fmas\u0131n\u0131n son kat\u0131l\u0131m tarihini uzatt\u0131. \u201cAkdeniz\u2019de Ya\u015fam\u201d konulu \u00f6d\u00fcll\u00fc foto\u011fraf yar\u0131\u015fmas\u0131na kat\u0131lmak isteyenler 8 Haziran 2021 tarihine kadar &hellip; <a href=\"https:\/\/akdenizolaygazetesi.com\/?p=12604\" class=\"more-link\">Devam\u0131n\u0131 Oku&#8230;<\/a><\/p>\n","protected":false},"author":2,"featured_media":12606,"comment_status":"open","ping_status":"open","sticky":false,"template":"","format":"standard","meta":[],"categories":[34,1,3],"tags":[],"_links":{"self":[{"href":"https:\/\/akdenizolaygazetesi.com\/index.php?rest_route=\/wp\/v2\/posts\/12604"}],"collection":[{"href":"https:\/\/akdenizolaygazetesi.com\/index.php?rest_route=\/wp\/v2\/posts"}],"about":[{"href":"https:\/\/akdenizolaygazetesi.com\/index.php?rest_route=\/wp\/v2\/types\/post"}],"author":[{"embeddable":true,"href":"https:\/\/akdenizolaygazetesi.com\/index.php?rest_route=\/wp\/v2\/users\/2"}],"replies":[{"embeddable":true,"href":"https:\/\/akdenizolaygazetesi.com\/index.php?rest_route=%2Fwp%2Fv2%2Fcomments&post=12604"}],"version-history":[{"count":1,"href":"https:\/\/akdenizolaygazetesi.com\/index.php?rest_route=\/wp\/v2\/posts\/12604\/revisions"}],"predecessor-version":[{"id":12605,"href":"https:\/\/akdenizolaygazetesi.com\/index.php?rest_route=\/wp\/v2\/posts\/12604\/revisions\/12605"}],"wp:featuredmedia":[{"embeddable":true,"href":"https:\/\/akdenizolaygazetesi.com\/index.php?rest_route=\/wp\/v2\/media\/12606"}],"wp:attachment":[{"href":"https:\/\/akdenizolaygazetesi.com\/index.php?rest_route=%2Fwp%2Fv2%2Fmedia&parent=12604"}],"wp:term":[{"taxonomy":"category","embeddable":true,"href":"https:\/\/akdenizolaygazetesi.com\/index.php?rest_route=%2Fwp%2Fv2%2Fcategories&post=12604"},{"taxonomy":"post_tag","embeddable":true,"href":"https:\/\/akdenizolaygazetesi.com\/index.php?rest_route=%2Fwp%2Fv2%2Ftags&post=12604"}],"curies":[{"name":"wp","href":"https:\/\/api.w.org\/{rel}","templated":true}]}}