{"id":12607,"date":"2021-05-31T11:37:57","date_gmt":"2021-05-31T08:37:57","guid":{"rendered":"http:\/\/akdenizolaygazetesi.com\/?p=12607"},"modified":"2021-05-31T11:38:34","modified_gmt":"2021-05-31T08:38:34","slug":"mersinde-ates-savascilari-sezona-hazir","status":"publish","type":"post","link":"https:\/\/akdenizolaygazetesi.com\/?p=12607","title":{"rendered":"Mersin\u2019de ate\u015f sava\u015f\u00e7\u0131lar\u0131 sezona haz\u0131r"},"content":{"rendered":"<p>Mersin Orman B\u00f6lge M\u00fcd\u00fcrl\u00fc\u011f\u00fc, 2021 y\u0131l\u0131 \u2018yang\u0131n ekibi i\u015fba\u015f\u0131 e\u011fitimi\u2019 Anamur ve Bozyaz\u0131 Orman \u0130\u015fletme M\u00fcd\u00fcrl\u00fcklerinin ortak tatbikat\u0131yla sona erdi.<\/p>\n<p>Tatbikata Mersin Orman B\u00f6lge M\u00fcd\u00fcr\u00fc Kenan Akduman, B\u00f6lge M\u00fcd\u00fcr Yard\u0131mc\u0131s\u0131 Beyhan Alt\u0131nta\u015f, Orman Yang\u0131nlar\u0131 ile M\u00fccadele \u015eube M\u00fcd\u00fcr\u00fc Mehmet Alper, Anamur Orman \u0130\u015fletme M\u00fcd\u00fcr\u00fc V. Erkan \u00c7elik, Bozyaz\u0131 Orman \u0130\u015fletme M\u00fcd\u00fcr\u00fc Mehmet Esen, m\u00fcd\u00fcr yard\u0131mc\u0131lar\u0131, \u015fefler, orman muhafaza memurlar\u0131, i\u015f\u00e7iler ve g\u00f6n\u00fcll\u00fcler kat\u0131ld\u0131.<\/p>\n<p>Personelimizin sa\u011fl\u0131\u011f\u0131n\u0131n ve can g\u00fcvenli\u011finin her \u015feyden \u00f6nemli oldu\u011funu aktaran B\u00f6lge M\u00fcd\u00fcr\u00fc Akduman \u201cYang\u0131n sezonu ba\u015flarken yap\u0131lan bu e\u011fitimlerde eksikliklerimizi g\u00f6rerek ekiplerimizin yang\u0131n sezonu boyunca dinamik olmas\u0131n\u0131, ba\u015fta i\u015f g\u00fcvenli\u011fi ve koruyucu malzeme kullan\u0131m\u0131 konusunda t\u00fcm personelimizin hassas davranmas\u0131n\u0131, yang\u0131nla m\u00fccadelede akl\u0131m\u0131za ve sahip oldu\u011fumuz tecr\u00fcbemize dayanarak hareket etmenizi t\u00fcm sezon boyunca sizlerden bekliyorum. Orman yang\u0131nlar\u0131nda kurumumuz tek etkin ve yetkin kurumdur. Yang\u0131nla m\u00fccadele s\u00fcrecinde zafiyete d\u00fc\u015fmemek a\u00e7\u0131s\u0131ndan sahip oldu\u011fumuz imk\u00e2n ve deneyimi kullanabilmek \u00e7ok \u00f6nemli. Bundan hareketle Orman Genel M\u00fcd\u00fcrl\u00fc\u011f\u00fcm\u00fcze yak\u0131\u015f\u0131r bir disiplin i\u00e7inde i\u015fimize sayg\u0131 duyal\u0131m. D\u00fcnya standartlar\u0131nda olan ekipmanlar\u0131m\u0131z\u0131 en etkin \u015fekilde, pani\u011fe kap\u0131lmadan kullanal\u0131m\u201d dedi.<\/p>\n<p>Mersin Orman B\u00f6lge M\u00fcd\u00fcrl\u00fc\u011f\u00fc olarak 2021 y\u0131l\u0131n\u0131n en az yang\u0131n ve hasars\u0131z bir y\u0131l olmas\u0131n\u0131 dileriz.<\/p>\n","protected":false},"excerpt":{"rendered":"<p>Mersin Orman B\u00f6lge M\u00fcd\u00fcrl\u00fc\u011f\u00fc, 2021 y\u0131l\u0131 \u2018yang\u0131n ekibi i\u015fba\u015f\u0131 e\u011fitimi\u2019 Anamur ve Bozyaz\u0131 Orman \u0130\u015fletme M\u00fcd\u00fcrl\u00fcklerinin ortak tatbikat\u0131yla sona erdi. Tatbikata Mersin Orman B\u00f6lge M\u00fcd\u00fcr\u00fc Kenan Akduman, B\u00f6lge M\u00fcd\u00fcr Yard\u0131mc\u0131s\u0131 &hellip; <a href=\"https:\/\/akdenizolaygazetesi.com\/?p=12607\" class=\"more-link\">Devam\u0131n\u0131 Oku&#8230;<\/a><\/p>\n","protected":false},"author":2,"featured_media":12609,"comment_status":"open","ping_status":"open","sticky":false,"template":"","format":"standard","meta":[],"categories":[3,5],"tags":[],"_links":{"self":[{"href":"https:\/\/akdenizolaygazetesi.com\/index.php?rest_route=\/wp\/v2\/posts\/12607"}],"collection":[{"href":"https:\/\/akdenizolaygazetesi.com\/index.php?rest_route=\/wp\/v2\/posts"}],"about":[{"href":"https:\/\/akdenizolaygazetesi.com\/index.php?rest_route=\/wp\/v2\/types\/post"}],"author":[{"embeddable":true,"href":"https:\/\/akdenizolaygazetesi.com\/index.php?rest_route=\/wp\/v2\/users\/2"}],"replies":[{"embeddable":true,"href":"https:\/\/akdenizolaygazetesi.com\/index.php?rest_route=%2Fwp%2Fv2%2Fcomments&post=12607"}],"version-history":[{"count":2,"href":"https:\/\/akdenizolaygazetesi.com\/index.php?rest_route=\/wp\/v2\/posts\/12607\/revisions"}],"predecessor-version":[{"id":12610,"href":"https:\/\/akdenizolaygazetesi.com\/index.php?rest_route=\/wp\/v2\/posts\/12607\/revisions\/12610"}],"wp:featuredmedia":[{"embeddable":true,"href":"https:\/\/akdenizolaygazetesi.com\/index.php?rest_route=\/wp\/v2\/media\/12609"}],"wp:attachment":[{"href":"https:\/\/akdenizolaygazetesi.com\/index.php?rest_route=%2Fwp%2Fv2%2Fmedia&parent=12607"}],"wp:term":[{"taxonomy":"category","embeddable":true,"href":"https:\/\/akdenizolaygazetesi.com\/index.php?rest_route=%2Fwp%2Fv2%2Fcategories&post=12607"},{"taxonomy":"post_tag","embeddable":true,"href":"https:\/\/akdenizolaygazetesi.com\/index.php?rest_route=%2Fwp%2Fv2%2Ftags&post=12607"}],"curies":[{"name":"wp","href":"https:\/\/api.w.org\/{rel}","templated":true}]}}