{"id":1263,"date":"2020-11-04T18:21:50","date_gmt":"2020-11-04T15:21:50","guid":{"rendered":"http:\/\/mersinekonomipolitikagazetesi.com\/?p=1263"},"modified":"2020-11-04T18:21:50","modified_gmt":"2020-11-04T15:21:50","slug":"erdemlide-acilan-kurslarda-10-bin-eser-sergiye-cikti","status":"publish","type":"post","link":"https:\/\/akdenizolaygazetesi.com\/?p=1263","title":{"rendered":"Erdemli&#8217;de a\u00e7\u0131lan kurslarda 10 bin eser sergiye \u00e7\u0131kt\u0131"},"content":{"rendered":"<p>Mersin&#8217;in Erdemli \u0130l\u00e7esi Halk E\u011fitim Merkezi ve Ak\u015fam Sanat Okulu b\u00fcnyesinde a\u00e7\u0131lan kurslar\u0131nda ortaya \u00e7\u0131kan eserlerin yakla\u015f\u0131k 10 binin yer ald\u0131\u011f\u0131 y\u0131l sonu sergilerinin a\u00e7\u0131l\u0131\u015f\u0131n\u0131 Mersin Valisi \u00d6zdemir \u00c7akacak&#8217;\u0131n e\u015fi Kevser \u00c7akacak taraf\u0131ndan a\u00e7\u0131ld\u0131.<\/p>\n<p>\u0130lk a\u00e7\u0131l\u0131\u015f seramik, ya\u011fl\u0131 boya tablolar, mozaikler, hat, ebru r\u00f6lyef, cam eserlerin yer ald\u0131\u011f\u0131 Emine Kurtulan Sanat At\u00f6lyesinde ger\u00e7ekle\u015ftirildi. Burada eserlerin bir b\u00f6l\u00fcm\u00fc sokakta sergilendi. 21 kursiyer taraf\u0131ndan ge\u00e7en y\u0131l Kas\u0131m ay\u0131ndan bu yana \u00fcretilen el eme\u011fi g\u00f6z nuru eserler b\u00fcy\u00fck be\u011feni toplad\u0131. Kevser \u00c7akacak, sergiyi ba\u015fta Erdemli Kaymakam\u0131 Muhittin Pamuk&#8217;un e\u015fi S\u00fcl\u00fcn Pamuk ve di\u011fer il\u00e7elerin kaymakam e\u015fleriyle birlikte gezdi. \u00c7akacak, eserler ile ilgili olarak Emine Kurtulan&#8217;dan detayl\u0131 bilgiler ald\u0131.<br \/>\nSergi gezisi sonunda bir konu\u015fma yapan Kevser \u00c7akacak, &#8220;Tebrik ediyorum, b\u00fct\u00fcn eme\u011fi ge\u00e7en arkada\u015flar\u0131. Becerikli ve zevkli eserler ortaya \u00e7\u0131kard\u0131klar\u0131 i\u00e7in, bizlere b\u00f6yle bir g\u00fczelli\u011fi ya\u015fatt\u0131klar\u0131 i\u00e7in. Hepsi el eme\u011fi hepsi \u00e7ok orijinal. Seramik, ya\u011fl\u0131 boya, cam \u00e7al\u0131\u015fmalar\u0131, hepsi birbirinden g\u00fczel eserler. Hepsi \u00e7ok k\u0131ymetli. Yerinde g\u00f6rmek, arkada\u015flar\u0131m\u0131zla payla\u015fmak istedik&#8221; dedi.<br \/>\nA\u00e7\u0131lan kurslar\u0131n kad\u0131nlar i\u00e7in b\u00fcy\u00fck \u00f6nem ta\u015f\u0131d\u0131\u011f\u0131n\u0131 ifade eden \u00c7akacak, &#8220;Bunlar\u0131n hepsi birer sanat eseri. Sanat \u00f6\u011frenme ve sanat edinme kurslar\u0131m\u0131z\u0131n hepsi bayanlar\u0131m\u0131z i\u00e7in alt\u0131n bileziktir&#8221; diye konu\u015ftu.<br \/>\nEmine Kurtulan da, &#8220;Kas\u0131m ay\u0131ndan beri \u00f6zellikle seramik \u00e7al\u0131\u015f\u0131yoruz. \u00c7amurlar, yo\u011furuldu, \u015fekillendi. Pi\u015fti ve bu hale geldi. \u00c7al\u0131\u015f\u0131rken, \u00e7ok keyif ald\u0131k, stresimizi ald\u0131&#8221; dedi.<br \/>\nKursiyerlerden Ay\u015fe D\u00f6lek ise, &#8220;\u00e7ok g\u00fczel vakit ge\u00e7irdik \u00e7ok g\u00fczel eserler ortaya \u00e7\u0131kard\u0131k. \u0130n\u015fallah \u00e7al\u0131\u015fmalar\u0131m\u0131z b\u00f6yle g\u00fczel devam eder&#8221; \u015fekilnde konu\u015ftu.<br \/>\nKevser \u00c7akacak il\u00e7ede genel sergi kapsam\u0131ndaki giyim, nak\u0131\u015f dekoratif el sanatlar\u0131, ah\u015fap boyama, tak\u0131 tasar\u0131m ve i\u011fne oyas\u0131 kurslar\u0131n\u0131n sergi a\u00e7\u0131l\u0131\u015flar\u0131n\u0131 da ger\u00e7ekle\u015ftirdi. Giyim kursiyerleri taraf\u0131ndan ger\u00e7ekle\u015ftirilen mini defile ise b\u00fcy\u00fck alk\u0131\u015f ald\u0131.<br \/>\nErdemli&#8217;de bu y\u0131l il\u00e7ede 155 sosyal ve k\u00fclt\u00fcrel kurs, 24 okuma yazma kurslar\u0131 olmak \u00fczere 536 kurs a\u00e7\u0131ld\u0131. 140 usta \u00f6\u011freticinin g\u00f6rev ald\u0131\u011f\u0131 kurslara 12 bin 611 kursiyerin kat\u0131ld\u0131\u011f\u0131 bildirildi. sergilerde ise 19 kursta ortaya \u00e7\u0131kan yakla\u015f\u0131k 10 bin eser sergilendi.<\/p>\n","protected":false},"excerpt":{"rendered":"<p>Mersin&#8217;in Erdemli \u0130l\u00e7esi Halk E\u011fitim Merkezi ve Ak\u015fam Sanat Okulu b\u00fcnyesinde a\u00e7\u0131lan kurslar\u0131nda ortaya \u00e7\u0131kan eserlerin yakla\u015f\u0131k 10 binin yer ald\u0131\u011f\u0131 y\u0131l sonu sergilerinin a\u00e7\u0131l\u0131\u015f\u0131n\u0131 Mersin Valisi \u00d6zdemir \u00c7akacak&#8217;\u0131n e\u015fi &hellip; <a href=\"https:\/\/akdenizolaygazetesi.com\/?p=1263\" class=\"more-link\">Devam\u0131n\u0131 Oku&#8230;<\/a><\/p>\n","protected":false},"author":1,"featured_media":0,"comment_status":"open","ping_status":"open","sticky":false,"template":"","format":"standard","meta":[],"categories":[],"tags":[],"_links":{"self":[{"href":"https:\/\/akdenizolaygazetesi.com\/index.php?rest_route=\/wp\/v2\/posts\/1263"}],"collection":[{"href":"https:\/\/akdenizolaygazetesi.com\/index.php?rest_route=\/wp\/v2\/posts"}],"about":[{"href":"https:\/\/akdenizolaygazetesi.com\/index.php?rest_route=\/wp\/v2\/types\/post"}],"author":[{"embeddable":true,"href":"https:\/\/akdenizolaygazetesi.com\/index.php?rest_route=\/wp\/v2\/users\/1"}],"replies":[{"embeddable":true,"href":"https:\/\/akdenizolaygazetesi.com\/index.php?rest_route=%2Fwp%2Fv2%2Fcomments&post=1263"}],"version-history":[{"count":0,"href":"https:\/\/akdenizolaygazetesi.com\/index.php?rest_route=\/wp\/v2\/posts\/1263\/revisions"}],"wp:attachment":[{"href":"https:\/\/akdenizolaygazetesi.com\/index.php?rest_route=%2Fwp%2Fv2%2Fmedia&parent=1263"}],"wp:term":[{"taxonomy":"category","embeddable":true,"href":"https:\/\/akdenizolaygazetesi.com\/index.php?rest_route=%2Fwp%2Fv2%2Fcategories&post=1263"},{"taxonomy":"post_tag","embeddable":true,"href":"https:\/\/akdenizolaygazetesi.com\/index.php?rest_route=%2Fwp%2Fv2%2Ftags&post=1263"}],"curies":[{"name":"wp","href":"https:\/\/api.w.org\/{rel}","templated":true}]}}