{"id":1264,"date":"2020-11-04T18:21:50","date_gmt":"2020-11-04T15:21:50","guid":{"rendered":"http:\/\/mersinekonomipolitikagazetesi.com\/?p=1264"},"modified":"2020-11-04T18:21:50","modified_gmt":"2020-11-04T15:21:50","slug":"kizilay-afrikaya-uc-yardim-gemisi-gonderecek","status":"publish","type":"post","link":"https:\/\/akdenizolaygazetesi.com\/?p=1264","title":{"rendered":"K\u0131z\u0131lay, Afrika&#8217;ya \u00fc\u00e7 yard\u0131m gemisi g\u00f6nderecek"},"content":{"rendered":"<p>T\u00fcrk K\u0131z\u0131lay\u0131, Cumhurba\u015fkan\u0131 Recep Tayyip Erdo\u011fan&#8217;\u0131n talimat\u0131yla Somali, Sudan ve Yemen&#8217;e Ramazan ay\u0131 i\u00e7erisinde \u00fc\u00e7 yard\u0131m gemisi g\u00f6nderecek.<\/p>\n<p>K\u0131z\u0131lay&#8217;dan yap\u0131lan yaz\u0131l\u0131 a\u00e7\u0131klamaya g\u00f6re, Afrika \u00fclkelerinde ya\u015fanan insani krizler kar\u015f\u0131s\u0131nda, Cumhurba\u015fkan\u0131 Recep Tayyip Erdo\u011fan&#8217;\u0131n talimat\u0131yla Somali, Sudan ve Yemen&#8217;e Ramazan ay\u0131 i\u00e7erisinde \u00fc\u00e7 yard\u0131m gemisi g\u00f6nderilecek.<br \/>\nGemilerin her biri yakla\u015f\u0131k 3 milyon insan\u0131n bir ayl\u0131k g\u0131da ihtiyac\u0131n\u0131 kar\u015f\u0131layacak. Mersin Ta\u015fucu Liman\u0131&#8217;nda y\u00fcklerini almaya ve yola \u00e7\u0131kmaya haz\u0131rlanan yard\u0131m gemileri, Ramazan ay\u0131 i\u00e7inde yola \u00e7\u0131karak ihtiya\u00e7 sahibi insanlar\u0131n sofralar\u0131n\u0131 bereketlendirecek.<br \/>\nK\u0131z\u0131lay Genel Ba\u015fkan\u0131 Dr. Kerem K\u0131n\u0131k da, 25 May\u0131s g\u00fcn\u00fc limanda y\u00fck alan gemilerde incelemelerde bulunacak.<\/p>\n","protected":false},"excerpt":{"rendered":"<p>T\u00fcrk K\u0131z\u0131lay\u0131, Cumhurba\u015fkan\u0131 Recep Tayyip Erdo\u011fan&#8217;\u0131n talimat\u0131yla Somali, Sudan ve Yemen&#8217;e Ramazan ay\u0131 i\u00e7erisinde \u00fc\u00e7 yard\u0131m gemisi g\u00f6nderecek. K\u0131z\u0131lay&#8217;dan yap\u0131lan yaz\u0131l\u0131 a\u00e7\u0131klamaya g\u00f6re, Afrika \u00fclkelerinde ya\u015fanan insani krizler kar\u015f\u0131s\u0131nda, Cumhurba\u015fkan\u0131 &hellip; <a href=\"https:\/\/akdenizolaygazetesi.com\/?p=1264\" class=\"more-link\">Devam\u0131n\u0131 Oku&#8230;<\/a><\/p>\n","protected":false},"author":1,"featured_media":0,"comment_status":"open","ping_status":"open","sticky":false,"template":"","format":"standard","meta":[],"categories":[],"tags":[],"_links":{"self":[{"href":"https:\/\/akdenizolaygazetesi.com\/index.php?rest_route=\/wp\/v2\/posts\/1264"}],"collection":[{"href":"https:\/\/akdenizolaygazetesi.com\/index.php?rest_route=\/wp\/v2\/posts"}],"about":[{"href":"https:\/\/akdenizolaygazetesi.com\/index.php?rest_route=\/wp\/v2\/types\/post"}],"author":[{"embeddable":true,"href":"https:\/\/akdenizolaygazetesi.com\/index.php?rest_route=\/wp\/v2\/users\/1"}],"replies":[{"embeddable":true,"href":"https:\/\/akdenizolaygazetesi.com\/index.php?rest_route=%2Fwp%2Fv2%2Fcomments&post=1264"}],"version-history":[{"count":0,"href":"https:\/\/akdenizolaygazetesi.com\/index.php?rest_route=\/wp\/v2\/posts\/1264\/revisions"}],"wp:attachment":[{"href":"https:\/\/akdenizolaygazetesi.com\/index.php?rest_route=%2Fwp%2Fv2%2Fmedia&parent=1264"}],"wp:term":[{"taxonomy":"category","embeddable":true,"href":"https:\/\/akdenizolaygazetesi.com\/index.php?rest_route=%2Fwp%2Fv2%2Fcategories&post=1264"},{"taxonomy":"post_tag","embeddable":true,"href":"https:\/\/akdenizolaygazetesi.com\/index.php?rest_route=%2Fwp%2Fv2%2Ftags&post=1264"}],"curies":[{"name":"wp","href":"https:\/\/api.w.org\/{rel}","templated":true}]}}