{"id":12648,"date":"2021-06-02T13:10:28","date_gmt":"2021-06-02T10:10:28","guid":{"rendered":"http:\/\/akdenizolaygazetesi.com\/?p=12648"},"modified":"2021-06-02T13:11:20","modified_gmt":"2021-06-02T10:11:20","slug":"siyasi-partiyle-iliskisi-bulunan-cumhurbaskani-tarafsiz-olamaz","status":"publish","type":"post","link":"https:\/\/akdenizolaygazetesi.com\/?p=12648","title":{"rendered":"&#8216;Siyasi Partiyle \u0130li\u015fkisi Bulunan Cumhurba\u015fkan\u0131 Tarafs\u0131z Olamaz&#8217;"},"content":{"rendered":"<p>CHP Mersin Milletvekili ve Parti Meclisi \u00dcyesi Ali Mahir Ba\u015far\u0131r, T\u00fcrk Ceza Kanunu\u2019nun 299. Maddesi olan \u2018Cumhurba\u015fkan\u0131na hakaret\u2019 su\u00e7unun y\u00fcr\u00fcrl\u00fckten kald\u0131r\u0131lmas\u0131na ili\u015fkin TBMM Genel Kurulu\u2019nda konu\u015fma yapt\u0131.<\/p>\n<p>Bu Yasa D\u00fczenlenirken Hi\u00e7 Kimse B\u00f6yle Bir Cumhurba\u015fkan\u0131 Hayal Etmiyordu<\/p>\n<p>T\u00fcrk Ceza Kanunu\u2019nun 299. Maddesi olan, cumhurba\u015fkan\u0131na hakaret su\u00e7unun y\u00fcr\u00fcrl\u00fckten kald\u0131r\u0131lmas\u0131 gerekti\u011fini ifade eden CHP\u2019li Ba\u015far\u0131r; \u2018\u2019Asl\u0131nda bu madde, Anayasan\u0131n ge\u00e7ici 21 (b) maddesi gere\u011fince 2 y\u0131l \u00f6nce kald\u0131r\u0131lmal\u0131yd\u0131 ama kald\u0131r\u0131lmad\u0131. Peki bu madde neden kald\u0131r\u0131lmal\u0131? Gerek eski T\u00fcrk Ceza Kanunu\u2019nun 158.maddesi, gerekse sizin d\u00fczenledi\u011finiz TCK\u2019n\u0131n 299.maddesi, nas\u0131l bir cumhurba\u015fkan\u0131n\u0131 tarif ediyordu? Tarafs\u0131z. Nas\u0131l bir cumhurba\u015fkan\u0131n\u0131 tarif ediyordu? Siyasetle ili\u015fkisi olmayan. Ve bu \u00f6zelli\u011finden dolay\u0131 da devleti temsil eden bir cumhurba\u015fkan\u0131n\u0131 tarif ediyordu. \u0130kinci olarak, ba\u015fkomutan olmas\u0131 \u00f6zelli\u011fiyle bu madde d\u00fczenlendi. Herhalde bu yasa d\u00fczenlenirken hi\u00e7 kimse b\u00f6yle bir cumhurba\u015fkan\u0131 hayal etmiyordu.\u2019\u2019 dedi.<\/p>\n<p>Siyasi Partiyle \u0130li\u015fkisi Bulunan Cumhurba\u015fkan\u0131 Tarafs\u0131z Olamaz<\/p>\n<p>\u00dclkede tarafs\u0131z bir cumhurba\u015fkan\u0131 olmad\u0131\u011f\u0131n\u0131 ve bunun Kanun\u2019a ayk\u0131r\u0131l\u0131k te\u015fkil etti\u011fini belirten CHP\u2019li Ba\u015far\u0131r; Tarafs\u0131z bir cumhurba\u015fkan\u0131 var m\u0131? E\u011fer bu \u00fclkede tarafs\u0131z bir cumhurba\u015fkan\u0131 olsayd\u0131, Gezi\u2019de ve Bo\u011fazi\u00e7i \u00dcniversitesi\u2019nde hak arayan \u00f6\u011frencilere ter\u00f6rist demezdi. E\u011fer bu \u00fclkede, tarafs\u0131z bir cumhurba\u015fkan\u0131 olsayd\u0131, bu \u00fclkenin kurucu partisinin \u00fcyelerine, kimli\u011fine \u00e7\u00f6pl\u00fck demezdi. E\u011fer bu \u00fclkede tarafs\u0131z bir cumhurba\u015fkan\u0131 olsayd\u0131, kendisine destek vermeyen sanat\u00e7\u0131lara dalkavuk demezdi. E\u011fer bu \u00fclkede tarafs\u0131z bir cumhurba\u015fkan\u0131 olsayd\u0131, bu Meclis\u2019te grubu bulunan bir partinin genel ba\u015fkan\u0131na, onu da ge\u00e7tim bir anneye, bir kad\u0131na Rize\u2019de sald\u0131r\u0131 yap\u0131ld\u0131ktan sonra az bile yap\u0131lm\u0131\u015f demezdi. Cumhurba\u015fkan\u0131n\u0131n tarafs\u0131zl\u0131kla hi\u00e7bir alakas\u0131 yok. Siyasi partiyle ili\u015fkisi bulunan ve bir partinin genel ba\u015fkan\u0131. Grup toplant\u0131lar\u0131nda, bu Meclis\u2019teki, muhalif milletvekillerinin klibini yap\u0131p hedef g\u00f6steren bir cumhurba\u015fkan\u0131 var.\u2019\u2019 ifadelerini kulland\u0131.<\/p>\n<p>Ebedi Ba\u015fkomutana Hakaret Eden Meczuba Tepki Veremeyen Biri Ba\u015fkomutan Olamaz<\/p>\n<p>Recep Tayyip Erdo\u011fan\u2019\u0131n ba\u015fkomutanl\u0131k s\u0131fatlar\u0131n\u0131 ta\u015f\u0131mad\u0131\u011f\u0131n\u0131 belirten CHP\u2019li Ba\u015far\u0131r; \u2018\u2019Gelelim ba\u015fkomutanl\u0131k meselesine; e\u011fer Recep Tayyip Erdo\u011fan, bu \u00fclkenin ba\u015fkomutan\u0131 olabilseydi, onun kar\u015f\u0131s\u0131nda kendini bilmez bir meczup, ahlaks\u0131z, tarihini bilmez bir adam, Ebedi Ba\u015fkomutan Gazi Mustafa Kemal Atat\u00fcrk\u2019e hakaret etti\u011finde bir tepki verirdi. E\u011fer Recep Tayyip Erdo\u011fan, ba\u015fkomutan olabilseydi \u0130smet Pa\u015fa\u2019ya iftira atmazd\u0131. O y\u00fczden, o s\u0131fat\u0131 da ta\u015f\u0131yam\u0131yor kendisi.\u2019\u2019 s\u00f6zlerine yer verdi.<\/p>\n<p>Gen\u00e7leri \u0130\u015f\u00e7iyi K\u00f6yl\u00fcy\u00fc Sanat\u00e7\u0131y\u0131 Su\u00e7layan Bir Cumhurba\u015fkan\u0131 Var<\/p>\n<p>Konu\u015fmas\u0131n\u0131n son b\u00f6l\u00fcm\u00fcnde \u00f6nceki Gen\u00e7lik ve Spor Bakan\u0131 Osman A\u015fk\u0131n Bak\u2019\u0131n \u2018konu\u015fma lan\u2019 ve \u2018al\u00e7ak\u2019 diyerek laf atmas\u0131 \u00fczerine, CHP\u2019li Ba\u015far\u0131r; \u2018\u2019\u00d6nceki d\u00f6nemlerde bakanl\u0131k yapm\u0131\u015f birisine bak\u0131n; \u2018Konu\u015fma lan\u2019 diyor. Ben ne s\u00f6yledi\u011fime dikkat ediyorum ama bu \u00fclkede ne s\u00f6yledi\u011fine dikkat etmeyen bir cumhurba\u015fkan\u0131 var. \u0130nsanlara iftira atan bir cumhurba\u015fkan\u0131 var, ayr\u0131\u015ft\u0131ran bir cumhurba\u015fkan\u0131 var; gen\u00e7leri, i\u015f\u00e7iyi, k\u00f6yl\u00fcy\u00fc, sanat\u00e7\u0131y\u0131 su\u00e7layan bir cumhurba\u015fkan\u0131 var. O y\u00fczden diyorum ki; ba\u015fkomutan olamaz. Bu neden zorunuza gidiyor? Bir genel ba\u015fkana \u2018daha fazla olsayd\u0131\u2019 diyen bir cumhurba\u015fkan\u0131 var. Ben haddimi biliyorum, haddini bilecek birisi varsa, o da AKP Grubu ve Recep Tayyip Erdo\u011fan\u2019d\u0131r.\u2019\u2019 ifadelerini belirtti.<\/p>\n","protected":false},"excerpt":{"rendered":"<p>CHP Mersin Milletvekili ve Parti Meclisi \u00dcyesi Ali Mahir Ba\u015far\u0131r, T\u00fcrk Ceza Kanunu\u2019nun 299. Maddesi olan \u2018Cumhurba\u015fkan\u0131na hakaret\u2019 su\u00e7unun y\u00fcr\u00fcrl\u00fckten kald\u0131r\u0131lmas\u0131na ili\u015fkin TBMM Genel Kurulu\u2019nda konu\u015fma yapt\u0131. Bu Yasa D\u00fczenlenirken &hellip; <a href=\"https:\/\/akdenizolaygazetesi.com\/?p=12648\" class=\"more-link\">Devam\u0131n\u0131 Oku&#8230;<\/a><\/p>\n","protected":false},"author":2,"featured_media":12650,"comment_status":"open","ping_status":"open","sticky":false,"template":"","format":"standard","meta":[],"categories":[8,1,2,3,6],"tags":[],"_links":{"self":[{"href":"https:\/\/akdenizolaygazetesi.com\/index.php?rest_route=\/wp\/v2\/posts\/12648"}],"collection":[{"href":"https:\/\/akdenizolaygazetesi.com\/index.php?rest_route=\/wp\/v2\/posts"}],"about":[{"href":"https:\/\/akdenizolaygazetesi.com\/index.php?rest_route=\/wp\/v2\/types\/post"}],"author":[{"embeddable":true,"href":"https:\/\/akdenizolaygazetesi.com\/index.php?rest_route=\/wp\/v2\/users\/2"}],"replies":[{"embeddable":true,"href":"https:\/\/akdenizolaygazetesi.com\/index.php?rest_route=%2Fwp%2Fv2%2Fcomments&post=12648"}],"version-history":[{"count":2,"href":"https:\/\/akdenizolaygazetesi.com\/index.php?rest_route=\/wp\/v2\/posts\/12648\/revisions"}],"predecessor-version":[{"id":12651,"href":"https:\/\/akdenizolaygazetesi.com\/index.php?rest_route=\/wp\/v2\/posts\/12648\/revisions\/12651"}],"wp:featuredmedia":[{"embeddable":true,"href":"https:\/\/akdenizolaygazetesi.com\/index.php?rest_route=\/wp\/v2\/media\/12650"}],"wp:attachment":[{"href":"https:\/\/akdenizolaygazetesi.com\/index.php?rest_route=%2Fwp%2Fv2%2Fmedia&parent=12648"}],"wp:term":[{"taxonomy":"category","embeddable":true,"href":"https:\/\/akdenizolaygazetesi.com\/index.php?rest_route=%2Fwp%2Fv2%2Fcategories&post=12648"},{"taxonomy":"post_tag","embeddable":true,"href":"https:\/\/akdenizolaygazetesi.com\/index.php?rest_route=%2Fwp%2Fv2%2Ftags&post=12648"}],"curies":[{"name":"wp","href":"https:\/\/api.w.org\/{rel}","templated":true}]}}