{"id":12655,"date":"2021-06-02T13:16:15","date_gmt":"2021-06-02T10:16:15","guid":{"rendered":"http:\/\/akdenizolaygazetesi.com\/?p=12655"},"modified":"2021-06-02T13:16:30","modified_gmt":"2021-06-02T10:16:30","slug":"mersin-buyuksehir-pandemide-muzisyenlere-1-milyon-300-bin-lira-destek-sagladi","status":"publish","type":"post","link":"https:\/\/akdenizolaygazetesi.com\/?p=12655","title":{"rendered":"MERS\u0130N B\u00dcY\u00dcK\u015eEH\u0130R, PANDEM\u0130DE M\u00dcZ\u0130SYENLERE 1 M\u0130LYON 300 B\u0130N L\u0130RA DESTEK SA\u011eLADI"},"content":{"rendered":"<p>Mersin B\u00fcy\u00fck\u015fehir Belediyesi K\u00fclt\u00fcr ve Sosyal \u0130\u015fler Dairesi, salg\u0131n\u0131n T\u00fcrkiye\u2019de de g\u00f6r\u00fclmeye ba\u015flad\u0131\u011f\u0131 Mart 2020\u2019den bu yana, pandemi kurallar\u0131n\u0131 da g\u00f6zeterek d\u00fczenledi\u011fi sosyal mesafeli 402 konserde yerel m\u00fczisyenlere toplam 1 milyon 279 bin lira destek sa\u011flad\u0131. M\u00fczik hi\u00e7 susmas\u0131n diye sanat\u00e7\u0131lara destek sa\u011flayan B\u00fcy\u00fck\u015fehir, bu s\u00fcre\u00e7te d\u00fczenledi\u011fi konserlerde 1252 yerel m\u00fczisyenin dinleyiciyle bulu\u015fmas\u0131n\u0131 sa\u011flayarak hem maddi hem de manevi olarak ayakta kalmas\u0131na imkan sundu.<\/p>\n<p>\u2018Yeni normalle\u015fme\u2019 ad\u0131mlar\u0131nda \u2018m\u00fczisyenin\u2019 ad\u0131 yine yoktu<\/p>\n<p>Pandeminin ba\u015f\u0131ndan bu yana al\u0131nan pek \u00e7ok tedbir karar\u0131, m\u00fczisyenlerin de zor g\u00fcnler ya\u015famas\u0131na neden oldu. Sahne ald\u0131klar\u0131 mekanlar\u0131n kapal\u0131 olmas\u0131 nedeniyle s\u0131k\u0131nt\u0131lar ya\u015fayan onlarca m\u00fczisyen evine ekmek g\u00f6t\u00fcremedi\u011fi i\u00e7in b\u00fcy\u00fck ekonomik s\u0131k\u0131nt\u0131larla kar\u015f\u0131 kar\u015f\u0131ya kald\u0131. Son olarak Haziran ay\u0131 i\u00e7in a\u00e7\u0131klanan yeni normalle\u015fme ve esnetilen uygulama s\u00fcrecinde de m\u00fczisyenler i\u00e7in bir ad\u0131m at\u0131lmad\u0131. Mekanlar\u0131n, saat 21.00\u2019de kapanaca\u011f\u0131n\u0131n a\u00e7\u0131klanmas\u0131, m\u00fczisyenleri yeterince tatmin etmedi. \u00c7ok say\u0131da m\u00fczisyen al\u0131nan kararlara sosyal medya \u00fczerinden tepki g\u00f6sterdi ve h\u00fck\u00fcmetin a\u00e7\u0131klad\u0131\u011f\u0131 kararlar\u0131 ele\u015ftirdi.<\/p>\n<p>\u2018Yeni normalle\u015fme\u2019 s\u00fcrecinde m\u00fczisyenin destek\u00e7isi yine Mersin B\u00fcy\u00fck\u015fehir oldu<\/p>\n<p>Sanatlar\u0131n\u0131 icra etmek ve ekmek paras\u0131 kazanmak i\u00e7in bir \u00e7\u0131k\u0131\u015f yolu arayan sanat\u00e7\u0131lar\u0131n zor g\u00fcnlerine Mersin B\u00fcy\u00fck\u015fehir Belediyesi yeti\u015fti. B\u00fcy\u00fck\u015fehir\u2019in pandemi s\u00fcrecinin ba\u015f\u0131ndan bu yana d\u00fczenledi\u011fi konserlerle imkanlar \u00f6l\u00e7\u00fcs\u00fcnde yerel m\u00fczisyenlere destek verildi.<\/p>\n<p>Bu konuda de\u011ferlendirmeler yapan yerel m\u00fczisyenler, maddi deste\u011fin \u00f6tesinde \u00f6nemseniyor olman\u0131n kendilerine ya\u015fam kayna\u011f\u0131 oldu\u011funu vurgulad\u0131. B\u00fcy\u00fck\u015fehir, soka\u011fa \u00e7\u0131kma k\u0131s\u0131tlamalar\u0131n\u0131n uygulanmad\u0131\u011f\u0131 g\u00fcnlerde d\u00fczenledi\u011fi sosyal mesafeli konserleri \u2018yeni normalle\u015fme\u2019 s\u00fcrecinde de s\u00fcrd\u00fcrerek m\u00fczisyenlere katk\u0131 sa\u011flamay\u0131 s\u00fcrd\u00fcr\u00fcyor.<\/p>\n<p>\u201cDevletin bu konuda g\u00f6stermi\u015f oldu\u011fu hi\u00e7bir ad\u0131m bize fayda sa\u011flamad\u0131\u201d<\/p>\n<p>Mersin\u2019de ge\u00e7imini m\u00fczik yaparak s\u00fcrd\u00fcren Haluk \u015ea\u015f, 25 y\u0131ld\u0131r m\u00fczik hayat\u0131n\u0131 s\u00fcrd\u00fcrd\u00fc\u011f\u00fcn\u00fc belirterek, pandemi s\u00fcrecinin kendileri i\u00e7in \u00e7ok zor oldu\u011funu vurgulad\u0131. \u201cBiz sahnelerimizi geri istiyoruz\u201d diyerek yetkililere \u00e7a\u011fr\u0131da bulunan \u015ea\u015f, \u201cBu s\u00fcre\u00e7te zor durumda kal\u0131p intihar eden \u00e7ok arkada\u015f\u0131m\u0131z oldu. Devletin bu konuda g\u00f6stermi\u015f oldu\u011fu hi\u00e7bir ad\u0131m bize fayda sa\u011flamad\u0131. Hatta kendilerinin bize yard\u0131m ve destek ama\u00e7l\u0131 sundu\u011fu hi\u00e7bir \u015fey elimize ge\u00e7medi. \u00c7o\u011fu m\u00fczisyen arkada\u015f\u0131m\u0131z da bu y\u00fczden hayat\u0131na son verdi. Kendi kiralar\u0131n\u0131 \u00f6deyemeyen insanlar var. Benim sahneye \u00e7\u0131kmam markete, AVM\u2019ye giden, dolmu\u015fa binen, restoranda yemek yiyen bir insandan daha tehlikeli de\u011fil. HES kodu diye bir olay var. HES kodunu al\u0131rs\u0131n\u0131z, insanlar konserlere gelir. Verilen kararlar\u0131n do\u011fru bir ekiple, bilimsel bir kurulla adil bir \u015fekilde verilmesi laz\u0131m. Bug\u00fcne kadar hi\u00e7 adil olunmad\u0131\u201d dedi.<\/p>\n<p>\u201cVahap Se\u00e7er t\u00fcm m\u00fczisyenlerin babas\u0131 gibi oldu\u201d<\/p>\n<p>Mersin\u2019de durumun bir y\u00f6n\u00fcyle farkl\u0131 oldu\u011funu belirten \u015ea\u015f, \u201cSay\u0131n Ba\u015fkan\u0131m\u0131z Vahap Se\u00e7er t\u00fcm m\u00fczisyenlerin babas\u0131 gibi oldu. Bu konuda \u00e7ok yard\u0131m\u0131n\u0131 g\u00f6rd\u00fck. Kendisiyle tan\u0131\u015fm\u0131yorum. Ama en k\u00fc\u00e7\u00fc\u011f\u00fcnden en b\u00fcy\u00fc\u011f\u00fcne kadar buradaki m\u00fczisyenlerin hepsine, kimseyi ay\u0131rmadan destek oldu\u011funu biliyorum\u201d diye konu\u015ftu.<\/p>\n<p>\u201cPandemide hi\u00e7 para kazanamamaya ba\u015flad\u0131k\u201d<\/p>\n<p>Sanat\u00e7\u0131 Mehmet Can Reyhan da 7 ya\u015f\u0131ndan bu yana m\u00fczi\u011finin i\u00e7erisinde olan 27 ya\u015f\u0131ndaki bir m\u00fczisyen olarak salg\u0131n s\u00fcrecinde maddi s\u0131k\u0131nt\u0131larla kar\u015f\u0131 kar\u015f\u0131ya kald\u0131klar\u0131n\u0131 belirtti. Reyhan, \u201cSokak m\u00fczi\u011fi yap\u0131yorduk. Bar m\u00fczi\u011fi yap\u0131yorduk. Daha sonras\u0131nda insanlar \u00f6zel g\u00fcnlerine \u00e7a\u011f\u0131r\u0131yordu, yine para kazanabiliyorduk. Fakat pandemide hi\u00e7 para kazanamamaya ba\u015flad\u0131k\u201d dedi.<\/p>\n<p>Balkon konserinde gitar teli koptu, Mersin B\u00fcy\u00fck\u015fehir ula\u015ft\u0131rd\u0131<\/p>\n<p>Salg\u0131n s\u00fcrecinde kom\u015fular\u0131na balkon konserleri verdi\u011fini ve bir g\u00fcn gitar\u0131ndaki telin koptu\u011funu ifade eden Reyhan, an\u0131s\u0131n\u0131 \u015fu c\u00fcmlelerle anlatt\u0131:<\/p>\n<p>\u201cKriz Merkezi\u2019ne yazd\u0131m. \u2018Telim koptu\u2019 dedim. Sonu\u00e7ta para kazanam\u0131yorum. Aileme gidip \u2018bana tel paras\u0131 verin\u2019 diyebilecek durumda de\u011filim. Kriz Merkezi\u2019nden ricada bulundum. Ertesi g\u00fcn belediye arac\u0131yla evime hem te\u015fekk\u00fcre hem de bana o teli vermeye geldiler. \u015eimdi bu, Vahap Se\u00e7er\u2019in yapt\u0131\u011f\u0131 \u00e7ok g\u00fczel bir hareket. Sanata ve sanat\u00e7\u0131ya sayg\u0131 duydu\u011funun, sahip \u00e7\u0131kt\u0131\u011f\u0131n\u0131n bir g\u00f6stergesidir.\u201d<\/p>\n<p>\u201cDestekler ayakta tutuyor\u201d<\/p>\n<p>Televizyonda ve sosyal medyada m\u00fczisyenlerin \u00fcz\u00fcc\u00fc haberlerini \u00e7ok s\u0131k g\u00f6rmeye ba\u015flad\u0131klar\u0131n\u0131 belirten Reyhan, \u201cBen de o insanlar\u0131n yerinde olabilirdim\u201d dedi. Mersin\u2019de yap\u0131lan desteklerin en \u00e7ok da manevi olarak kendilerini ayakta tuttu\u011funu vurgulayan Reyhan, \u201c\u00dcz\u00fcc\u00fc haberlerin nedenlerine bak\u0131nca hep ge\u00e7im s\u0131k\u0131nt\u0131s\u0131. Bize ge\u00e7im kayna\u011f\u0131 olarak yap\u0131lan bu destek \u00f6m\u00fcr boyu idare edecek bir destek olmasa bile bizi \u00f6m\u00fcr boyu o motiveyle g\u00f6t\u00fcrebilecek bir maneviyat var ortada\u201d ifadelerine yer verdi.<\/p>\n<p>\u201cM\u00fczisyen arkada\u015flar\u0131m\u0131z\u0131n enstr\u00fcmanlar\u0131n\u0131 bu s\u00fcre\u00e7te satt\u0131klar\u0131n\u0131 g\u00f6rd\u00fck\u201d<\/p>\n<p>\u2018\u015eimal\u2019 ad\u0131yla da tan\u0131nan \u015eimal Cemile Sara\u00e7 ise \u201cbenim a\u015fk\u0131m\u201d dedi\u011fi m\u00fczikle 15 y\u0131ld\u0131r profesyonel olarak ilgilendi\u011fini kaydetti. Depremler, ter\u00f6r olaylar\u0131, felaketler ve t\u00fcm ac\u0131 haberlerin ilk olarak m\u00fczik camias\u0131n\u0131 etkiledi\u011fini belirten \u015eimal, salg\u0131n\u0131n da m\u00fczisyenler \u00fczerinde b\u00fcy\u00fck yaralar a\u00e7t\u0131\u011f\u0131n\u0131 vurgulad\u0131. Bu s\u00fcreci asla unutamayaca\u011f\u0131n\u0131 anlatan \u015eimal, \u201cOrkestra arkada\u015f\u0131m\u0131z\u0131 korona y\u00fcz\u00fcnden kaybettik. \u00c7ok de\u011ferli bir virt\u00fc\u00f6z, \u00e7ok de\u011ferli bir keman sanat\u00e7\u0131s\u0131yd\u0131. M\u00fczisyen arkada\u015flar\u0131m\u0131z\u0131n zor durumda \u00e7ok u\u011fra\u015f vererek kazand\u0131klar\u0131 paralarla ald\u0131klar\u0131 enstr\u00fcmanlar\u0131n\u0131 bu s\u00fcre\u00e7te satt\u0131klar\u0131n\u0131 g\u00f6rd\u00fck\u201d dedi.<\/p>\n<p>\u201cVahap Se\u00e7er m\u00fczisyenlere \u015fu zor zamanda hep destek oldu\u201d<\/p>\n<p>Mersin B\u00fcy\u00fck\u015fehir Belediyesi\u2019nin bu s\u00fcre\u00e7te yanlar\u0131nda oldu\u011funu vurgulayan \u015eimal, \u201cSay\u0131n Vahap Se\u00e7er o kadar \u00f6zel ve de\u011ferli bir insan ki m\u00fczisyenlere hep destek oluyordu, \u015fu zor zaman\u0131nda da hep destek oldu. \u015eu zor zamanda iki kat\u0131 daha performans sergileyerek bizlere mutluluk verdi. Kendisine minnettar\u0131z diyebilirim. K\u00fclt\u00fcr ve Sosyal \u0130\u015fler Dairesi \u00e7al\u0131\u015fanlar\u0131 da her f\u0131rsatta bizlere mesaj att\u0131lar. \u015eu yasak s\u00fcresinde m\u00fczik yapamasak bile bizleri s\u00fcrekli arad\u0131lar, arkam\u0131zda olduklar\u0131n\u0131 s\u00f6ylediler. Belki para kazanam\u0131yoruz ama bu s\u00f6zc\u00fckler bile bizi \u00e7ok mutlu ediyordu\u201d diye konu\u015ftu.<\/p>\n","protected":false},"excerpt":{"rendered":"<p>Mersin B\u00fcy\u00fck\u015fehir Belediyesi K\u00fclt\u00fcr ve Sosyal \u0130\u015fler Dairesi, salg\u0131n\u0131n T\u00fcrkiye\u2019de de g\u00f6r\u00fclmeye ba\u015flad\u0131\u011f\u0131 Mart 2020\u2019den bu yana, pandemi kurallar\u0131n\u0131 da g\u00f6zeterek d\u00fczenledi\u011fi sosyal mesafeli 402 konserde yerel m\u00fczisyenlere toplam 1 &hellip; <a href=\"https:\/\/akdenizolaygazetesi.com\/?p=12655\" class=\"more-link\">Devam\u0131n\u0131 Oku&#8230;<\/a><\/p>\n","protected":false},"author":2,"featured_media":12656,"comment_status":"open","ping_status":"open","sticky":false,"template":"","format":"standard","meta":[],"categories":[3,5],"tags":[],"_links":{"self":[{"href":"https:\/\/akdenizolaygazetesi.com\/index.php?rest_route=\/wp\/v2\/posts\/12655"}],"collection":[{"href":"https:\/\/akdenizolaygazetesi.com\/index.php?rest_route=\/wp\/v2\/posts"}],"about":[{"href":"https:\/\/akdenizolaygazetesi.com\/index.php?rest_route=\/wp\/v2\/types\/post"}],"author":[{"embeddable":true,"href":"https:\/\/akdenizolaygazetesi.com\/index.php?rest_route=\/wp\/v2\/users\/2"}],"replies":[{"embeddable":true,"href":"https:\/\/akdenizolaygazetesi.com\/index.php?rest_route=%2Fwp%2Fv2%2Fcomments&post=12655"}],"version-history":[{"count":1,"href":"https:\/\/akdenizolaygazetesi.com\/index.php?rest_route=\/wp\/v2\/posts\/12655\/revisions"}],"predecessor-version":[{"id":12657,"href":"https:\/\/akdenizolaygazetesi.com\/index.php?rest_route=\/wp\/v2\/posts\/12655\/revisions\/12657"}],"wp:featuredmedia":[{"embeddable":true,"href":"https:\/\/akdenizolaygazetesi.com\/index.php?rest_route=\/wp\/v2\/media\/12656"}],"wp:attachment":[{"href":"https:\/\/akdenizolaygazetesi.com\/index.php?rest_route=%2Fwp%2Fv2%2Fmedia&parent=12655"}],"wp:term":[{"taxonomy":"category","embeddable":true,"href":"https:\/\/akdenizolaygazetesi.com\/index.php?rest_route=%2Fwp%2Fv2%2Fcategories&post=12655"},{"taxonomy":"post_tag","embeddable":true,"href":"https:\/\/akdenizolaygazetesi.com\/index.php?rest_route=%2Fwp%2Fv2%2Ftags&post=12655"}],"curies":[{"name":"wp","href":"https:\/\/api.w.org\/{rel}","templated":true}]}}