{"id":12658,"date":"2021-06-02T13:18:01","date_gmt":"2021-06-02T10:18:01","guid":{"rendered":"http:\/\/akdenizolaygazetesi.com\/?p=12658"},"modified":"2021-06-02T13:19:48","modified_gmt":"2021-06-02T10:19:48","slug":"salih-ulusoy-ile-hangi-konular-uzerine-gorusmustur","status":"publish","type":"post","link":"https:\/\/akdenizolaygazetesi.com\/?p=12658","title":{"rendered":"&#8220;Salih Ulusoy ile hangi konular \u00fczerine g\u00f6r\u00fc\u015fm\u00fc\u015ft\u00fcr?&#8221;"},"content":{"rendered":"<p>Sedat Peker\u2019in iddialar\u0131 ile El Nusra\u2019ya silah g\u00f6nderdi\u011fi y\u00f6n\u00fcnde g\u00fcndeme gelen SADAT\u2019\u0131n ara\u015ft\u0131r\u0131lmas\u0131 i\u00e7in TBMM&#8217;de verilen \u00f6nerge \u00fczerine konu\u015fan Cumhuriyet Halk Partisi Mersin Milletvekili Alpay Antmen 7 Mart 2016 tarihine SADAT heyeti ile d\u00f6nemin Genelkurmay Plan Prensip Ba\u015fkanl\u0131\u011f\u0131\u2019n\u0131n bir g\u00f6r\u00fc\u015fme ger\u00e7ekle\u015ftirdi\u011fini belirterek \u201cSADAT, 15 Temmuz darbe giri\u015fiminden 4 ay \u00f6nce daha sonra tutuklanarak cezaevine g\u00f6nderilecek olan Korgeneral Salih Ulusoy ile hangi konular \u00fczerine g\u00f6r\u00fc\u015fm\u00fc\u015ft\u00fcr? G\u00f6r\u00fc\u015fme i\u00e7eri\u011fi resmi kurumlar taraf\u0131ndan bilinmekte midir? 250 \u015fehidimizin oldu\u011fu hain darbe giri\u015fiminde kimlerin ne t\u00fcr etkisi var?\u201d diye sordu.<\/p>\n<p>SADAT\u2019\u0131n \u0130slam \u00dclkeleri ve \u0130slam Ordusu kurmak gibi hedeflerinin oldu\u011funu s\u00f6yleyen CHP\u2019li Vekil \u201cCumhurba\u015fkan\u0131 Recep Tayyip Erdo\u011fan, 15 Temmuz darbe giri\u015fiminin ard\u0131ndan SADAT&#8217;\u0131n kurucusu emekli Tu\u011fgeneral Adnan Tanr\u0131verdi&#8217;yi, Cumhurba\u015fkanl\u0131\u011f\u0131 Ba\u015fdan\u0131\u015fmanl\u0131\u011f\u0131 g\u00f6revine getirmi\u015fti. SADAT\u2019\u0131n kurucusu emekli Tu\u011fgeneral Adnan Tanr\u0131verdi \u2018T\u00fcrkiye\u2019ye eyalet sistemi getirilmelidir. PKK ile hemen g\u00f6r\u00fc\u015f\u00fclmelidir. Cumhurba\u015fkanl\u0131\u011f\u0131 forsuna bir y\u0131ld\u0131z daha eklenmelidir. Anayasa\u2019da Laiklik olmamlad\u0131r\u2019 demi\u015fti. Cumhurba\u015fkanl\u0131\u011f\u0131&#8217;n\u0131n ba\u015fdan\u0131\u015fmanl\u0131\u011f\u0131 g\u00f6revine getirilmesinde bu g\u00f6r\u00fc\u015flerinin etkisi olmu\u015f muydu?\u201d dedi.<\/p>\n<p>El Nusra, El Kaide ve I\u015e\u0130D ter\u00f6r \u00f6rg\u00fctleri ile SADAT\u2019\u0131n ili\u015fkisi oldu\u011funa ve SADAT taraf\u0131ndan I\u015e\u0130D militanlar\u0131n\u0131n e\u011fitildi\u011fine dair iddialar\u0131 g\u00fcndeme getiren Antmen, \u201cSADAT\u2019\u0131n bu \u00f6rg\u00fctlere silah g\u00f6nderdi\u011fi do\u011fru mu? Bu ter\u00f6r \u00f6rg\u00fctlerinin e\u011fitimlerinde SADAT yer almakta m\u0131d\u0131r? Cumhuriyet Halk Partisi ve HDP binalar\u0131na sald\u0131ran Osmanl\u0131 Ocaklar\u0131 ile SADAT aras\u0131nda herhangi bir ba\u011f bulunmakta m\u0131d\u0131r? Osmanl\u0131 Ocaklar\u0131\u2019ndan baz\u0131 gen\u00e7lerin SADAT kamplar\u0131nda e\u011fitildi\u011fine dair iddialar var. Bunu da ara\u015ft\u0131ral\u0131m\u201d ifadelerini kulland\u0131. Verilen \u00f6nerge AKP ve MHP\u2019li Milletvekillerinin oylar\u0131yla reddedildi.<\/p>\n","protected":false},"excerpt":{"rendered":"<p>Sedat Peker\u2019in iddialar\u0131 ile El Nusra\u2019ya silah g\u00f6nderdi\u011fi y\u00f6n\u00fcnde g\u00fcndeme gelen SADAT\u2019\u0131n ara\u015ft\u0131r\u0131lmas\u0131 i\u00e7in TBMM&#8217;de verilen \u00f6nerge \u00fczerine konu\u015fan Cumhuriyet Halk Partisi Mersin Milletvekili Alpay Antmen 7 Mart 2016 tarihine &hellip; <a href=\"https:\/\/akdenizolaygazetesi.com\/?p=12658\" class=\"more-link\">Devam\u0131n\u0131 Oku&#8230;<\/a><\/p>\n","protected":false},"author":2,"featured_media":12660,"comment_status":"open","ping_status":"open","sticky":false,"template":"","format":"standard","meta":[],"categories":[1,3,5],"tags":[],"_links":{"self":[{"href":"https:\/\/akdenizolaygazetesi.com\/index.php?rest_route=\/wp\/v2\/posts\/12658"}],"collection":[{"href":"https:\/\/akdenizolaygazetesi.com\/index.php?rest_route=\/wp\/v2\/posts"}],"about":[{"href":"https:\/\/akdenizolaygazetesi.com\/index.php?rest_route=\/wp\/v2\/types\/post"}],"author":[{"embeddable":true,"href":"https:\/\/akdenizolaygazetesi.com\/index.php?rest_route=\/wp\/v2\/users\/2"}],"replies":[{"embeddable":true,"href":"https:\/\/akdenizolaygazetesi.com\/index.php?rest_route=%2Fwp%2Fv2%2Fcomments&post=12658"}],"version-history":[{"count":2,"href":"https:\/\/akdenizolaygazetesi.com\/index.php?rest_route=\/wp\/v2\/posts\/12658\/revisions"}],"predecessor-version":[{"id":12661,"href":"https:\/\/akdenizolaygazetesi.com\/index.php?rest_route=\/wp\/v2\/posts\/12658\/revisions\/12661"}],"wp:featuredmedia":[{"embeddable":true,"href":"https:\/\/akdenizolaygazetesi.com\/index.php?rest_route=\/wp\/v2\/media\/12660"}],"wp:attachment":[{"href":"https:\/\/akdenizolaygazetesi.com\/index.php?rest_route=%2Fwp%2Fv2%2Fmedia&parent=12658"}],"wp:term":[{"taxonomy":"category","embeddable":true,"href":"https:\/\/akdenizolaygazetesi.com\/index.php?rest_route=%2Fwp%2Fv2%2Fcategories&post=12658"},{"taxonomy":"post_tag","embeddable":true,"href":"https:\/\/akdenizolaygazetesi.com\/index.php?rest_route=%2Fwp%2Fv2%2Ftags&post=12658"}],"curies":[{"name":"wp","href":"https:\/\/api.w.org\/{rel}","templated":true}]}}