{"id":1266,"date":"2020-11-04T18:21:51","date_gmt":"2020-11-04T15:21:51","guid":{"rendered":"http:\/\/mersinekonomipolitikagazetesi.com\/?p=1266"},"modified":"2020-11-04T18:21:51","modified_gmt":"2020-11-04T15:21:51","slug":"festivalde-en-guzel-batirik-icin-yaristilar","status":"publish","type":"post","link":"https:\/\/akdenizolaygazetesi.com\/?p=1266","title":{"rendered":"Festivalde En g\u00fczel Bat\u0131r\u0131k i\u00e7in yar\u0131\u015ft\u0131lar"},"content":{"rendered":"<p>Silifke\u2019de 44.\u2019s\u00fc kutlanmakta olan Uluslararas\u0131 Silifke M\u00fczik ve Folklor Festivali etkinlikleri i\u00e7erisinde En G\u00fczel Bat\u0131r\u0131k Yar\u0131\u015fmas\u0131 d\u00fczenlendi.<br \/>\nEtkinlik i\u00e7erisinde, festivale yurt i\u00e7inden ve yurt d\u0131\u015f\u0131ndan kat\u0131lan halk oyunlar\u0131 ekipleri ve davetlilere belediye personelleri taraf\u0131ndan b\u00fcy\u00fck le\u011fenlerde yap\u0131lan bat\u0131r\u0131klar ikram edildi.<\/p>\n<p>Demokrasi Park\u0131\u2019nda d\u00fczenlenen yar\u0131\u015fmada bat\u0131r\u0131\u011f\u0131n temizli\u011fi, lezzeti ve aromas\u0131, renk ve kokusu, k\u0131vam\u0131, malzemenin niteli\u011fi, servis \u015fekli, kullan\u0131lan kaplar dikkate al\u0131narak de\u011ferlendirme yap\u0131ld\u0131.<br \/>\nYar\u0131\u015fma \u00f6ncesi festivale misafir olarak kat\u0131lan Tire, G\u00fcrcistan, Bergama, Afagder, Ankafem ve Thailand Halk Danslar\u0131 Toplulu\u011fu izlenmeye de\u011fer g\u00f6sterilerini sundular. Demokrasi park\u0131nda d\u00fczenlenen etkinlikte yerli ve yabanc\u0131 halkoyunlar\u0131 guruplar\u0131 bir birinden farkl\u0131 oyunlar\u0131 ile izleyicilerden tam not ald\u0131lar.<br \/>\nSilifke Belediye Ba\u015fkan\u0131 Mustafa Turgut, bat\u0131r\u0131\u011f\u0131n Silifke\u2019de misafirlikte hemen hemen her ev sahibinin ikram etti\u011fi ince bulgurdan yap\u0131lan so\u011fuk bir i\u00e7ecek oldu\u011funu, bu i\u00e7ece\u011fin \u00e7ok besleyici ve lezzetli oldu\u011funu kaydetti. Turgut, bat\u0131r\u0131k yar\u0131\u015fmas\u0131na kat\u0131lan b\u00fct\u00fcn yar\u0131\u015fmac\u0131lara ve davetlilere kat\u0131l\u0131mlar\u0131ndan dolay\u0131 te\u015fekk\u00fcr etti.<\/p>\n","protected":false},"excerpt":{"rendered":"<p>Silifke\u2019de 44.\u2019s\u00fc kutlanmakta olan Uluslararas\u0131 Silifke M\u00fczik ve Folklor Festivali etkinlikleri i\u00e7erisinde En G\u00fczel Bat\u0131r\u0131k Yar\u0131\u015fmas\u0131 d\u00fczenlendi. Etkinlik i\u00e7erisinde, festivale yurt i\u00e7inden ve yurt d\u0131\u015f\u0131ndan kat\u0131lan halk oyunlar\u0131 ekipleri ve &hellip; <a href=\"https:\/\/akdenizolaygazetesi.com\/?p=1266\" class=\"more-link\">Devam\u0131n\u0131 Oku&#8230;<\/a><\/p>\n","protected":false},"author":1,"featured_media":0,"comment_status":"open","ping_status":"open","sticky":false,"template":"","format":"standard","meta":[],"categories":[],"tags":[],"_links":{"self":[{"href":"https:\/\/akdenizolaygazetesi.com\/index.php?rest_route=\/wp\/v2\/posts\/1266"}],"collection":[{"href":"https:\/\/akdenizolaygazetesi.com\/index.php?rest_route=\/wp\/v2\/posts"}],"about":[{"href":"https:\/\/akdenizolaygazetesi.com\/index.php?rest_route=\/wp\/v2\/types\/post"}],"author":[{"embeddable":true,"href":"https:\/\/akdenizolaygazetesi.com\/index.php?rest_route=\/wp\/v2\/users\/1"}],"replies":[{"embeddable":true,"href":"https:\/\/akdenizolaygazetesi.com\/index.php?rest_route=%2Fwp%2Fv2%2Fcomments&post=1266"}],"version-history":[{"count":0,"href":"https:\/\/akdenizolaygazetesi.com\/index.php?rest_route=\/wp\/v2\/posts\/1266\/revisions"}],"wp:attachment":[{"href":"https:\/\/akdenizolaygazetesi.com\/index.php?rest_route=%2Fwp%2Fv2%2Fmedia&parent=1266"}],"wp:term":[{"taxonomy":"category","embeddable":true,"href":"https:\/\/akdenizolaygazetesi.com\/index.php?rest_route=%2Fwp%2Fv2%2Fcategories&post=1266"},{"taxonomy":"post_tag","embeddable":true,"href":"https:\/\/akdenizolaygazetesi.com\/index.php?rest_route=%2Fwp%2Fv2%2Ftags&post=1266"}],"curies":[{"name":"wp","href":"https:\/\/api.w.org\/{rel}","templated":true}]}}