{"id":12662,"date":"2021-06-02T13:23:25","date_gmt":"2021-06-02T10:23:25","guid":{"rendered":"http:\/\/akdenizolaygazetesi.com\/?p=12662"},"modified":"2021-06-02T13:23:33","modified_gmt":"2021-06-02T10:23:33","slug":"kentsel-donusume-tum-sehrimizin-ihtiyaci-var","status":"publish","type":"post","link":"https:\/\/akdenizolaygazetesi.com\/?p=12662","title":{"rendered":"\u201cKENTSEL D\u00d6N\u00dc\u015e\u00dcME T\u00dcM \u015eEHR\u0130M\u0130Z\u0130N \u0130HT\u0130YACI VAR\u201d"},"content":{"rendered":"<p>Akdeniz Belediye Ba\u015fkan\u0131 Mustafa G\u00fcltak; Toplu Konut \u0130daresi Ba\u015fkanl\u0131\u011f\u0131 (TOK\u0130) taraf\u0131ndan, \u00c7ay Mahallesi\u2019nde ge\u00e7en y\u0131l i\u00e7inde ba\u015flayan ve yak\u0131n zamanda tamamlanmak \u00fczere olan yerinde kentsel d\u00f6n\u00fc\u015f\u00fcm projesinde gelinen s\u00fcreci; Mersin Valisi Ali \u0130hsan Su, MTSO, MES\u0130AD ve sivil toplum \u00f6rg\u00fct\u00fc temsilcilerinin kat\u0131ld\u0131\u011f\u0131 tan\u0131t\u0131m toplant\u0131s\u0131 ile anlatt\u0131.<br \/>\n* T\u00fcm Mersin\u2019in kentsel d\u00f6n\u00fc\u015f\u00fcm projelerine ihtiya\u00e7 duydu\u011funun alt\u0131n\u0131 \u00e7izerek, bu projelerin hayat bulmas\u0131n\u0131n, kentin gelece\u011fini de\u011fi\u015ftirece\u011fini ifade eden Ba\u015fkan G\u00fcltak; \u201cAkdeniz de\u011fi\u015fiyor ve de\u011fi\u015fmeye devam edecek. Kentimizin b\u00fct\u00fcn dinamiklerinin deste\u011fi benim i\u00e7in ger\u00e7ekten \u00e7ok \u00f6nemli. \u00c7\u00fcnk\u00fc bu de\u011fi\u015fim ve d\u00f6n\u00fc\u015f\u00fcme t\u00fcm \u015fehrimizin ihtiyac\u0131 var\u201d dedi.<br \/>\n\u00c7ay Mahallesi \u2018TOK\u0130 Yerinde Kentsel D\u00f6n\u00fc\u015f\u00fcm Proje Sahas\u0131\u2019 i\u00e7erisinde ger\u00e7ekle\u015fen tan\u0131t\u0131m toplant\u0131s\u0131na; Mersin Valisi Ali \u0130hsan Su, Ak Parti \u0130l Ba\u015fkan\u0131 Cesim Ercik, MHP \u0130l Ba\u015fkan\u0131 Zeynel U\u011fur G\u00f6lgeli, Ak Parti Akdeniz \u0130l\u00e7e Ba\u015fkan\u0131 Emin Gen\u00e7, Mersin Ticaret ve Sanayi Odas\u0131 (MTSO) Ba\u015fkan\u0131 Ayhan K\u0131z\u0131ltan, MTSO Meclis Ba\u015fkan\u0131 Hamit \u0130zol, Mersin Sanayici ve \u0130\u015fadamlar\u0131 Derne\u011fi (MES\u0130AD) Ba\u015fkan\u0131 Hasan Engin, \u00c7evre M\u00fchendisleri Odas\u0131 \u015eube Ba\u015fkan\u0131 Sinan Can, sivil toplum kurulu\u015fu temsilcileri ile bir\u00e7ok konuk kat\u0131ld\u0131.<br \/>\n415 daire, 36 d\u00fckk\u00e2n, ticaret merkezi, okul, cami, park ve ye\u015fil alanlar\u2026<br \/>\nMersin\u2019de ilk kez Akdeniz Belediyesi\u2019nin giri\u015fimleri ile hayat bulan \u00f6rnek proje hakk\u0131nda tan\u0131t\u0131c\u0131 bir konu\u015fma yapan Ba\u015fkan G\u00fcltak; projenin temelinin yakla\u015f\u0131k 1 y\u0131l \u00f6nce at\u0131ld\u0131\u011f\u0131n\u0131 hat\u0131rlatarak; \u201c\u00c7ay Mahallesi\u2019nde, 142 d\u00f6n\u00fcml\u00fck TOK\u0130 rezerv alan\u0131nda, h\u0131zl\u0131 bir \u015fekilde yerinde d\u00f6n\u00fc\u015f\u00fcm projesinin ba\u015flamas\u0131n\u0131 sa\u011flad\u0131k. \u0130lk etab\u0131, 20 blok 415 daireden olu\u015fuyor. Pandemiye ra\u011fmen yakla\u015f\u0131k 1 y\u0131lda tamamlanmak \u00fczere. Y\u00fcklenici firmaya te\u015fekk\u00fcr ediyorum. Bloklarda, 328 adet 3+1; 188 adet de 2+1 konut bulunmakta. Yan\u0131 s\u0131ra 36 adet d\u00fckk\u00e2n ile 8 d\u00fckk\u00e2ndan olu\u015fan bir i\u015f merkezi yer al\u0131yor. \u0130\u00e7inde okulu, camisi, 14 d\u00f6n\u00fcm park alan\u0131, ye\u015fil alan, do\u011falgaz\u0131, otoparklar\u0131 ve bodrumlar\u0131 gibi bir\u00e7ok sosyal donat\u0131dan olu\u015fan bir alan\u0131 Akdeniz ve Mersin\u2019e kazand\u0131rm\u0131\u015f olduk\u201d dedi.<br \/>\n\u201cKonutlara yerle\u015fimde \u00f6ncelik mahalle sakinlerinin\u201d<br \/>\nBa\u015fkan G\u00fcltak; projede kaba in\u015faatlar\u0131n tamamland\u0131\u011f\u0131n\u0131, 5 blo\u011fun d\u0131\u015f cephesinin bitirildi\u011fini, 6 blo\u011fun da bitmek \u00fczere oldu\u011funu ifade ederek, peyzaj \u00e7al\u0131\u015fmalar\u0131n\u0131n da yak\u0131nda ba\u015flayaca\u011f\u0131n\u0131 kaydetti. Ba\u015fkan G\u00fcltak s\u00f6zlerini \u015f\u00f6yle s\u00fcrd\u00fcrd\u00fc; \u201c\u0130n\u015fallah buradaki konutlar tamamlan\u0131p hak sahiplerine teslim edildikten sonra, yan tarafta bulunan b\u00fcy\u00fcme alan\u0131nda da yakla\u015f\u0131k 300 adet konut yapmay\u0131 d\u00fc\u015f\u00fcn\u00fcyoruz. Bu projenin en \u00f6nemli \u00f6zelli\u011fi, sadece \u015fu an hak sahibi olan \u00c7ay Mahallesi sakinlerine tahsis edilecek olmas\u0131d\u0131r. Bug\u00fcn itibariyle mahallede bin 200 hak sahibi g\u00f6r\u00fcnmekte. Vatanda\u015flar\u0131m\u0131zla g\u00f6r\u00fc\u015f\u00fcp, anla\u015fmaya \u00e7al\u0131\u015faca\u011f\u0131z. TOK\u0130 projelerinde olmayan bir \u015fartname de koyduk; Burada en az 5 y\u0131ld\u0131r s\u00fcrekli oturdu\u011funu resmi evraklarla ispat eden kirac\u0131lar da konutlardan faydalanabilecek.\u201d<br \/>\n\u201cDe\u011fi\u015fim ve d\u00f6n\u00fc\u015f\u00fcm Bar\u0131\u015f, Bah\u00e7e ve Turgut Reis ile devam edecek\u201d<br \/>\nBar\u0131\u015f, Bah\u00e7e ve Turgut Reis mahallerinde de kentsel d\u00f6n\u00fc\u015f\u00fcm projelerinin yak\u0131nda ba\u015flayaca\u011f\u0131n\u0131 vurgulayan Ba\u015fkan G\u00fcltak; Bar\u0131\u015f Mahallesi\u2019nde vatanda\u015flar\u0131n y\u00fczde 80\u2019i ile anla\u015fma sa\u011fland\u0131\u011f\u0131n\u0131,  tapu devri i\u015flemlerinin ba\u015flad\u0131\u011f\u0131n\u0131 belirtti. Ba\u015fkan G\u00fcltak; \u201cTOK\u0130, Bar\u0131\u015f Mahallesi i\u00e7in 1 Eyl\u00fcl\u2019e ihale tarihi ald\u0131. \u0130n\u015fallah 1 Eyl\u00fcl\u2019den itibaren burada da kentsel d\u00f6n\u00fc\u015f\u00fcm\u00fc ba\u015flatm\u0131\u015f olaca\u011f\u0131z. Bar\u0131\u015f Mahallemizde, toplam 3.75 hektarl\u0131k alanda, 415 konutu in\u015fallah projenin ba\u015flamas\u0131yla bitirip hak sahiplerine teslim edece\u011fiz\u201d dedi.<br \/>\n\u201cT\u00fcm \u015fehrimizin de\u011fi\u015fim ve d\u00f6n\u00fc\u015f\u00fcme ihtiyac\u0131 var\u201d<br \/>\nS\u00f6zlerini; \u201cAkdeniz de\u011fi\u015fiyor ve de\u011fi\u015fmeye devam edecek. Zira sizlerin, kentimizin t\u00fcm dinamiklerinin deste\u011fi benim i\u00e7in \u00e7ok \u00f6nemli \u00c7\u00fcnk\u00fc bu d\u00f6n\u00fc\u015f\u00fcme t\u00fcm \u015fehrimizin ihtiyac\u0131 var\u201d diyerek s\u00fcrd\u00fcren Ba\u015fkan G\u00fcltak; \u201cCumhurba\u015fkan\u0131m\u0131z Say\u0131n Recep Tayyip Erdo\u011fan ba\u015fta olmak \u00fczere, Mersin\u2019in a\u011fabeyi, Hazine ve Maliye Bakan\u0131m\u0131z Say\u0131n L\u00fctfi Elvan, \u00c7evre ve \u015eehircilik Bakan\u0131m\u0131z Say\u0131n Murat Kurum, TOK\u0130 yetkililerine \u015f\u00fckranlar\u0131m\u0131 sunuyorum. Ba\u015fta Say\u0131n Valimiz olmak \u00fczere, tan\u0131t\u0131m toplant\u0131m\u0131za kat\u0131l\u0131m\u0131n\u0131z nedeniyle siyasi parti temsilcilerimize, oda ba\u015fkanlar\u0131m\u0131za ve sivil toplum \u00f6rg\u00fct\u00fc temsilcilerine te\u015fekk\u00fcr ediyorum\u201d ifadelerini kulland\u0131.<br \/>\nVali Su; \u201cB\u00f6ylesi g\u00fczel eserleri ortaya koyanlar\u0131 tebrik ve te\u015fekk\u00fcr ediyorum\u201d<br \/>\nBa\u015fkan G\u00fcltak\u2019\u0131n, mahallenin \u00e7ehresini de\u011fi\u015ftirecek d\u00f6n\u00fc\u015f\u00fcm projesini tan\u0131t\u0131c\u0131 konu\u015fmas\u0131n\u0131n ard\u0131ndan Mersin Valisi \u0130hsan Su ve heyet \u00fcyeleri, yap\u0131m\u0131 tamamlanan binalarda bulunan modern daireleri gezdi, y\u00fcklenici firma yetkililerinden bilgiler ald\u0131. Gazetecilere bir a\u00e7\u0131klama yapan Vali Su; bina ve konutlarda ortaya konan i\u015f\u00e7ilik ve kaliteye dikkat \u00e7ekti. Vali Su; \u201cBuraya yerle\u015fip ya\u015fayacak olan vatanda\u015flar\u0131m\u0131za \u015fimdiden hay\u0131rl\u0131 u\u011furlu olsun. TOK\u0130, ger\u00e7ekten b\u00f6ylesi g\u00fczel hizmetlere imza at\u0131yor. Bu proje \u00e7ok g\u00fczel bir \u00f6rnek, ger\u00e7ekten g\u00fczel binalar yap\u0131lm\u0131\u015f. \u0130n\u015fallah yeni projeler de devam edecek\u201d dedi. Vali Su, TOK\u0130\u2019nin; Mersin\u2019de yakla\u015f\u0131k 4 bin 925 konut projesi ba\u015flatt\u0131\u011f\u0131n\u0131, bunlardan yakla\u015f\u0131k 3 bin 800\u2019\u00fcn\u00fcn tamamland\u0131\u011f\u0131n\u0131, di\u011fer projelerin devam etti\u011fini kaydetti.<br \/>\n\u201cAkdeniz Belediyesi, b\u00fcy\u00fck ve ciddi hizmet ve yat\u0131r\u0131mlara imza at\u0131yor\u201d<br \/>\nA\u00e7\u0131klamas\u0131n\u0131; \u201cH\u00fck\u00fcmetimizin, ilimizde her alanda \u00e7ok ciddi \u00e7al\u0131\u015fmalar\u0131 ve hizmetleri var\u201d diyerek s\u00fcrd\u00fcren Vali Su, \u201cYerel y\u00f6netim olarak da Akdeniz Belediyemiz, hizmet alan\u0131na giren konularda ciddi hizmet ve yat\u0131r\u0131mlar ger\u00e7ekle\u015ftiriyor. Say\u0131n Ba\u015fkan\u0131m\u0131z da t\u00fcm \u00e7al\u0131\u015fmalar\u0131, hizmetleri birebir takip ediyor. Sonu\u00e7ta b\u00f6ylesi g\u00fczel eserler ortaya \u00e7\u0131k\u0131yor.<br \/>\nBa\u015fta Say\u0131n Cumhurba\u015fkan\u0131m\u0131z Recep Tayyip Erdo\u011fan\u2019a, ilimiz, vatanda\u015flar\u0131m\u0131z ve \u015fahs\u0131m ad\u0131na \u015f\u00fckranlar\u0131m\u0131 arz ediyorum. \u0130limizdeki t\u00fcm hizmetleri her noktas\u0131nda takip eden Hazine ve Maliye Bakan\u0131m\u0131z Say\u0131n L\u00fctfi Elvan\u2019a, \u00c7evre ve \u015eehircilik Bakan\u0131m\u0131za, Akdeniz\u2019de \u00f6nemli hizmetler ger\u00e7ekle\u015ftiren Belediye Ba\u015fkan\u0131m\u0131z Say\u0131n G\u00fcltak\u2019a da gayretlerinden dolay\u0131 \u00e7ok te\u015fekk\u00fcr ediyorum. Bu projede eme\u011fi ge\u00e7en kamu kurum ve kurulu\u015flar\u0131 ile y\u00fcklenici firmaya da ayr\u0131ca te\u015fekk\u00fcrlerimi sunuyorum\u201d diye konu\u015ftu.<\/p>\n","protected":false},"excerpt":{"rendered":"<p>Akdeniz Belediye Ba\u015fkan\u0131 Mustafa G\u00fcltak; Toplu Konut \u0130daresi Ba\u015fkanl\u0131\u011f\u0131 (TOK\u0130) taraf\u0131ndan, \u00c7ay Mahallesi\u2019nde ge\u00e7en y\u0131l i\u00e7inde ba\u015flayan ve yak\u0131n zamanda tamamlanmak \u00fczere olan yerinde kentsel d\u00f6n\u00fc\u015f\u00fcm projesinde gelinen s\u00fcreci; Mersin &hellip; <a href=\"https:\/\/akdenizolaygazetesi.com\/?p=12662\" class=\"more-link\">Devam\u0131n\u0131 Oku&#8230;<\/a><\/p>\n","protected":false},"author":2,"featured_media":12663,"comment_status":"open","ping_status":"open","sticky":false,"template":"","format":"standard","meta":[],"categories":[1,3,5],"tags":[],"_links":{"self":[{"href":"https:\/\/akdenizolaygazetesi.com\/index.php?rest_route=\/wp\/v2\/posts\/12662"}],"collection":[{"href":"https:\/\/akdenizolaygazetesi.com\/index.php?rest_route=\/wp\/v2\/posts"}],"about":[{"href":"https:\/\/akdenizolaygazetesi.com\/index.php?rest_route=\/wp\/v2\/types\/post"}],"author":[{"embeddable":true,"href":"https:\/\/akdenizolaygazetesi.com\/index.php?rest_route=\/wp\/v2\/users\/2"}],"replies":[{"embeddable":true,"href":"https:\/\/akdenizolaygazetesi.com\/index.php?rest_route=%2Fwp%2Fv2%2Fcomments&post=12662"}],"version-history":[{"count":2,"href":"https:\/\/akdenizolaygazetesi.com\/index.php?rest_route=\/wp\/v2\/posts\/12662\/revisions"}],"predecessor-version":[{"id":12665,"href":"https:\/\/akdenizolaygazetesi.com\/index.php?rest_route=\/wp\/v2\/posts\/12662\/revisions\/12665"}],"wp:featuredmedia":[{"embeddable":true,"href":"https:\/\/akdenizolaygazetesi.com\/index.php?rest_route=\/wp\/v2\/media\/12663"}],"wp:attachment":[{"href":"https:\/\/akdenizolaygazetesi.com\/index.php?rest_route=%2Fwp%2Fv2%2Fmedia&parent=12662"}],"wp:term":[{"taxonomy":"category","embeddable":true,"href":"https:\/\/akdenizolaygazetesi.com\/index.php?rest_route=%2Fwp%2Fv2%2Fcategories&post=12662"},{"taxonomy":"post_tag","embeddable":true,"href":"https:\/\/akdenizolaygazetesi.com\/index.php?rest_route=%2Fwp%2Fv2%2Ftags&post=12662"}],"curies":[{"name":"wp","href":"https:\/\/api.w.org\/{rel}","templated":true}]}}