{"id":1267,"date":"2020-11-04T18:21:51","date_gmt":"2020-11-04T15:21:51","guid":{"rendered":"http:\/\/mersinekonomipolitikagazetesi.com\/?p=1267"},"modified":"2020-11-04T18:21:51","modified_gmt":"2020-11-04T15:21:51","slug":"gulmen-ve-ozakcanin-tutuklanmasi-korkunun-isareti","status":"publish","type":"post","link":"https:\/\/akdenizolaygazetesi.com\/?p=1267","title":{"rendered":"G\u00fclmen ve \u00d6zak\u00e7a&#8217;n\u0131n tutuklanmas\u0131 korkunun i\u015fareti"},"content":{"rendered":"<p>A\u00e7l\u0131k grevindekilere ve S\u00f6zc\u00fc&#8217;ye yap\u0131lan operasyonlar tepki toplamaya devam ediyor. Murat Ball\u0131, KHK ile kaybettikleri i\u015flerine geri d\u00f6nebilmek i\u00e7in a\u00e7l\u0131k grevinde olan G\u00fclmen ile \u00d6zak\u00e7a&#8217;n\u0131n tutuklanmas\u0131n\u0131 ve S\u00f6zc\u00fc&#8217;ye yap\u0131lan operasyonlar\u0131 k\u0131nad\u0131.<\/p>\n<p>Kanun H\u00fckm\u00fcnde Kararname ile kaybettikleri i\u015flerine geri d\u00f6nebilmek i\u00e7in a\u00e7l\u0131k grevinde olan Nuriye G\u00fclmen ile Semih \u00d6zak\u00e7a&#8217;n\u0131n \u201c\u00d6l\u00fcm orucu eylemi yapman\u0131z konusunda size ne t\u00fcr menfaatler sunulmaktad\u0131r? Gitar \u00e7ald\u0131\u011f\u0131n bir video payla\u015f\u0131lm\u0131\u015f, payla\u015fanlar\u0131n \u00f6rg\u00fct \u00fcyesi olabilece\u011fini d\u00fc\u015f\u00fcnd\u00fcn m\u00fc?\u201d diye sorularak tutuklanmas\u0131na tepki ya\u011f\u0131yor. Cumhuriyet Halk Partisi Akdeniz Belediye Ba\u015fkan Aday Aday\u0131 Murat Ball\u0131 da yapt\u0131\u011f\u0131 a\u00e7\u0131klamada tepki g\u00f6sterdi.<\/p>\n<p>\u00a0<\/p>\n<p>&#8220;Hukuk ve insan haklar\u0131 tek adam\u0131n iki duda\u011f\u0131na bak\u0131yor&#8221;<\/p>\n<p>G\u00fclmen ve \u00d6zak\u00e7a&#8217;n\u0131n yapt\u0131klar\u0131 a\u00e7l\u0131k grevinin demokratik haklar\u0131 oldu\u011funu ifade eden Ball\u0131, &#8220;Su\u00e7lu su\u00e7suz diye bak\u0131lmadan, muhalif olan kim varsa i\u015finden edildi. \u0130nsanlar\u0131n demokratik haklar\u0131n\u0131n engellenmesi insan haklar\u0131na ayk\u0131r\u0131d\u0131r. A\u00e7l\u0131k grevinde olan 2 insan\u0131n sudan bahanelerle tutuklanmas\u0131 korkunun i\u015faretidir. \u0130nsanlar\u0131n destek vermesinden korktuklar\u0131 i\u00e7in tutuklatt\u0131lar. Hukuk ve insan haklar\u0131 tek adam\u0131n iki duda\u011f\u0131na bak\u0131yor. B\u00f6yle \u00fclke y\u00f6netilemez&#8221; dedi.<\/p>\n<p>\u00a0<\/p>\n<p>&#8220;S\u00d6ZC\u00dc GER\u00c7EKLER\u0130 YAZDI\u011eI \u0130\u00c7\u0130N BASKI ALTINDA&#8221;<\/p>\n<p>S\u00f6zc\u00fc Gazetesi&#8217;nde y\u00f6nelik operasyonlara da de\u011finen Ball\u0131, &#8220;S\u00f6zc\u00fc uzun y\u0131llard\u0131r FET\u00d6&#8217;n\u00fcn ne kadar tehlikeli oldu\u011funu yaz\u0131yordu. Hatta h\u00fck\u00fcmet onlarla \u00e7ok iyiyken bile bunlar\u0131 yazd\u0131\u011f\u0131 i\u00e7in tepki topluyordu. Muhalif bas\u0131na y\u00f6nelik bask\u0131lara bir an \u00f6nce son verilmelidir. S\u00f6zc\u00fc gibi ger\u00e7ekleri yazan bas\u0131n organlar\u0131na y\u00f6nelik bask\u0131larla kimse bir yere varamaz&#8221; \u015feklinde konu\u015ftu.<\/p>\n<p>\u00a0<\/p>\n","protected":false},"excerpt":{"rendered":"<p>A\u00e7l\u0131k grevindekilere ve S\u00f6zc\u00fc&#8217;ye yap\u0131lan operasyonlar tepki toplamaya devam ediyor. Murat Ball\u0131, KHK ile kaybettikleri i\u015flerine geri d\u00f6nebilmek i\u00e7in a\u00e7l\u0131k grevinde olan G\u00fclmen ile \u00d6zak\u00e7a&#8217;n\u0131n tutuklanmas\u0131n\u0131 ve S\u00f6zc\u00fc&#8217;ye yap\u0131lan operasyonlar\u0131 &hellip; <a href=\"https:\/\/akdenizolaygazetesi.com\/?p=1267\" class=\"more-link\">Devam\u0131n\u0131 Oku&#8230;<\/a><\/p>\n","protected":false},"author":1,"featured_media":0,"comment_status":"open","ping_status":"open","sticky":false,"template":"","format":"standard","meta":[],"categories":[],"tags":[],"_links":{"self":[{"href":"https:\/\/akdenizolaygazetesi.com\/index.php?rest_route=\/wp\/v2\/posts\/1267"}],"collection":[{"href":"https:\/\/akdenizolaygazetesi.com\/index.php?rest_route=\/wp\/v2\/posts"}],"about":[{"href":"https:\/\/akdenizolaygazetesi.com\/index.php?rest_route=\/wp\/v2\/types\/post"}],"author":[{"embeddable":true,"href":"https:\/\/akdenizolaygazetesi.com\/index.php?rest_route=\/wp\/v2\/users\/1"}],"replies":[{"embeddable":true,"href":"https:\/\/akdenizolaygazetesi.com\/index.php?rest_route=%2Fwp%2Fv2%2Fcomments&post=1267"}],"version-history":[{"count":0,"href":"https:\/\/akdenizolaygazetesi.com\/index.php?rest_route=\/wp\/v2\/posts\/1267\/revisions"}],"wp:attachment":[{"href":"https:\/\/akdenizolaygazetesi.com\/index.php?rest_route=%2Fwp%2Fv2%2Fmedia&parent=1267"}],"wp:term":[{"taxonomy":"category","embeddable":true,"href":"https:\/\/akdenizolaygazetesi.com\/index.php?rest_route=%2Fwp%2Fv2%2Fcategories&post=1267"},{"taxonomy":"post_tag","embeddable":true,"href":"https:\/\/akdenizolaygazetesi.com\/index.php?rest_route=%2Fwp%2Fv2%2Ftags&post=1267"}],"curies":[{"name":"wp","href":"https:\/\/api.w.org\/{rel}","templated":true}]}}