{"id":12670,"date":"2021-06-03T11:16:05","date_gmt":"2021-06-03T08:16:05","guid":{"rendered":"http:\/\/akdenizolaygazetesi.com\/?p=12670"},"modified":"2021-06-03T11:16:38","modified_gmt":"2021-06-03T08:16:38","slug":"safran-yapilan-calismalar-hakkinda-mtosb-baskani-sabri-tekliden-bilgiler-aldi","status":"publish","type":"post","link":"https:\/\/akdenizolaygazetesi.com\/?p=12670","title":{"rendered":"Safran, yap\u0131lan \u00e7al\u0131\u015fmalar hakk\u0131nda MTOSB Ba\u015fkan\u0131 Sabri Tekli&#8217;den bilgiler ald\u0131"},"content":{"rendered":"<p>Milli E\u011fitim Bakan Yard\u0131mc\u0131s\u0131 Mustafa Safran, Mersin Model Fabrika ve \u0130novasyon Merkezi&#8217;nde incelemelerde bulundu.<\/p>\n<p>Bir dizi ziyaret i\u00e7in Mersin&#8217;e gelen Milli E\u011fitim Bakan Yard\u0131mc\u0131s\u0131 Mustafa Safran, Model Fabrika ve \u0130novasyon Merkezi&#8217;nde de incelemelerde bulunarak yap\u0131lan \u00e7al\u0131\u015fmalar hakk\u0131nda MTOSB Ba\u015fkan\u0131 Sabri Tekli&#8217;den bilgiler ald\u0131.<\/p>\n<p>Ziyarete Safran&#8217;\u0131n yan\u0131 s\u0131ra Mersin \u0130l Milli E\u011fitim M\u00fcd\u00fcr\u00fc Adem Koca, MTOSB Y\u00f6netim Kurulu \u00dcyesi K\u00fcr\u015fat Haddat ve MTOSB B\u00f6lge M\u00fcd\u00fcr\u00fc Halil Y\u0131lmaz kat\u0131ld\u0131. Model Fabrika ve \u0130novasyon Merkezi&#8217;nin \u00e7al\u0131\u015fmalar\u0131 hakk\u0131nda bilgi alan Safran, daha sonra \u00d6zel MTOSB \u015ei\u015fecam Mesleki ve Teknik Anadolu Lisesi \u00f6\u011frencilerinden olu\u015fan robot tak\u0131m\u0131 \u00f6\u011frencileriyle bir araya geldi. \u00d6\u011frencilerin \u00e7al\u0131\u015fmalar\u0131n\u0131 dinleyen Milli E\u011fitim Bakan Yard\u0131mc\u0131s\u0131 Mustafa Safran, robot tak\u0131m\u0131n\u0131n kat\u0131ld\u0131\u011f\u0131 yar\u0131\u015fmalarla ilgili de bilgiler ald\u0131.<\/p>\n<p>Milli E\u011fitim Bakan Yard\u0131mc\u0131s\u0131 Mustafa Safran&#8217;\u0131n yapt\u0131\u011f\u0131 ziyaretten duydu\u011fu memnuniyeti dile getiren MTOSB Ba\u015fkan\u0131 Sabri Tekli, &#8220;Milli E\u011fitim Bakan Yard\u0131mc\u0131m\u0131z Sn. Mustafa Safran&#8217;a bizlere g\u00f6stermi\u015f oldu\u011fu ilgiye sonsuz te\u015fekk\u00fcrlerimi sunuyorum. Devletimiz, e\u011fitim alan\u0131nda yap\u0131lan \u00e7al\u0131\u015fmalara desteklerini esirgemedi\u011fi gibi bunlar\u0131n takibini de en iyi \u015fekilde yap\u0131yor. Model Fabrika ve \u0130novasyon Merkezimiz bir\u00e7ok fabrikaya \u00f6nemli e\u011fitimler veriyor. \u00d6zellikle gen\u00e7 giri\u015fimcilerimizin buradan e\u011fitim almalar\u0131 bizleri son derece memnun ediyor. Bakan Yard\u0131mc\u0131m\u0131z Sn. Safran&#8217;a yapm\u0131\u015f oldu\u011fumuz \u00e7al\u0131\u015fmalar hakk\u0131nda bilgiler aktard\u0131k. Kendisi de bu \u00e7al\u0131\u015fmalardan memnun oldu\u011funu ifade etti. Kendisine bir kez daha bizlere zaman ay\u0131rd\u0131\u011f\u0131 i\u00e7in te\u015fekk\u00fcrlerimizi sunuyoruz&#8221; dedi.<\/p>\n","protected":false},"excerpt":{"rendered":"<p>Milli E\u011fitim Bakan Yard\u0131mc\u0131s\u0131 Mustafa Safran, Mersin Model Fabrika ve \u0130novasyon Merkezi&#8217;nde incelemelerde bulundu. Bir dizi ziyaret i\u00e7in Mersin&#8217;e gelen Milli E\u011fitim Bakan Yard\u0131mc\u0131s\u0131 Mustafa Safran, Model Fabrika ve \u0130novasyon &hellip; <a href=\"https:\/\/akdenizolaygazetesi.com\/?p=12670\" class=\"more-link\">Devam\u0131n\u0131 Oku&#8230;<\/a><\/p>\n","protected":false},"author":2,"featured_media":12672,"comment_status":"open","ping_status":"open","sticky":false,"template":"","format":"standard","meta":[],"categories":[8,1,3],"tags":[],"_links":{"self":[{"href":"https:\/\/akdenizolaygazetesi.com\/index.php?rest_route=\/wp\/v2\/posts\/12670"}],"collection":[{"href":"https:\/\/akdenizolaygazetesi.com\/index.php?rest_route=\/wp\/v2\/posts"}],"about":[{"href":"https:\/\/akdenizolaygazetesi.com\/index.php?rest_route=\/wp\/v2\/types\/post"}],"author":[{"embeddable":true,"href":"https:\/\/akdenizolaygazetesi.com\/index.php?rest_route=\/wp\/v2\/users\/2"}],"replies":[{"embeddable":true,"href":"https:\/\/akdenizolaygazetesi.com\/index.php?rest_route=%2Fwp%2Fv2%2Fcomments&post=12670"}],"version-history":[{"count":2,"href":"https:\/\/akdenizolaygazetesi.com\/index.php?rest_route=\/wp\/v2\/posts\/12670\/revisions"}],"predecessor-version":[{"id":12673,"href":"https:\/\/akdenizolaygazetesi.com\/index.php?rest_route=\/wp\/v2\/posts\/12670\/revisions\/12673"}],"wp:featuredmedia":[{"embeddable":true,"href":"https:\/\/akdenizolaygazetesi.com\/index.php?rest_route=\/wp\/v2\/media\/12672"}],"wp:attachment":[{"href":"https:\/\/akdenizolaygazetesi.com\/index.php?rest_route=%2Fwp%2Fv2%2Fmedia&parent=12670"}],"wp:term":[{"taxonomy":"category","embeddable":true,"href":"https:\/\/akdenizolaygazetesi.com\/index.php?rest_route=%2Fwp%2Fv2%2Fcategories&post=12670"},{"taxonomy":"post_tag","embeddable":true,"href":"https:\/\/akdenizolaygazetesi.com\/index.php?rest_route=%2Fwp%2Fv2%2Ftags&post=12670"}],"curies":[{"name":"wp","href":"https:\/\/api.w.org\/{rel}","templated":true}]}}