{"id":1268,"date":"2020-11-04T18:21:51","date_gmt":"2020-11-04T15:21:51","guid":{"rendered":"http:\/\/mersinekonomipolitikagazetesi.com\/?p=1268"},"modified":"2020-11-04T18:21:51","modified_gmt":"2020-11-04T15:21:51","slug":"il-su-yonetimi-koordinasyon-kurulu-vali-cakacak-baskanliginda-toplandi","status":"publish","type":"post","link":"https:\/\/akdenizolaygazetesi.com\/?p=1268","title":{"rendered":"\u0130l Su Y\u00f6netimi Koordinasyon Kurulu, Vali \u00c7akacak ba\u015fkanl\u0131\u011f\u0131nda topland\u0131"},"content":{"rendered":"<p>Mersin \u0130l Su Y\u00f6netimi Koordinasyon Kurulu 2017 Y\u0131l\u0131 May\u0131s Ay\u0131 Toplant\u0131s\u0131, Vali \u00d6zdemir \u00c7akacak ba\u015fkanl\u0131\u011f\u0131nda ger\u00e7ekle\u015ftirildi.<\/p>\n<p>Valilik binas\u0131nda d\u00fczenlenen toplant\u0131ya, Devlet Su \u0130\u015fleri (DS\u0130) 6. B\u00f6lge M\u00fcd\u00fcr\u00fc Mevl\u00fct Ayd\u0131n ve kurul \u00fcyeleri kat\u0131ld\u0131. Vali \u00c7akacak, toplant\u0131 \u00f6ncesinde yapt\u0131\u011f\u0131 konu\u015fmada, kurulun Mersin\u2019deki su kaynaklar\u0131n\u0131n etkin kullan\u0131m\u0131, payla\u015ft\u0131r\u0131lmas\u0131, muhafazas\u0131, ta\u015fk\u0131n \u00f6nleme \u00e7al\u0131\u015fmalar\u0131 gibi g\u00f6revleri bulundu\u011funu, kurul toplant\u0131lar\u0131nda da bu konular\u0131n de\u011ferlendirildi\u011fini kaydetti. Bu toplant\u0131larda al\u0131nan kararlar\u0131n ve yap\u0131lan eylem planlar\u0131n\u0131n \u00f6n\u00fcm\u00fczdeki s\u00fcre\u00e7te su ta\u015fk\u0131nlar\u0131 ve sel afetlerinin \u00f6nlenmesi a\u00e7\u0131s\u0131ndan b\u00fcy\u00fck \u00f6nem ta\u015f\u0131d\u0131\u011f\u0131n\u0131 belirten \u00c7akacak, bu nedenle g\u00f6revli kurulu\u015flar\u0131n \u00fczerlerine d\u00fc\u015fen g\u00f6revi zaman\u0131nda yerine getirmeleri, i\u015f ve i\u015flemlerin s\u00fcresi i\u00e7erisinde ger\u00e7ekle\u015ftirilmesi gerekti\u011fini s\u00f6yledi.<br \/>\nToplant\u0131da, ilgili kurum temsilcileri sunum yaparken, g\u00fcndem maddeleri g\u00f6r\u00fc\u015f\u00fcld\u00fc.<\/p>\n","protected":false},"excerpt":{"rendered":"<p>Mersin \u0130l Su Y\u00f6netimi Koordinasyon Kurulu 2017 Y\u0131l\u0131 May\u0131s Ay\u0131 Toplant\u0131s\u0131, Vali \u00d6zdemir \u00c7akacak ba\u015fkanl\u0131\u011f\u0131nda ger\u00e7ekle\u015ftirildi. Valilik binas\u0131nda d\u00fczenlenen toplant\u0131ya, Devlet Su \u0130\u015fleri (DS\u0130) 6. B\u00f6lge M\u00fcd\u00fcr\u00fc Mevl\u00fct Ayd\u0131n ve &hellip; <a href=\"https:\/\/akdenizolaygazetesi.com\/?p=1268\" class=\"more-link\">Devam\u0131n\u0131 Oku&#8230;<\/a><\/p>\n","protected":false},"author":1,"featured_media":0,"comment_status":"open","ping_status":"open","sticky":false,"template":"","format":"standard","meta":[],"categories":[],"tags":[],"_links":{"self":[{"href":"https:\/\/akdenizolaygazetesi.com\/index.php?rest_route=\/wp\/v2\/posts\/1268"}],"collection":[{"href":"https:\/\/akdenizolaygazetesi.com\/index.php?rest_route=\/wp\/v2\/posts"}],"about":[{"href":"https:\/\/akdenizolaygazetesi.com\/index.php?rest_route=\/wp\/v2\/types\/post"}],"author":[{"embeddable":true,"href":"https:\/\/akdenizolaygazetesi.com\/index.php?rest_route=\/wp\/v2\/users\/1"}],"replies":[{"embeddable":true,"href":"https:\/\/akdenizolaygazetesi.com\/index.php?rest_route=%2Fwp%2Fv2%2Fcomments&post=1268"}],"version-history":[{"count":0,"href":"https:\/\/akdenizolaygazetesi.com\/index.php?rest_route=\/wp\/v2\/posts\/1268\/revisions"}],"wp:attachment":[{"href":"https:\/\/akdenizolaygazetesi.com\/index.php?rest_route=%2Fwp%2Fv2%2Fmedia&parent=1268"}],"wp:term":[{"taxonomy":"category","embeddable":true,"href":"https:\/\/akdenizolaygazetesi.com\/index.php?rest_route=%2Fwp%2Fv2%2Fcategories&post=1268"},{"taxonomy":"post_tag","embeddable":true,"href":"https:\/\/akdenizolaygazetesi.com\/index.php?rest_route=%2Fwp%2Fv2%2Ftags&post=1268"}],"curies":[{"name":"wp","href":"https:\/\/api.w.org\/{rel}","templated":true}]}}