{"id":12680,"date":"2021-06-03T11:21:52","date_gmt":"2021-06-03T08:21:52","guid":{"rendered":"http:\/\/akdenizolaygazetesi.com\/?p=12680"},"modified":"2021-06-03T11:22:26","modified_gmt":"2021-06-03T08:22:26","slug":"kazanli-ptt-yani-park-bastan-sona-yenilendi","status":"publish","type":"post","link":"https:\/\/akdenizolaygazetesi.com\/?p=12680","title":{"rendered":"Kazanl\u0131 PTT yan\u0131 park ba\u015ftan sona yenilendi"},"content":{"rendered":"<p>Akdeniz Belediyesi; 1 Haziran\u2019da ba\u015flayan yeni normalle\u015fme d\u00f6nemi ile birlikte il\u00e7e s\u0131n\u0131rlar\u0131nda bulunan t\u00fcm park ve ye\u015fil alanlarda alt ve \u00fcstyap\u0131 yenileme, bak\u0131m-onar\u0131m \u00e7al\u0131\u015fmalar\u0131na da a\u011f\u0131rl\u0131k verdi.<br \/>\nAkdeniz Belediyesi Park ve Bah\u00e7eler M\u00fcd\u00fcrl\u00fc\u011f\u00fc\u2019n\u00fcn; g\u00fc\u00e7lendirilen ara\u00e7, gere\u00e7 ve ekipman kapasitesi ve belirledi\u011fi plan ve program dahilinde, ile il\u00e7e s\u0131n\u0131rlar\u0131nda bulunan park ve ye\u015fil alanlara y\u00f6nelik yenileme ve temizlik \u00e7al\u0131\u015fmalar\u0131 h\u0131z kazand\u0131. Gerek sahada yap\u0131lan tespitler, gerekse muhtarlar ve mahalle sakinlerinin talebi \u00fczerine harekete ge\u00e7en ekipler, merkez-k\u0131rsal ay\u0131r\u0131m\u0131 yapmadan il\u00e7e genelinde yer alan t\u00fcm parklar ile a\u011fa\u00e7l\u0131k, ye\u015fillik alanlar\u0131 ba\u015ftan sona yeniliyor; eksikleri tamamlay\u0131p, vatanda\u015f\u0131n hizmetine sunuyor.<br \/>\nKazanl\u0131 PTT yan\u0131 park ba\u015ftan sona yenilendi<br \/>\nKoronavir\u00fcs salg\u0131n\u0131 ile m\u00fccadele kapsam\u0131nda, 1 Haziran 2021\u2019de ba\u015flayan kademeli normalle\u015fme d\u00f6nemi ile birlikte park bah\u00e7eler ekipleri bu y\u00f6ndeki \u00e7al\u0131\u015fmalar\u0131na a\u011f\u0131rl\u0131k verdi. Kazanl\u0131 PTT yan\u0131nda bulunan ve y\u00fczlerce insan\u0131n u\u011frak yeri olan park\u0131n zeminini yenileyen, ayr\u0131ca toprak tesviyesi yapan ekipler, ge\u00e7en haftalarda ba\u015flatt\u0131klar\u0131 yenileme \u00e7al\u0131\u015fmas\u0131n\u0131 tamamlay\u0131p, park\u0131 yeniden mahalle sakinlerinin hizmetine a\u00e7t\u0131.<br \/>\nAkdeniz\u2019in t\u00fcm park ve ye\u015fil alanlar\u0131 elden ge\u00e7iyor<br \/>\nPark ve Bah\u00e7eler M\u00fcd\u00fcrl\u00fc\u011f\u00fcne ba\u011fl\u0131 ekipler, \u015eehit Uzman \u00c7avu\u015f Mustafa Sar\u0131 Park\u0131, Kazanl\u0131 Caretta Caretta Park\u0131, \u0130n\u00f6n\u00fc Park\u0131 ile Adanal\u0131o\u011flu, Gazi, Bah\u015fi\u015f, Toroslar, Anadolu, Parmakkurdu ve Demirhisar mahallelerinde bulunan park ve ye\u015fil alanlarda da yenileme, bak\u0131m, budama, ot bi\u00e7imi ve sulama \u00e7al\u0131\u015fmas\u0131 ger\u00e7ekle\u015ftirdi.<br \/>\nEkipler, belirledikleri plan ve program d\u00e2hilinde Akdeniz il\u00e7e genelindeki t\u00fcm mahallelerde ihtiya\u00e7 duyan b\u00fct\u00fcn parklar\u0131 ba\u015ftan yenilemeye ve vatanda\u015flar\u0131n hizmetine sunmaya devam edecek.<\/p>\n","protected":false},"excerpt":{"rendered":"<p>Akdeniz Belediyesi; 1 Haziran\u2019da ba\u015flayan yeni normalle\u015fme d\u00f6nemi ile birlikte il\u00e7e s\u0131n\u0131rlar\u0131nda bulunan t\u00fcm park ve ye\u015fil alanlarda alt ve \u00fcstyap\u0131 yenileme, bak\u0131m-onar\u0131m \u00e7al\u0131\u015fmalar\u0131na da a\u011f\u0131rl\u0131k verdi. Akdeniz Belediyesi Park &hellip; <a href=\"https:\/\/akdenizolaygazetesi.com\/?p=12680\" class=\"more-link\">Devam\u0131n\u0131 Oku&#8230;<\/a><\/p>\n","protected":false},"author":2,"featured_media":12682,"comment_status":"open","ping_status":"open","sticky":false,"template":"","format":"standard","meta":[],"categories":[1,3],"tags":[],"_links":{"self":[{"href":"https:\/\/akdenizolaygazetesi.com\/index.php?rest_route=\/wp\/v2\/posts\/12680"}],"collection":[{"href":"https:\/\/akdenizolaygazetesi.com\/index.php?rest_route=\/wp\/v2\/posts"}],"about":[{"href":"https:\/\/akdenizolaygazetesi.com\/index.php?rest_route=\/wp\/v2\/types\/post"}],"author":[{"embeddable":true,"href":"https:\/\/akdenizolaygazetesi.com\/index.php?rest_route=\/wp\/v2\/users\/2"}],"replies":[{"embeddable":true,"href":"https:\/\/akdenizolaygazetesi.com\/index.php?rest_route=%2Fwp%2Fv2%2Fcomments&post=12680"}],"version-history":[{"count":2,"href":"https:\/\/akdenizolaygazetesi.com\/index.php?rest_route=\/wp\/v2\/posts\/12680\/revisions"}],"predecessor-version":[{"id":12683,"href":"https:\/\/akdenizolaygazetesi.com\/index.php?rest_route=\/wp\/v2\/posts\/12680\/revisions\/12683"}],"wp:featuredmedia":[{"embeddable":true,"href":"https:\/\/akdenizolaygazetesi.com\/index.php?rest_route=\/wp\/v2\/media\/12682"}],"wp:attachment":[{"href":"https:\/\/akdenizolaygazetesi.com\/index.php?rest_route=%2Fwp%2Fv2%2Fmedia&parent=12680"}],"wp:term":[{"taxonomy":"category","embeddable":true,"href":"https:\/\/akdenizolaygazetesi.com\/index.php?rest_route=%2Fwp%2Fv2%2Fcategories&post=12680"},{"taxonomy":"post_tag","embeddable":true,"href":"https:\/\/akdenizolaygazetesi.com\/index.php?rest_route=%2Fwp%2Fv2%2Ftags&post=12680"}],"curies":[{"name":"wp","href":"https:\/\/api.w.org\/{rel}","templated":true}]}}