{"id":12684,"date":"2021-06-03T11:23:54","date_gmt":"2021-06-03T08:23:54","guid":{"rendered":"http:\/\/akdenizolaygazetesi.com\/?p=12684"},"modified":"2021-06-03T11:24:05","modified_gmt":"2021-06-03T08:24:05","slug":"25-mayista-baslayan-sosyal-mesafeli-konserler-4-noktada-suruyor","status":"publish","type":"post","link":"https:\/\/akdenizolaygazetesi.com\/?p=12684","title":{"rendered":"25 MAYIS\u2019TA BA\u015eLAYAN SOSYAL MESAFEL\u0130 KONSERLER 4 NOKTADA S\u00dcR\u00dcYOR"},"content":{"rendered":"<p>Mersin B\u00fcy\u00fck\u015fehir Belediyesi K\u00fclt\u00fcr ve Sosyal \u0130\u015fler Dairesi\u2019nin d\u00fczenledi\u011fi sosyal mesafeli konserler, 25 May\u0131s\u2019ta yeniden ba\u015flad\u0131. Konserlerin ger\u00e7ekle\u015fti\u011fi 4 noktadan birisi olan \u2018Atat\u00fcrk Park\u0131\u2019 y\u0131llar sonra yeniden eski canl\u0131l\u0131\u011f\u0131na kavu\u015ftu. Vatanda\u015flar s\u00f6ylenen \u015fark\u0131lara b\u00fcy\u00fck bir keyifle e\u015flik etti.<\/p>\n<p>\u201cBu g\u00fczel park\u0131m\u0131zda y\u0131llar sonra ilk defa m\u00fczik yap\u0131l\u0131yor\u201d<\/p>\n<p>B\u00fcy\u00fck\u015fehir, akustik konserlerini Marina Akustik Park\u2019tan ba\u015flatarak K\u00fclt\u00fcr Park\u2019taki Deniz M\u00fczesi kar\u015f\u0131s\u0131na ta\u015f\u0131d\u0131. Konserlerin di\u011fer duraklar\u0131ndan birisi Tarsus K\u00fclt\u00fcr Park olurken, bir ba\u015fka nokta ise Atat\u00fcrk Park\u0131 oldu. Atat\u00fcrk Park\u0131\u2019nda ilk g\u00fcnk\u00fc konserde Grup Nankatsu, Poyraz ve xband ile K\u0131r\u0131k Sazlar Toplulu\u011fu sahne ald\u0131. \u0130kinci g\u00fcn ise Funky, Hanende ve Yar\u0131na Yak\u0131n dinleyicilerle bulu\u015ftu.<\/p>\n<p>Tarsus K\u00fclt\u00fcr Park\u2019taki konserlerde ise 1 Haziran\u2019da \u00d6zg\u00fcr Cavunt ve Hayrettin D\u00fcr\u00fcst sahne al\u0131rken, 2 Haziran\u2019da da Civan G\u00fcr ve Mehmet Akif Ersoy \u015fark\u0131lara ses verdi.<\/p>\n<p>Atat\u00fcrk Park\u0131\u2019nda sahne alan m\u00fczisyenlerden Engin Demir, \u201cY\u0131llar sonra Atat\u00fcrk Park\u0131\u2019nday\u0131z. Bu g\u00fczel park\u0131m\u0131zda y\u0131llar sonra ilk defa m\u00fczik yap\u0131l\u0131yor. Buray\u0131 biz gen\u00e7lere kazand\u0131rd\u0131\u011f\u0131 i\u00e7in \u00f6ncelikle B\u00fcy\u00fck\u015fehir Belediye Ba\u015fkan\u0131m\u0131z Vahap Se\u00e7er\u2019e, K\u00fclt\u00fcr ve Sosyal \u0130\u015fler Dairesi\u2019ndeki b\u00fct\u00fcn arkada\u015flar\u0131m\u0131za, a\u011fabeylerimize, ablalar\u0131m\u0131za hepsine tek tek te\u015fekk\u00fcr ediyoruz\u201d dedi.<\/p>\n<p>\u201cB\u00f6yle etkinliklerin olmas\u0131 Mersin\u2019e yak\u0131\u015f\u0131r\u201d<\/p>\n<p>15 y\u0131ld\u0131r Mersin\u2019de ya\u015fad\u0131\u011f\u0131n\u0131 belirten dinleyicilerden Tuncay Demiray ise bu tarz etkinliklerin \u00e7o\u011falmas\u0131n\u0131 istediklerini vurgulayarak, \u201cB\u00f6yle etkinliklerin olmas\u0131 Mersin\u2019e yak\u0131\u015f\u0131r. Uzun zamand\u0131r hi\u00e7 b\u00f6yle bir \u015fey g\u00f6rmemi\u015ftik. Belki de olmu\u015ftur da ben hat\u0131rlam\u0131yorum. Devaml\u0131 buraday\u0131m. Geliyorum, geziyorum. Bir denizimiz var. B\u00f6yle sanatsal \u015feylerin olmas\u0131n\u0131 daha \u00e7ok istiyoruz. B\u00fct\u00fcn hizmetlerinden dolay\u0131 Vahap Ba\u015fkan\u0131m\u0131z\u0131 tebrik ediyorum. Takdire \u015fayan bir insan\u201d diye konu\u015ftu.<\/p>\n<p>\u201cAtat\u00fcrk Park\u0131 bu bir-iki senedir tekrar canland\u0131\u201d<\/p>\n<p>Yap\u0131lan etkinlikle ilgili de\u011ferlendirme yapan bir vatanda\u015f da, \u201cBiz b\u00f6yle konserler olsun istiyoruz. Bu pandemi s\u00fcrecinden normalle\u015fme s\u00fcrecine ge\u00e7tik, b\u00f6yle etkinlikler bekliyoruz. Ba\u015fkan\u0131m\u0131zdan daha g\u00fczel, halk\u0131m\u0131za a\u00e7\u0131k etkinlikler yapmas\u0131n\u0131 istiyoruz\u201d diye konu\u015furken, bir ba\u015fka vatanda\u015f ise \u201c80\u2019li y\u0131llarda Mersin\u2019e gelirdik, o zamanlar Atat\u00fcrk Park\u0131 baya\u011f\u0131 \u015fendi. Ondan sonra kaybolup gitti. Bu bir-iki senedir tekrar canland\u0131\u201d ifadelerine yer verdi.<\/p>\n","protected":false},"excerpt":{"rendered":"<p>Mersin B\u00fcy\u00fck\u015fehir Belediyesi K\u00fclt\u00fcr ve Sosyal \u0130\u015fler Dairesi\u2019nin d\u00fczenledi\u011fi sosyal mesafeli konserler, 25 May\u0131s\u2019ta yeniden ba\u015flad\u0131. Konserlerin ger\u00e7ekle\u015fti\u011fi 4 noktadan birisi olan \u2018Atat\u00fcrk Park\u0131\u2019 y\u0131llar sonra yeniden eski canl\u0131l\u0131\u011f\u0131na kavu\u015ftu. &hellip; <a href=\"https:\/\/akdenizolaygazetesi.com\/?p=12684\" class=\"more-link\">Devam\u0131n\u0131 Oku&#8230;<\/a><\/p>\n","protected":false},"author":2,"featured_media":12685,"comment_status":"open","ping_status":"open","sticky":false,"template":"","format":"standard","meta":[],"categories":[2,3],"tags":[],"_links":{"self":[{"href":"https:\/\/akdenizolaygazetesi.com\/index.php?rest_route=\/wp\/v2\/posts\/12684"}],"collection":[{"href":"https:\/\/akdenizolaygazetesi.com\/index.php?rest_route=\/wp\/v2\/posts"}],"about":[{"href":"https:\/\/akdenizolaygazetesi.com\/index.php?rest_route=\/wp\/v2\/types\/post"}],"author":[{"embeddable":true,"href":"https:\/\/akdenizolaygazetesi.com\/index.php?rest_route=\/wp\/v2\/users\/2"}],"replies":[{"embeddable":true,"href":"https:\/\/akdenizolaygazetesi.com\/index.php?rest_route=%2Fwp%2Fv2%2Fcomments&post=12684"}],"version-history":[{"count":1,"href":"https:\/\/akdenizolaygazetesi.com\/index.php?rest_route=\/wp\/v2\/posts\/12684\/revisions"}],"predecessor-version":[{"id":12686,"href":"https:\/\/akdenizolaygazetesi.com\/index.php?rest_route=\/wp\/v2\/posts\/12684\/revisions\/12686"}],"wp:featuredmedia":[{"embeddable":true,"href":"https:\/\/akdenizolaygazetesi.com\/index.php?rest_route=\/wp\/v2\/media\/12685"}],"wp:attachment":[{"href":"https:\/\/akdenizolaygazetesi.com\/index.php?rest_route=%2Fwp%2Fv2%2Fmedia&parent=12684"}],"wp:term":[{"taxonomy":"category","embeddable":true,"href":"https:\/\/akdenizolaygazetesi.com\/index.php?rest_route=%2Fwp%2Fv2%2Fcategories&post=12684"},{"taxonomy":"post_tag","embeddable":true,"href":"https:\/\/akdenizolaygazetesi.com\/index.php?rest_route=%2Fwp%2Fv2%2Ftags&post=12684"}],"curies":[{"name":"wp","href":"https:\/\/api.w.org\/{rel}","templated":true}]}}