{"id":12687,"date":"2021-06-03T11:26:00","date_gmt":"2021-06-03T08:26:00","guid":{"rendered":"http:\/\/akdenizolaygazetesi.com\/?p=12687"},"modified":"2021-06-03T11:26:07","modified_gmt":"2021-06-03T08:26:07","slug":"buyuksehirden-ozel-bireylere-nefes-aldiracak-modern-bir-tesis-engelsiz-yasam-parki","status":"publish","type":"post","link":"https:\/\/akdenizolaygazetesi.com\/?p=12687","title":{"rendered":"B\u00dcY\u00dcK\u015eEH\u0130R\u2019DEN \u00d6ZEL B\u0130REYLERE NEFES ALDIRACAK MODERN B\u0130R TES\u0130S: \u2018ENGELS\u0130Z YA\u015eAM PARKI\u2019"},"content":{"rendered":"<p>B\u00fcy\u00fck\u015fehir Belediye Ba\u015fkan\u0131 Vahap Se\u00e7er\u2019in \u00f6nc\u00fcl\u00fc\u011f\u00fcnde Mersin\u2019de \u00f6zel gereksinimli yurtta\u015flar i\u00e7in engeller bir bir kald\u0131r\u0131l\u0131yor. Mersin B\u00fcy\u00fck\u015fehir Belediyesi ve \u00c7\u0130MSA A.\u015e. i\u015f birli\u011fiyle her y\u0131l geleneksel hale gelen \u201cAk\u00fcl\u00fc Ara\u00e7 Da\u011f\u0131t\u0131m T\u00f6reni\u201d ger\u00e7ekle\u015ftirildi. T\u00f6rende, 67 \u00f6zel gereksinimli yurtta\u015fa ak\u00fcl\u00fc ara\u00e7lar\u0131 teslim edildi. \u00d6zel gereksinimli yurtta\u015flara sosyal aktivite alan\u0131 olarak haz\u0131rlanan ve modern bir sosyal donat\u0131 tesisi olan \u2018Mersin B\u00fcy\u00fck\u015fehir Belediyesi Engelsiz Ya\u015fam Park\u0131\u2019n\u0131n a\u00e7\u0131l\u0131\u015f\u0131 da yap\u0131ld\u0131. \u0130ki t\u00f6rene de kat\u0131lan Ba\u015fkan Se\u00e7er, \u201cEngelsiz bir kent yaratmam\u0131z laz\u0131m\u201d dedi.<\/p>\n<p>\u00d6zel gereksinimli yurtta\u015flar ak\u00fcl\u00fc ara\u00e7lar\u0131na kavu\u015ftu<\/p>\n<p>Mersin B\u00fcy\u00fck\u015fehir Belediyesi ve \u00c7\u0130MSA A.\u015e. i\u015f birli\u011fi ile bu y\u0131l 7\u2019ncisi ger\u00e7ekle\u015ftirilen \u2018Ak\u00fcl\u00fc Ara\u00e7 Da\u011f\u0131t\u0131m T\u00f6reni\u2019nde 67 ak\u00fcl\u00fc ara\u00e7 ihtiya\u00e7 sahibi \u00f6zel gereksinimli yurtta\u015flara da\u011f\u0131t\u0131ld\u0131. Bu y\u0131lki ara\u00e7lar\u0131n 40\u2019\u0131 \u00c7\u0130MSA, 27\u2019si ise i\u015f insan\u0131 \u015eerif Yah\u015fi taraf\u0131ndan kar\u015f\u0131land\u0131. Ara\u00e7lar, Mersin B\u00fcy\u00fck\u015fehir Belediye Ba\u015fkan\u0131 Vahap Se\u00e7er, \u00c7\u0130MSA A.\u015e. Mersin Fabrika M\u00fcd\u00fcr\u00fc Mehmet Emin Kal\u0131na\u011fa\u00e7 ve i\u015f insan\u0131 \u015eerif Yah\u015fi taraf\u0131ndan \u00f6zel gereksinimli yurtta\u015flara teslim edildi. T\u00f6rene, CHP Mersin \u0130l Ba\u015fkan\u0131 Adil Aktay, B\u00fcy\u00fck\u015fehir Belediyesi Meclis \u00fcyeleri, b\u00fcrokratlar\u0131 ve daire ba\u015fkanlar\u0131 kat\u0131ld\u0131.<\/p>\n<p>\u201cA\u015f\u0131ya ula\u015fmada belediye olarak emrinize amadeyiz\u201d<\/p>\n<p>Ba\u015fkan Se\u00e7er t\u00f6rende yapt\u0131\u011f\u0131 konu\u015fmada, pandemi s\u00fcrecinin a\u015f\u0131l\u0131p normalle\u015fmeye d\u00f6n\u00fclmesinde a\u015f\u0131n\u0131n \u00f6nemli bir rol\u00fc bulundu\u011funu belirterek, \u201cG\u00fc\u00e7l\u00fc \u00fclkeyiz. A\u015f\u0131y\u0131 temin edip ki temin edildi\u011fi s\u00f6ylendi. A\u015f\u0131 program\u0131n\u0131 do\u011fru, makul, zaman\u0131nda, etkin yap\u0131p t\u00fcm yurtta\u015flar\u0131m\u0131z\u0131 a\u015f\u0131lama g\u00f6revi kal\u0131yor. Umut ediyorum Sa\u011fl\u0131k Bakanl\u0131\u011f\u0131 nezdinde bu \u00e7al\u0131\u015fmalar y\u00fcr\u00fct\u00fcl\u00fcyor, ba\u015far\u0131yla sonu\u00e7lan\u0131r ve bu illetten hep birlikte kurtuluruz. Herkes i\u015fine, g\u00fcc\u00fcne, r\u0131zk\u0131na d\u00f6ner. Tabi bu s\u00fcre\u00e7te en \u00e7ok risk alt\u0131nda olan gruplar\u0131n ba\u015f\u0131nda \u00f6zel vatanda\u015flar\u0131m\u0131z geliyor. Sizler geliyorsunuz. Ya\u015flanm\u0131\u015f yurtta\u015flar\u0131m\u0131z geliyor. A\u015f\u0131lama s\u00fcrecinde sizlere de \u00f6ncelik verilmesi ve bunun da s\u00fcratle yerine getirilmesi gerekiyor. Bizler de a\u015f\u0131ya ula\u015fmada, lojistikte emrinize amadeyiz belediye olarak\u201d dedi.<\/p>\n<p>Ba\u015fkan Se\u00e7er, hay\u0131rsever vatanda\u015flara ak\u00fcl\u00fc ara\u00e7 deste\u011fi i\u00e7in \u00e7a\u011fr\u0131 yapt\u0131<\/p>\n<p>\u00c7\u0130MSA A.\u015e. i\u015f birli\u011fi ile geleneksel hale gelen ak\u00fcl\u00fc ara\u00e7 da\u011f\u0131t\u0131mlar\u0131na de\u011finen Ba\u015fkan Se\u00e7er, y\u00f6netime geldi\u011finden bu yana \u00c7\u0130MSA ile \u00fc\u00e7\u00fcnc\u00fc kez da\u011f\u0131t\u0131m ger\u00e7ekle\u015ftirdiklerini s\u00f6yledi. 2019\u2019da 30, 2020\u2019de 50, bu y\u0131l da 67 ak\u00fcl\u00fc ara\u00e7 da\u011f\u0131tt\u0131klar\u0131n\u0131 ifade eden Se\u00e7er, \u201cBuradan hay\u0131rsever yurtta\u015flar\u0131m\u0131za bir mesaj\u0131m\u0131z olsun. Bu \u00f6zel insanlar\u0131m\u0131z\u0131n ak\u00fcl\u00fc ara\u00e7 ihtiyac\u0131na sizler de katk\u0131 sunabilirsiniz. Onlar\u0131n da katk\u0131s\u0131 bizler i\u00e7in \u00f6nemli. Umut ediyorum gelecek g\u00fcnlerde bu rakam\u0131 \u00e7ok daha fazla say\u0131ya eri\u015ftirebiliriz. Zira bizden talep \u00e7ok. Bakt\u0131\u011f\u0131n\u0131z zaman rakamlara \u00f6zel insan\u0131m\u0131z\u0131n say\u0131s\u0131 T\u00fcrkiye\u2019de yakla\u015f\u0131k y\u00fczde 13\u2019l\u00fck n\u00fcfusa tekab\u00fcl ediyor. Mersin\u2019de de bu oran buna yak\u0131n. 100 binin \u00fczerinde yurtta\u015f\u0131m\u0131z bizim \u00f6zel insan\u0131m\u0131z. Bizim bir anlamda devlet olarak onlar\u0131n sorumlulu\u011funu y\u00fcklendi\u011fimiz yurtta\u015flar\u0131m\u0131z. Onlar\u0131n dertlerine de \u00e7are olmu\u015f oluruz. Biz bu konuda da zaten veri taban\u0131 olu\u015fturmaya \u00e7al\u0131\u015f\u0131yoruz. Kay\u0131t alt\u0131na al\u0131yoruz. \u015eu anda 43 binin \u00fczerinde kay\u0131t ger\u00e7ekle\u015ftirildi\u201d dedi.<\/p>\n<p>G\u00f6reve geldikleri g\u00fcnden bu yana \u00f6zel gereksinimli bireyler ba\u015fta olmak \u00fczere ya\u015f alm\u0131\u015f vatanda\u015flar ve ihtiya\u00e7 sahibi insanlara sunduklar\u0131 destek hizmetlerini anlatan Ba\u015fkan Se\u00e7er, \u201cEmin olun belediyemizin b\u00fct\u00e7esi i\u00e7erisinde imkan\u0131m\u0131z \u015fudur, sadece \u015fu kadar ay\u0131ral\u0131m de\u011fil. Yapabilece\u011fimiz bu tarz hizmetlerin en azamisine kadar biz bunlar\u0131 \u00e7\u0131kart\u0131yoruz\u201d dedi.<\/p>\n<p>\u201cYeni \u015farj istasyonlar\u0131m\u0131z da hizmete girdi\u201d<\/p>\n<p>Ak\u00fcl\u00fc ara\u00e7 \u015farj istasyonu say\u0131s\u0131n\u0131n art\u0131r\u0131ld\u0131\u011f\u0131n\u0131 dile getiren Ba\u015fkan Se\u00e7er, \u201cBug\u00fcn de 67 yurtta\u015f\u0131m\u0131za ak\u00fcl\u00fc ara\u00e7 da\u011f\u0131taca\u011f\u0131m\u0131z\u0131 d\u00fc\u015f\u00fcn\u00fcrseniz her ge\u00e7en g\u00fcn bu \u015farj istasyonlar\u0131na ihtiya\u00e7 artacak. Bizim de g\u00f6revimiz bu ihtiya\u00e7lara cevap vermek, say\u0131lar\u0131n\u0131 art\u0131rmak. Tarsus 75. Y\u0131l Park\u0131, Tarsus Otogar, Silifke G\u00f6ksu Kurtulu\u015f Park\u0131, Erdemli Devlet Hastanesi, Mersin Tren Gar\u0131, \u00d6zgecan Aslan Meydan\u0131, Ta\u015f Bina \u00f6n\u00fc, Mersin Otogar\u0131,  Forum AVM b\u00f6lgesi ve Marina AVM b\u00f6lgesinde yeni \u015farj istasyonlar\u0131m\u0131z da hizmete girdi. Genel anlamda kentte sizlere kar\u015f\u0131 ya\u015fam\u0131 kolayla\u015ft\u0131rmam\u0131z laz\u0131m. \u00c7ok klasik bir tabirle engelsiz bir kent yaratmam\u0131z laz\u0131m. Yolda, ula\u015f\u0131mda, herhangi bir kamu alan\u0131nda, sanatsal ve k\u00fclt\u00fcrel faaliyetlerin bulundu\u011fu b\u00fcy\u00fck g\u00f6steri merkezlerinde, okullarda, akl\u0131n\u0131za gelen insan ya\u015fam\u0131na dair b\u00fct\u00fcn alanlarda sizlerin ya\u015fam\u0131n\u0131 kolayla\u015ft\u0131rmak durumunday\u0131z\u201d ifadelerini kulland\u0131.<\/p>\n<p>Konu\u015fmalar\u0131n ard\u0131ndan Ba\u015fkan Se\u00e7er, \u00c7\u0130MSA A.\u015e. Mersin Fabrika M\u00fcd\u00fcr\u00fc Mehmet Emin Kal\u0131na\u011fa\u00e7 ve hay\u0131rsever i\u015f insan\u0131 \u015eerif Yah\u015fi ile birlikte salonda bulunan \u00f6zel gereksinimli yurtta\u015flardan Birsel Ak, Miyase Kaya ve Nazl\u0131 Teker\u2019e temsili olarak ak\u00fcl\u00fc ara\u00e7lar\u0131n\u0131 teslim etti. \u00c7\u0130MSA A.\u015e. Mersin Fabrika M\u00fcd\u00fcr\u00fc Mehmet Emin Kal\u0131na\u011fa\u00e7, \u201cBug\u00fcn burada \u00c7\u0130MSA olarak engellilerin toplumsal hayata kat\u0131lmalar\u0131 ve e\u015fit f\u0131rsatlara sahip olabilmeleri ad\u0131na katk\u0131da bulunman\u0131n mutlulu\u011funu ya\u015f\u0131yoruz. Mersin B\u00fcy\u00fck\u015fehir Belediyesi\u2019nin giri\u015fimi ile 2015 y\u0131l\u0131nda ba\u015flatt\u0131\u011f\u0131m\u0131z ve geleneksel hale getirdi\u011fimiz i\u015f birli\u011fimize bu y\u0131l da devam etmenin bir kez daha gururunu ya\u015f\u0131yoruz\u201d dedi.<\/p>\n<p>\u201cAllah sizin gibi insanlar\u0131 bizim ba\u015f\u0131m\u0131zdan eksik etmesin\u201d<\/p>\n<p>\u00d6zel gereksinimli bireylerden Birsel Ak, kendisine teslim edilen ak\u00fcl\u00fc ara\u00e7 i\u00e7in te\u015fekk\u00fcrlerini dile getirerek, \u201cBu ak\u00fcl\u00fc ara\u00e7 sayesinde hayat\u0131m\u0131z biraz daha kolay olacak. Tek ba\u015f\u0131m\u0131za, bir ba\u015fkas\u0131n\u0131n yard\u0131m\u0131 olmadan hayat\u0131m\u0131z\u0131 idame edece\u011fiz. Hepinize \u00e7ok te\u015fekk\u00fcr ederim\u201d dedi. Miyase Kaya ise \u201c\u00d6ncelikle Say\u0131n Ba\u015fkan\u0131m sizi \u00e7ok seviyorum. Hayat\u0131m\u0131z\u0131 kolayla\u015ft\u0131rd\u0131\u011f\u0131n\u0131z i\u00e7in \u00e7ok te\u015fekk\u00fcr ediyorum. Bize yard\u0131mc\u0131 olan karde\u015flerime \u00f6m\u00fcr boyu sa\u011fl\u0131kl\u0131, mutlu, huzurlu, g\u00fczellik dolu g\u00fcnler nasip etsin Allah\u2019\u0131m. Bizim zor hayat\u0131m\u0131z\u0131 kolayla\u015ft\u0131rd\u0131\u011f\u0131n\u0131z i\u00e7in Allah sizin gibi insanlar\u0131 bizim ba\u015f\u0131m\u0131zdan eksik etmesin\u201d diye konu\u015ftu.<\/p>\n<p>\u00d6zel gereksinimli yurtta\u015flar\u0131n park\u0131: Engelsiz Ya\u015fam Park\u0131<\/p>\n<p>Ak\u00fcl\u00fc ara\u00e7 da\u011f\u0131t\u0131m t\u00f6reninin ard\u0131ndan \u00e7ok y\u00f6nl\u00fc aktivite alanlar\u0131 ile \u00f6zel gereksinimli yurtta\u015flara nefes ald\u0131racak olan \u2018Mersin B\u00fcy\u00fck\u015fehir Belediyesi Engelsiz Ya\u015fam Park\u0131\u2019n\u0131n a\u00e7\u0131l\u0131\u015f\u0131 da yap\u0131ld\u0131. A\u00e7\u0131l\u0131\u015fta Ba\u015fkan Se\u00e7er\u2019e Yeni\u015fehir Belediye Ba\u015fkan\u0131 Abdullah \u00d6zyi\u011fit ve Mezitli Belediye Ba\u015fkan\u0131 Ne\u015fet Tarhan da e\u015flik etti. Yeni\u015fehir Belediyesi taraf\u0131ndan Mersin B\u00fcy\u00fck\u015fehir Belediyesi\u2019ne tahsisi yap\u0131lan park alan\u0131, modern aktivite alanlar\u0131 ile donat\u0131larak \u00f6zel gereksinimli bireylere uygun hale getirildi. 4 merkez il\u00e7eden ula\u015f\u0131m\u0131n kolayl\u0131kla sa\u011flanabilece\u011fi Yeni\u015fehir il\u00e7esi Mente\u015f Mahallesi\u2019ndeki \u2018Engelsiz Ya\u015fam Park\u0131\u2019nda 2 adet bocce sahas\u0131, 2 adet \u00e7ocuk oyun park\u0131, \u00fcst\u00fc kapal\u0131 y\u00fczme havuzu, fitness ve dans salonu ile survivor parkuru bulunuyor.<\/p>\n<p>\u201c\u00d6zel \u00e7ocuklar\u0131m\u0131z\u0131n huzurla, g\u00fcvenle gelebilecekleri bir mekan haline geldi\u201d<\/p>\n<p>Ba\u015fkan Se\u00e7er, Engelliler Haftas\u0131\u2019nda ger\u00e7ekle\u015ftirmek istedikleri ak\u00fcl\u00fc ara\u00e7 da\u011f\u0131t\u0131m\u0131 ve park a\u00e7\u0131l\u0131\u015f\u0131n\u0131 tam kapanma nedeniyle ertelediklerini belirterek, \u201cUzun s\u00fcredir buran\u0131n \u00e7al\u0131\u015fmalar\u0131 devam ediyordu. Pandeminin araya girmesi belki biraz aksamalara neden oldu ama \u00e7ok zarif, \u00e7ok \u015f\u0131k, i\u015flevsel, kullan\u0131\u015fl\u0131, \u00f6zel \u00e7ocuklar\u0131m\u0131z\u0131n, bireylerimizin, annelerinin, babalar\u0131n\u0131n, ailelerinin, huzurla, g\u00fcvenle gelebilecekleri bir mekan haline geldi\u201d dedi.<\/p>\n<p>\u201cBiz hizmete doymuyoruz, bu hizmetlerimizi de s\u00fcrd\u00fcrece\u011fiz\u201d<\/p>\n<p>Sosyal belediyecilik anlay\u0131\u015f\u0131yla \u00f6zel gereksinimli yurtta\u015flara y\u00f6nelik \u00f6nemli \u00e7al\u0131\u015fmalar yapt\u0131klar\u0131n\u0131 belirten Ba\u015fkan Se\u00e7er, devam\u0131nda \u015fu ifadeleri kulland\u0131:<\/p>\n<p>\u201cB\u00fct\u00fcn \u00f6zel yurtta\u015flar\u0131m\u0131z i\u00e7in hem Yeni\u015fehir Belediyemiz, hem Mezitli Belediyemiz, hem Tarsus Belediyemiz, hem de T\u00fcrkiye&#8217;nin muhtelif yerlerinde bizim d\u0131\u015f\u0131m\u0131zda 10 B\u00fcy\u00fck\u015fehir Belediyesi ve 10 il Belediyesi, onlar\u0131n yan\u0131nda il\u00e7e belediyelerimiz bu alanda \u00e7ok \u00f6nemli, \u00e7ok \u00f6zel uygulamalar yap\u0131yor. \u0130\u015fte bu, sosyal belediyecilik anlay\u0131\u015f\u0131. Bize yak\u0131\u015fan, bizim gibi modern, \u00e7a\u011fda\u015f, Atat\u00fcrk\u00e7\u00fc belediye ba\u015fkanlar\u0131n\u0131n izlemesi gereken yol. Biz sosyal devlet, sosyal belediyecilik kavramlar\u0131n\u0131 en \u00fcste koymu\u015fuz. Biz t\u00fcccar de\u011filiz. Belediyeler birer ticarethane de\u011fil, hizmet \u00fcretme alanlar\u0131. Biz hizmete doymuyoruz, bu hizmetlerimizi de s\u00fcrd\u00fcrece\u011fiz. B\u00fct\u00fcn belediyelerimizle, ba\u015fkanlar\u0131m\u0131zla beraber gecemizi g\u00fcnd\u00fcz\u00fcm\u00fcze kataca\u011f\u0131z, bu millete lay\u0131k olmaya, onlar\u0131n derdine derman olmaya, onlarla hemhal olmaya, onlarla abi-karde\u015f olmaya devam edece\u011fiz. Hi\u00e7bir engel bizi durduramayacak. Ama burada \u00e7ok \u00f6nemli bir \u015fey s\u00f6yleyece\u011fim. Bug\u00fcne kadar yapt\u0131\u011f\u0131m\u0131z hizmetlerde, uygulamalarda pandemi s\u00fcreci ya\u015fand\u0131. Asl\u0131nda \u00e7ok \u00f6nemli bu s\u00fcre\u00e7te devlet, sosyal devlet kavram\u0131, devletin ola\u011fan\u00fcst\u00fc ko\u015fullarda vatanda\u015flar\u0131na sahip olma politikalar\u0131, d\u00fc\u015f\u00fcnceleri, \u00f6ncelikleri \u00e7ok \u00f6n plana \u00e7\u0131kt\u0131. Burada da belediyemizin, belediyelerimizin fark\u0131 g\u00f6r\u00fcld\u00fc. Mersin&#8217;de g\u00f6r\u00fcld\u00fc, T\u00fcrkiye&#8217;nin her bir k\u00f6\u015fesinde g\u00f6r\u00fcld\u00fc. Biz bu hizmetleri, vatanda\u015flar\u0131m\u0131z\u0131 siyasi g\u00f6r\u00fc\u015flerine g\u00f6re, b\u00f6lgelerine, etnik yap\u0131lar\u0131na, renklerine, mezheplerine g\u00f6re bir ayr\u0131m yapmadan yapt\u0131k. Bizim i\u00e7in sizin bu topraklarda ya\u015fayan e\u015fit birer yurtta\u015f olman\u0131z \u00f6nemli. Biz bu bilgiler, bu d\u00fc\u015f\u00fcnceler, bu inan\u00e7lar \u0131\u015f\u0131\u011f\u0131nda hizmetlerimizi yapmaya devam edece\u011fiz.\u201d<\/p>\n<p>Pandemi tedbirleri dolay\u0131s\u0131yla evden \u00e7\u0131kamayan ba\u015fta \u00f6zel bireylerin ve ya\u015f alm\u0131\u015f yurtta\u015flar\u0131n psikolojik olarak \u00e7ok etkilendiklerini ve b\u00fcy\u00fck s\u0131k\u0131nt\u0131lar ya\u015fad\u0131klar\u0131n\u0131 dile getiren Ba\u015fkan Se\u00e7er, Engelliler ve Sa\u011fl\u0131k Hizmetleri Dairesi b\u00fcnyesinde G\u00f6r\u00fcnt\u00fcl\u00fc Destek Hatt\u0131 ile \u00f6zel bireylere destek verdiklerini s\u00f6yledi. Se\u00e7er, \u00f6zel bireylerin Alo 185\u2019i aray\u0131p her t\u00fcrl\u00fc talep, \u015fikayet ve isteklerini iletebileceklerine de\u011finerek, \u201cHani \u2018kimin belediyede torpili var? Kim bizim torpilimiz? Kim bizim day\u0131m\u0131z? Kim bizim adam\u0131m\u0131z?\u2019 dedi\u011finiz noktada sizin day\u0131n\u0131z, adam\u0131n\u0131z, i\u015finizi takip edecek olan Alo 185. Onu kullanmaya ba\u015flay\u0131n. Benim ne demek istedi\u011fimi anlayacaks\u0131n\u0131z. Oradaki b\u00fct\u00fcn \u00e7a\u011fr\u0131lar benim \u00f6n\u00fcme d\u00fc\u015f\u00fcyor. Aksayan, giderilmemi\u015f bir \u015fikayetinizi belirtmi\u015fsiniz, haftal\u0131k raporlarda ben onlar\u0131 g\u00f6r\u00fcyorum. Bundan yana endi\u015feniz olmas\u0131n. Her t\u00fcrl\u00fc ihtiyac\u0131n\u0131z\u0131, art\u0131k belediye ile olan ili\u015fkilerinizi oradan s\u00fcrd\u00fcrebileceksiniz\u201d diye konu\u015ftu.<\/p>\n<p>\u00c7evre dostu CNG\u2019li sar\u0131 limonlar\u0131n da \u00f6zel gereksinimli yurtta\u015flara ula\u015f\u0131mda daha rahat olanaklar sundu\u011funu vurgulayan Ba\u015fkan Se\u00e7er, \u201cEski bir\u00e7ok ara\u00e7ta da engelli rampas\u0131 vard\u0131 ama bu ara\u00e7lar\u0131n farkl\u0131 bir \u00f6zelli\u011fi var. \u015eof\u00f6r, yolcular\u0131n inip bindi\u011fi sa\u011f b\u00f6l\u00fcm\u00fc 20 santim bir mesafede otob\u00fcs\u00fc yat\u0131rabiliyor. Oradan \u00f6zel bireylerimiz, ya\u015f alm\u0131\u015f yurtta\u015flar\u0131m\u0131z, rahats\u0131zl\u0131\u011f\u0131 olan yurtta\u015flar\u0131m\u0131z bu toplu ta\u015f\u0131ma ara\u00e7lar\u0131m\u0131za rahatl\u0131kla binebiliyor. Ayr\u0131ca engelli butonu, emniyet kemeri ve engelli tutama\u00e7lar\u0131 bu yeni otob\u00fcslerimizde bulunuyor\u201d dedi.<\/p>\n<p>Se\u00e7er, \u00f6zel bireylerin ya\u015fam\u0131n\u0131 kolayla\u015ft\u0131rmak i\u00e7in \u00e7al\u0131\u015ft\u0131klar\u0131n\u0131 ifade ederek, \u201cYeni yapt\u0131\u011f\u0131m\u0131z yollarda, kald\u0131r\u0131mlarda mutlaka hissedilebilir karolar d\u00f6\u015f\u00fcyoruz. Mutlaka engelli rampalar\u0131 yap\u0131yoruz. Bu ve bunun gibi \u00e7al\u0131\u015fmalarla kentin fiziki ko\u015fullar\u0131n\u0131 siz de\u011ferli vatanda\u015flar\u0131m\u0131z\u0131n, \u00f6zel bireylerimizin rahat\u00e7a kullanaca\u011f\u0131 bir seviyeye getiriyoruz. Yine Denizk\u0131z\u0131 \u015firketimizin i\u015fletti\u011fi plajlar\u0131m\u0131z var. Orada engelsiz plajlar\u0131m\u0131z da var. Susano\u011flu, K\u0131zkalesi ve Yemi\u015fkumu\u2019nda. Bunlar d\u0131\u015f\u0131ndaki 6 plajda da bunu ger\u00e7ekle\u015ftirece\u011fiz. \u00d6zel bireylerimiz i\u00e7in rampalar var. Deniz keyfi s\u00fcrmek isteyen yurtta\u015flar\u0131m\u0131z bu plajlar\u0131m\u0131zdan rahatl\u0131kla faydalanabilirler\u201d dedi.<\/p>\n<p>Ba\u015fkan Se\u00e7er, \u00f6zel gereksinimli yurtta\u015flar i\u00e7in b\u00fcy\u00fck \u00f6zenle haz\u0131rlanan \u2018Engelsiz Ya\u015fam Park\u0131\u2019n\u0131n Yeni\u015fehir Belediyesi\u2019nden kendilerine tahsis edildi\u011fini, parktaki t\u00fcm \u00e7al\u0131\u015fmalar\u0131n \u00f6zel bireylerin talepleri \u00e7er\u00e7evesinde ger\u00e7ekle\u015ftirildi\u011fini s\u00f6yledi.<\/p>\n<p>Ba\u015fkan Se\u00e7er, \u2018Engelsiz Ya\u015fam Park\u0131\u2019nda yap\u0131lacak sosyal aktiviteleri anlatt\u0131<\/p>\n<p>Park\u0131n sosyal aktivite alanlar\u0131 hakk\u0131nda da Ba\u015fkan Se\u00e7er, \u201cBuras\u0131 4 bin 250 metrekare. Mevki olarak da 4 merkez il\u00e7emizden rahatl\u0131kla ula\u015f\u0131labilecek bir yer. \u00d6zel bireylerimiz sosyal aktivite alanlar\u0131n\u0131n geni\u015f olmas\u0131 sebebiyle de \u00e7ok rahat, \u00e7ok g\u00fcvenli bir \u015fekilde burada vakit ge\u00e7irme imk\u00e2n\u0131na sahip olacaklar. Burada tabi ki uzman e\u011fitimcilerimizin e\u015fli\u011finde de hem bireysel hem de grup aktivitelerini \u00e7ok daha rahat yapacaklar. \u00c7ok keyifli, \u00e7ok e\u011flenceli vakit ge\u00e7irmi\u015f olacaklar. Burada sportif faaliyetler var. \u015eu ana kadar da 46 \u00f6\u011frencimizin m\u00fcracaat\u0131 olmu\u015f. Beden e\u011fitimi \u00f6\u011fretmenlerimiz burada bu hizmeti \u00e7ocuklar\u0131m\u0131za verecekler. G\u00fcnl\u00fck bedensel egzersiz \u00e7al\u0131\u015fmalar\u0131 yapt\u0131racaklar. Fitness seanslar\u0131 d\u00fczenleyecekler. \u00c7ocuklar\u0131m\u0131z bu hizmetleri \u00f6\u011fretmenlerimiz e\u015fli\u011finde alacak\u201d dedi.<\/p>\n<p>Parkta geli\u015fim oyun terapisi, terapi ama\u00e7l\u0131 yaz ve k\u0131\u015f kullan\u0131labilecek \u0131s\u0131tmal\u0131 y\u00fczme havuzu, bocce alan\u0131, el sanatlar\u0131 at\u00f6lyesi, dans kursu, satran\u00e7 kursu gibi farkl\u0131 aktivitelerin bulundu\u011funa de\u011finen Se\u00e7er, \u201cHer \u015fey sizler i\u00e7in. Her \u015fey g\u00fczel insanlar\u0131m\u0131z i\u00e7in. Memleketimiz i\u00e7in. Yorulmayaca\u011f\u0131z. Yorulmuyoruz da.  \u00c7\u00fcnk\u00fc enerjimiz \u00e7ok y\u00fcksek. \u00c7\u00fcnk\u00fc hizmet yapmak istiyoruz. Daha fazlas\u0131n\u0131 yapaca\u011f\u0131z hi\u00e7 merak etmeyin. Bu bir bayrak yar\u0131\u015f\u0131. Demokrasi \u00f6yle bir \u015fey. Hi\u00e7 kimse Hint kuma\u015f\u0131 de\u011fil, Bursa kuma\u015f\u0131 de\u011fil. Hi\u00e7bir ayr\u0131m yok, hepinizi seviyoruz. Kalbimizde hissediyoruz rahat olun\u201d dedi.<\/p>\n<p>Kent Konseyi Engelliler Meclisi Ba\u015fkan\u0131 M\u00fcrsel \u00c7ift\u00e7i, \u201cBa\u015far\u0131 tek de\u011fil, bir b\u00fct\u00fcnd\u00fcr. Vahap Se\u00e7er Ba\u015fkan\u0131mla beraber kadrosuna ayr\u0131 ayr\u0131 te\u015fekk\u00fcr ederim. Her bir engel bir telefonla eri\u015filebilir duruma geliyor. Ben \u015fahs\u0131m ve meclisim ad\u0131na hepinize ayr\u0131 ayr\u0131 te\u015fekk\u00fcr ediyorum. Engelli arkada\u015flar\u0131mla beraber bir b\u00fct\u00fcn olarak Mersin\u2019de 150 bin engellinin kalben sizlerle beraber oldu\u011funu belirtmek istiyorum\u201d diye konu\u015ftu.<\/p>\n<p>\u00d6zyi\u011fit: \u201cP\u0131r\u0131l p\u0131r\u0131l bir \u015fekilde \u00e7ocuklar\u0131m\u0131z\u0131n hizmetine sunulmu\u015f bir tesis\u201d<\/p>\n<p>Yeni\u015fehir Belediye Ba\u015fkan\u0131 Abdullah \u00d6zyi\u011fit de yapt\u0131\u011f\u0131 konu\u015fmada, \u201cMersin B\u00fcy\u00fck\u015fehir Belediye Ba\u015fkan\u0131m\u0131zla yapt\u0131\u011f\u0131m\u0131z bir g\u00f6r\u00fc\u015fmenin sonunda buran\u0131n tahsisini B\u00fcy\u00fck\u015fehirimize yapt\u0131k. B\u00fcy\u00fck\u015fehir Belediyemiz de buray\u0131 ger\u00e7ekten p\u0131r\u0131l p\u0131r\u0131l hale getirmi\u015f. \u2018\u0130yi ki b\u00f6yle bir \u015fey yapm\u0131\u015f\u0131z\u2019 dedim kendi kendime. \u015eu anda p\u0131r\u0131l p\u0131r\u0131l bir \u015fekilde \u00e7ocuklar\u0131m\u0131z\u0131n, gen\u00e7lerimizin hizmetine sunulmu\u015f bir tesis. Hay\u0131rl\u0131, u\u011furlu olsun diyorum\u201d dedi.<\/p>\n<p>Tarhan: \u201cToplumun her kesimine ula\u015fmak zorunday\u0131z\u201d<\/p>\n<p>Mezitli Belediye Ba\u015fkan\u0131 Ne\u015fet Tarhan da yapt\u0131\u011f\u0131 konu\u015fmada, \u201cBizler sosyal demokrat belediyeler olarak toplumun her kesimini kucaklamak durumunday\u0131z ve her kesimine de ula\u015fmak zorunday\u0131z. Ama dezavantajl\u0131 kesimlere ula\u015fmak ve onlar\u0131n sorunlar\u0131n\u0131 \u00e7\u00f6zmek ku\u015fkusuz daha zor tabi ki. \u0130hmal edilmi\u015ftir y\u0131llarca. Demin B\u00fcy\u00fck\u015fehir Belediye Ba\u015fkan\u0131m\u0131z dola\u015f\u0131rken dedi ki \u2018Yorgunlu\u011fumuz bitti de\u011fil mi?\u2019. Ger\u00e7ekten \u00f6yle oluyor\u201d ifadelerine yer verdi.<\/p>\n<p>Aktay: \u201cEngelsiz Ya\u015fam Park\u0131m\u0131z\u0131n Mersin\u2019e hay\u0131rl\u0131 u\u011furlu olmas\u0131n\u0131 diliyorum\u201d<\/p>\n<p>Son olarak park\u0131n Mersin\u2019e hay\u0131rl\u0131 olmas\u0131 dilekleri ile k\u0131sa bir konu\u015fma yapan CHP Mersin \u0130l Ba\u015fkan\u0131 Adil Aktay, \u201cEngelli bireyler bu kentin ayr\u0131lmaz bir par\u00e7as\u0131d\u0131rlar ve kentsel hayata e\u015fit olarak kat\u0131lma hakk\u0131na sonuna kadar sahiptirler. Mersin B\u00fcy\u00fck\u015fehir Belediyesi i\u015fte bu yakla\u015f\u0131mla herkes i\u00e7in engelsiz bir ya\u015fam kurmak hedefi ile \u00e7al\u0131\u015f\u0131yor. Engelsiz Ya\u015fam Park\u0131 da bu anlay\u0131\u015fla ger\u00e7ekle\u015ftirilen \u00f6nc\u00fc ve \u00f6nemli hizmetlerden sadece biridir\u201d dedi.<\/p>\n","protected":false},"excerpt":{"rendered":"<p>B\u00fcy\u00fck\u015fehir Belediye Ba\u015fkan\u0131 Vahap Se\u00e7er\u2019in \u00f6nc\u00fcl\u00fc\u011f\u00fcnde Mersin\u2019de \u00f6zel gereksinimli yurtta\u015flar i\u00e7in engeller bir bir kald\u0131r\u0131l\u0131yor. Mersin B\u00fcy\u00fck\u015fehir Belediyesi ve \u00c7\u0130MSA A.\u015e. i\u015f birli\u011fiyle her y\u0131l geleneksel hale gelen \u201cAk\u00fcl\u00fc Ara\u00e7 &hellip; <a href=\"https:\/\/akdenizolaygazetesi.com\/?p=12687\" class=\"more-link\">Devam\u0131n\u0131 Oku&#8230;<\/a><\/p>\n","protected":false},"author":2,"featured_media":12688,"comment_status":"open","ping_status":"open","sticky":false,"template":"","format":"standard","meta":[],"categories":[8,34,2,3,5],"tags":[],"_links":{"self":[{"href":"https:\/\/akdenizolaygazetesi.com\/index.php?rest_route=\/wp\/v2\/posts\/12687"}],"collection":[{"href":"https:\/\/akdenizolaygazetesi.com\/index.php?rest_route=\/wp\/v2\/posts"}],"about":[{"href":"https:\/\/akdenizolaygazetesi.com\/index.php?rest_route=\/wp\/v2\/types\/post"}],"author":[{"embeddable":true,"href":"https:\/\/akdenizolaygazetesi.com\/index.php?rest_route=\/wp\/v2\/users\/2"}],"replies":[{"embeddable":true,"href":"https:\/\/akdenizolaygazetesi.com\/index.php?rest_route=%2Fwp%2Fv2%2Fcomments&post=12687"}],"version-history":[{"count":1,"href":"https:\/\/akdenizolaygazetesi.com\/index.php?rest_route=\/wp\/v2\/posts\/12687\/revisions"}],"predecessor-version":[{"id":12689,"href":"https:\/\/akdenizolaygazetesi.com\/index.php?rest_route=\/wp\/v2\/posts\/12687\/revisions\/12689"}],"wp:featuredmedia":[{"embeddable":true,"href":"https:\/\/akdenizolaygazetesi.com\/index.php?rest_route=\/wp\/v2\/media\/12688"}],"wp:attachment":[{"href":"https:\/\/akdenizolaygazetesi.com\/index.php?rest_route=%2Fwp%2Fv2%2Fmedia&parent=12687"}],"wp:term":[{"taxonomy":"category","embeddable":true,"href":"https:\/\/akdenizolaygazetesi.com\/index.php?rest_route=%2Fwp%2Fv2%2Fcategories&post=12687"},{"taxonomy":"post_tag","embeddable":true,"href":"https:\/\/akdenizolaygazetesi.com\/index.php?rest_route=%2Fwp%2Fv2%2Ftags&post=12687"}],"curies":[{"name":"wp","href":"https:\/\/api.w.org\/{rel}","templated":true}]}}