{"id":1269,"date":"2020-11-04T18:21:51","date_gmt":"2020-11-04T15:21:51","guid":{"rendered":"http:\/\/mersinekonomipolitikagazetesi.com\/?p=1269"},"modified":"2020-11-04T18:21:51","modified_gmt":"2020-11-04T15:21:51","slug":"silifkeli-gencler-buray-ile-costu","status":"publish","type":"post","link":"https:\/\/akdenizolaygazetesi.com\/?p=1269","title":{"rendered":"Silifkeli gen\u00e7ler Buray ile co\u015ftu"},"content":{"rendered":"<p>44. Uluslararas\u0131 Silifke M\u00fczik ve Folklor Festivali&#8217;nin 4. g\u00fcn\u00fcn\u00fcn ak\u015fam\u0131nda, pop m\u00fczi\u011fin sevilen sanat\u00e7\u0131lar\u0131ndan Buray sahne ald\u0131 ve en sevilen \u015fark\u0131lar\u0131n\u0131 Silifkeliler i\u00e7in seslendirdi.<\/p>\n<p>Gen\u00e7 sanat\u00e7\u0131 verdi\u011fi konserle, hayranlar\u0131na unutulmaz bir gece ya\u015fat\u0131rken, konseri izleyen binlerce hayran\u0131, \u00fcnl\u00fc sanat\u00e7\u0131n\u0131n \u015fark\u0131lar\u0131na e\u015flik etti. &#8220;A\u015fk m\u0131 laz\u0131m&#8221; isimli par\u00e7as\u0131yla konsere ba\u015flayan Buray, &#8220;Seni Sevmiyorum Art\u0131k&#8221;, &#8220;Sen Sevda M\u0131s\u0131n&#8221;, &#8220;Kimsenin Su\u00e7u Yok&#8221; isimli \u015fark\u0131lar\u0131 ba\u015fta olmak \u00fczere \u00e7ok say\u0131da \u015fark\u0131s\u0131n\u0131 seslendirdi. Yakla\u015f\u0131k iki saat sahnede kalan \u00fcnl\u00fc sanat\u00e7\u0131ya, g\u00fcn\u00fcn an\u0131s\u0131na M\u00fczik ve Folklor Festivali plaketi arma\u011fan edildi. Sanat\u00e7\u0131ya plaketini Silifke Belediye Ba\u015fkan\u0131 Dr. Mustafa Turgut ile beraber sahneye \u00e7\u0131kan gen\u00e7 hayran\u0131 Mehmetcan Turgut verdi.<br \/>\nSilifke\u2019de konser vermekten \u00e7ok b\u00fcy\u00fck mutluluk duydu\u011funu belirten \u00fcnl\u00fc sanat\u00e7\u0131 Buray, Belediye Ba\u015fkan\u0131 Turgut ve hayran\u0131 Mehmetcan Turgut\u2019a te\u015fekk\u00fcr etti.<br \/>\nT\u00fcrkiye\u2019de ilk g\u00f6rd\u00fc\u011f\u00fc \u015fehrin Silifke oldu\u011funu belirten Buray, \u201cK\u0131br\u0131s\u2019ta ya\u015fad\u0131\u011f\u0131m i\u00e7in 11 ya\u015f\u0131nda iken T\u00fcrkiye\u2019ye ilk geli\u015fimde Silifke\u2019ye geldim. Buran\u0131n bende o nedenle \u00f6nemi \u00e7ok fazlad\u0131r. Ayr\u0131ca teyzem de Silifke\u2019de ya\u015f\u0131yor. Sevdiklerimin ve sevenlerimin oldu\u011fu bu \u015fehri bu g\u00fcn bir kez daha sevdim\u201d dedi.<br \/>\nBa\u015fkan Mustafa Turgut da, \u201cSizin gibi de\u011ferli sanat\u00e7\u0131lar\u0131m\u0131z\u0131 Uluslararas\u0131 M\u00fczik ve Folklor Festivalimizde a\u011f\u0131rlamaktan b\u00fcy\u00fck mutluluk duyduk. Te\u015fekk\u00fcr ediyor ve ba\u015far\u0131lar\u0131n\u0131z\u0131n devam\u0131n\u0131 diliyorum\u201d diye konu\u015ftu.<\/p>\n","protected":false},"excerpt":{"rendered":"<p>44. Uluslararas\u0131 Silifke M\u00fczik ve Folklor Festivali&#8217;nin 4. g\u00fcn\u00fcn\u00fcn ak\u015fam\u0131nda, pop m\u00fczi\u011fin sevilen sanat\u00e7\u0131lar\u0131ndan Buray sahne ald\u0131 ve en sevilen \u015fark\u0131lar\u0131n\u0131 Silifkeliler i\u00e7in seslendirdi. Gen\u00e7 sanat\u00e7\u0131 verdi\u011fi konserle, hayranlar\u0131na unutulmaz &hellip; <a href=\"https:\/\/akdenizolaygazetesi.com\/?p=1269\" class=\"more-link\">Devam\u0131n\u0131 Oku&#8230;<\/a><\/p>\n","protected":false},"author":1,"featured_media":0,"comment_status":"open","ping_status":"open","sticky":false,"template":"","format":"standard","meta":[],"categories":[],"tags":[],"_links":{"self":[{"href":"https:\/\/akdenizolaygazetesi.com\/index.php?rest_route=\/wp\/v2\/posts\/1269"}],"collection":[{"href":"https:\/\/akdenizolaygazetesi.com\/index.php?rest_route=\/wp\/v2\/posts"}],"about":[{"href":"https:\/\/akdenizolaygazetesi.com\/index.php?rest_route=\/wp\/v2\/types\/post"}],"author":[{"embeddable":true,"href":"https:\/\/akdenizolaygazetesi.com\/index.php?rest_route=\/wp\/v2\/users\/1"}],"replies":[{"embeddable":true,"href":"https:\/\/akdenizolaygazetesi.com\/index.php?rest_route=%2Fwp%2Fv2%2Fcomments&post=1269"}],"version-history":[{"count":0,"href":"https:\/\/akdenizolaygazetesi.com\/index.php?rest_route=\/wp\/v2\/posts\/1269\/revisions"}],"wp:attachment":[{"href":"https:\/\/akdenizolaygazetesi.com\/index.php?rest_route=%2Fwp%2Fv2%2Fmedia&parent=1269"}],"wp:term":[{"taxonomy":"category","embeddable":true,"href":"https:\/\/akdenizolaygazetesi.com\/index.php?rest_route=%2Fwp%2Fv2%2Fcategories&post=1269"},{"taxonomy":"post_tag","embeddable":true,"href":"https:\/\/akdenizolaygazetesi.com\/index.php?rest_route=%2Fwp%2Fv2%2Ftags&post=1269"}],"curies":[{"name":"wp","href":"https:\/\/api.w.org\/{rel}","templated":true}]}}