{"id":12690,"date":"2021-06-04T13:01:19","date_gmt":"2021-06-04T10:01:19","guid":{"rendered":"http:\/\/akdenizolaygazetesi.com\/?p=12690"},"modified":"2021-06-04T13:01:36","modified_gmt":"2021-06-04T10:01:36","slug":"baskan-yilmaz-temennimiz-sinava-girecek-ogrencilerimizin-emeklerinin-karsiligini-almasi","status":"publish","type":"post","link":"https:\/\/akdenizolaygazetesi.com\/?p=12690","title":{"rendered":"Ba\u015fkan Y\u0131lmaz: &#8220;Temennimiz, S\u0131nava Girecek \u00d6\u011frencilerimizin Emeklerinin Kar\u015f\u0131l\u0131\u011f\u0131n\u0131 Almas\u0131&#8221;"},"content":{"rendered":"<p>Toroslar Belediyesi, 6 Haziran Pazar g\u00fcn\u00fc yap\u0131lacak Liselere Ge\u00e7i\u015f S\u0131nav\u0131 (LGS) \u00f6ncesi il\u00e7e genelindeki 42 okulda dezenfekte \u00e7al\u0131\u015fmas\u0131 yapt\u0131.<\/p>\n<p>Koronavir\u00fcs salg\u0131n\u0131 ile m\u00fccadele kapsam\u0131nda kamuya a\u00e7\u0131k alanlar\u0131 d\u00fczenli olarak dezenfekte eden belediye, \u00f6\u011frencilerin daha sa\u011fl\u0131kl\u0131 ve g\u00fcvenli bir ortamda s\u0131nava girmeleri i\u00e7in okullarda dezenfekte \u00e7al\u0131\u015fmalar\u0131n\u0131 da titizlikle y\u00fcr\u00fctt\u00fc.<\/p>\n<p>Belediye Temizlik \u0130\u015fleri M\u00fcd\u00fcrl\u00fc\u011f\u00fc ekipleri taraf\u0131ndan okul s\u0131ralar\u0131, merdiven, tuvalet, koridor, kap\u0131 kollar\u0131 ve bah\u00e7eye kadar \u00f6\u011frencilerin kullanaca\u011f\u0131 t\u00fcm alanlar steril hale getirildi.<\/p>\n<p>Ba\u015fkan Y\u0131lmaz: &#8220;Temennimiz, S\u0131nava Girecek \u00d6\u011frencilerimizin Emeklerinin Kar\u015f\u0131l\u0131\u011f\u0131n\u0131 Almas\u0131&#8221;<\/p>\n<p>Toroslar Belediye Ba\u015fkan\u0131 Ats\u0131z Af\u015f\u0131n Y\u0131lmaz, s\u0131nava girecek t\u00fcm \u00f6\u011frencilere ba\u015far\u0131lar dileyerek; &#8220;Toroslar Belediyesi olarak Covid-19&#8217;a kar\u015f\u0131 tedbiri elden b\u0131rakm\u0131yoruz. Bu hafta sonu yap\u0131lacak LGS \u00f6ncesi okullar\u0131m\u0131z\u0131 dezenfekte ederek hijyenik hale getirdik. \u00d6nceli\u011fimiz \u00f6\u011frencilerimizin sa\u011fl\u0131\u011f\u0131. \u00d6\u011frencilerimizden iste\u011fimiz s\u0131navlar\u0131na konsantre olmalar\u0131d\u0131r. Onlar\u0131n b\u00fcy\u00fck emek vererek haz\u0131rland\u0131klar\u0131 bu s\u0131nav\u0131 ba\u015far\u0131 ile ge\u00e7eceklerine y\u00fcrekten inan\u0131yorum&#8221; diye konu\u015ftu.<\/p>\n","protected":false},"excerpt":{"rendered":"<p>Toroslar Belediyesi, 6 Haziran Pazar g\u00fcn\u00fc yap\u0131lacak Liselere Ge\u00e7i\u015f S\u0131nav\u0131 (LGS) \u00f6ncesi il\u00e7e genelindeki 42 okulda dezenfekte \u00e7al\u0131\u015fmas\u0131 yapt\u0131. Koronavir\u00fcs salg\u0131n\u0131 ile m\u00fccadele kapsam\u0131nda kamuya a\u00e7\u0131k alanlar\u0131 d\u00fczenli olarak dezenfekte &hellip; <a href=\"https:\/\/akdenizolaygazetesi.com\/?p=12690\" class=\"more-link\">Devam\u0131n\u0131 Oku&#8230;<\/a><\/p>\n","protected":false},"author":2,"featured_media":0,"comment_status":"open","ping_status":"open","sticky":false,"template":"","format":"standard","meta":[],"categories":[3],"tags":[],"_links":{"self":[{"href":"https:\/\/akdenizolaygazetesi.com\/index.php?rest_route=\/wp\/v2\/posts\/12690"}],"collection":[{"href":"https:\/\/akdenizolaygazetesi.com\/index.php?rest_route=\/wp\/v2\/posts"}],"about":[{"href":"https:\/\/akdenizolaygazetesi.com\/index.php?rest_route=\/wp\/v2\/types\/post"}],"author":[{"embeddable":true,"href":"https:\/\/akdenizolaygazetesi.com\/index.php?rest_route=\/wp\/v2\/users\/2"}],"replies":[{"embeddable":true,"href":"https:\/\/akdenizolaygazetesi.com\/index.php?rest_route=%2Fwp%2Fv2%2Fcomments&post=12690"}],"version-history":[{"count":2,"href":"https:\/\/akdenizolaygazetesi.com\/index.php?rest_route=\/wp\/v2\/posts\/12690\/revisions"}],"predecessor-version":[{"id":12693,"href":"https:\/\/akdenizolaygazetesi.com\/index.php?rest_route=\/wp\/v2\/posts\/12690\/revisions\/12693"}],"wp:attachment":[{"href":"https:\/\/akdenizolaygazetesi.com\/index.php?rest_route=%2Fwp%2Fv2%2Fmedia&parent=12690"}],"wp:term":[{"taxonomy":"category","embeddable":true,"href":"https:\/\/akdenizolaygazetesi.com\/index.php?rest_route=%2Fwp%2Fv2%2Fcategories&post=12690"},{"taxonomy":"post_tag","embeddable":true,"href":"https:\/\/akdenizolaygazetesi.com\/index.php?rest_route=%2Fwp%2Fv2%2Ftags&post=12690"}],"curies":[{"name":"wp","href":"https:\/\/api.w.org\/{rel}","templated":true}]}}