{"id":12694,"date":"2021-06-04T13:04:58","date_gmt":"2021-06-04T10:04:58","guid":{"rendered":"http:\/\/akdenizolaygazetesi.com\/?p=12694"},"modified":"2021-06-04T13:05:14","modified_gmt":"2021-06-04T10:05:14","slug":"akdeniz-belediyesi-bisiklet-severleri-bulusturdu","status":"publish","type":"post","link":"https:\/\/akdenizolaygazetesi.com\/?p=12694","title":{"rendered":"AKDEN\u0130Z BELED\u0130YES\u0130, B\u0130S\u0130KLET SEVERLER\u0130 BULU\u015eTURDU"},"content":{"rendered":"<p>Akdeniz Belediyesi Spor Kul\u00fcb\u00fc Bisiklet Tak\u0131m\u0131, \u201c3 Haziran D\u00fcnya Bisiklet G\u00fcn\u00fc\u201d dolay\u0131s\u0131yla, \u201cBisiklete Dair Her \u015eey\u201d slogan\u0131 ile d\u00fczenledi\u011fi etkinlikte sporcular\u0131 bir araya getirdi.  Etkinli\u011fe Ba\u015fkan G\u00fcltak da kat\u0131larak, gen\u00e7lerle birlikte bisiklet s\u00fcrd\u00fc.<br \/>\nAkdeniz Belediyesi, sporun her dal\u0131na ve sporculara destek vermeye, yanlar\u0131nda olmaya devam ediyor. K\u00fclt\u00fcr ve Sosyal \u0130\u015fler M\u00fcd\u00fcrl\u00fc\u011f\u00fc taraf\u0131ndan, 3 Haziran D\u00fcnya Bisiklet G\u00fcn\u00fc kapsam\u0131nda, \u00dcmit Ya\u015far O\u011fuzcan Park\u0131\u2019nda \u201cBisiklete Dair Her \u015eey\u201d slogan\u0131 ile d\u00fczenlenen etkinli\u011fe, her ya\u015ftan y\u00fczlerce ki\u015fi ilgi g\u00f6sterdi. Renkli etkinli\u011fe kat\u0131lan do\u011fa ve bisiklet severler, park i\u00e7inde haz\u0131rlanan e\u011flenceli parkurlarda bisikletleri ile test s\u00fcr\u00fc\u015fleri yapt\u0131, ayr\u0131ca e\u011fitmenlerden g\u00fcvenli bisiklet s\u00fcr\u00fc\u015f\u00fc hakk\u0131nda tavsiyeler alma imk\u00e2n\u0131 buldu. Akdeniz Belediye Ba\u015fkan\u0131 M. Mustafa G\u00fcltak da bisiklet severlerle birlikte etkinli\u011fe kat\u0131larak parkur boyunca bisiklet s\u00fcrd\u00fc.<br \/>\n\u201cBisiklet kul\u00fcb\u00fcm\u00fcz, ses getirecek ba\u015far\u0131lara haz\u0131r\u201d<br \/>\nEmekleri nedeniyle e\u011fitmenlere te\u015fekk\u00fcr eden Ba\u015fkan G\u00fcltak, kentte amat\u00f6rce bisiklet sporu ve bisiklet turlar\u0131 yapan bir\u00e7ok ki\u015fi oldu\u011funu ifade ederek; \u201cBizim bisiklet kul\u00fcb\u00fcne sahip olmam\u0131z, Akdeniz Belediyesi b\u00fcnyesine katmam\u0131z b\u00fcy\u00fck bir fark\u0131ndal\u0131k yaratt\u0131. Ger\u00e7ekten \u00e7ok iyi \u00e7al\u0131\u015f\u0131yorlar, ba\u015far\u0131lar\u0131n\u0131 da hep birlikte dinledik. Akdeniz Belediyesi Bisiklet Kul\u00fcb\u00fc, t\u00fcm T\u00fcrkiye\u2019de ses getirecek bir kul\u00fcp haline gelecek. \u00d6n\u00fcm\u00fczdeki 2021 y\u0131l\u0131 i\u00e7erisinde bu ba\u015far\u0131lar\u0131na hep birlikte g\u00f6rece\u011fiz\u201d dedi.<br \/>\n\u201cAkdeniz\u2019de spora ve sporcuya her zaman destek veriyoruz\u201d<br \/>\nKendisinin de eski bir futbolcu oldu\u011funu ve spordan hi\u00e7 ayr\u0131lmad\u0131\u011f\u0131n\u0131 ifade eden Ba\u015fkan G\u00fcltak, \u201cBelediye olarak her t\u00fcrl\u00fc spor faaliyetlerine elimizden geldi\u011fince destek veriyoruz. Bir yandan bisiklet kul\u00fcb\u00fcm\u00fcz\u00fc kurduk, di\u011fer yandan kick boksta d\u00fcnya \u015fampiyonu sporcular\u0131m\u0131z var. Seyfi Ali T\u00fcrko\u011flu sahas\u0131n\u0131, \u015fehrimizin en g\u00fczel tesislerinden biri haline getirdik. Futbol, basketbol, tenis ve daha bir\u00e7ok alanda g\u00f6reve geldi\u011fimiz g\u00fcnden bu yana h\u0131zl\u0131 bir \u015fekilde ilerlemeye ba\u015flad\u0131k ve ba\u015far\u0131lar\u0131n\u0131 Mersin d\u0131\u015f\u0131na, T\u00fcrkiye\u2019ye ta\u015f\u0131maya ba\u015flad\u0131\u201d diye konu\u015ftu.<br \/>\nBa\u015fkan G\u00fcltak; insan\u0131n, beden ve ruh sa\u011fl\u0131\u011f\u0131n\u0131n korunmas\u0131 ve s\u00fcrd\u00fcr\u00fclmesinde sportif aktivitelerin \u00f6nemine dikkat \u00e7ekerek, gen\u00e7lerin ve \u00e7ocuklar\u0131n, soka\u011f\u0131n yaratt\u0131\u011f\u0131 risklerden, uyu\u015fturucu, ter\u00f6r ve istenmeyen olaylardan korunmas\u0131nda da sporun b\u00fcy\u00fck \u00f6nem ta\u015f\u0131d\u0131\u011f\u0131n\u0131 vurgulad\u0131. Herkesi, sevdi\u011fi sporu yapmaya davet eden Ba\u015fkan G\u00fcltak, \u201c\u0130nsanlar\u0131m\u0131z\u0131 sporun her dal\u0131yla bulu\u015fturmak i\u00e7in Akdeniz Belediyesi olarak hizmet ve projelerimize aral\u0131ks\u0131z devam edece\u011fiz\u201d ifadelerini kulland\u0131.<\/p>\n","protected":false},"excerpt":{"rendered":"<p>Akdeniz Belediyesi Spor Kul\u00fcb\u00fc Bisiklet Tak\u0131m\u0131, \u201c3 Haziran D\u00fcnya Bisiklet G\u00fcn\u00fc\u201d dolay\u0131s\u0131yla, \u201cBisiklete Dair Her \u015eey\u201d slogan\u0131 ile d\u00fczenledi\u011fi etkinlikte sporcular\u0131 bir araya getirdi. Etkinli\u011fe Ba\u015fkan G\u00fcltak da kat\u0131larak, gen\u00e7lerle &hellip; <a href=\"https:\/\/akdenizolaygazetesi.com\/?p=12694\" class=\"more-link\">Devam\u0131n\u0131 Oku&#8230;<\/a><\/p>\n","protected":false},"author":2,"featured_media":12695,"comment_status":"open","ping_status":"open","sticky":false,"template":"","format":"standard","meta":[],"categories":[3,5,10],"tags":[],"_links":{"self":[{"href":"https:\/\/akdenizolaygazetesi.com\/index.php?rest_route=\/wp\/v2\/posts\/12694"}],"collection":[{"href":"https:\/\/akdenizolaygazetesi.com\/index.php?rest_route=\/wp\/v2\/posts"}],"about":[{"href":"https:\/\/akdenizolaygazetesi.com\/index.php?rest_route=\/wp\/v2\/types\/post"}],"author":[{"embeddable":true,"href":"https:\/\/akdenizolaygazetesi.com\/index.php?rest_route=\/wp\/v2\/users\/2"}],"replies":[{"embeddable":true,"href":"https:\/\/akdenizolaygazetesi.com\/index.php?rest_route=%2Fwp%2Fv2%2Fcomments&post=12694"}],"version-history":[{"count":2,"href":"https:\/\/akdenizolaygazetesi.com\/index.php?rest_route=\/wp\/v2\/posts\/12694\/revisions"}],"predecessor-version":[{"id":12697,"href":"https:\/\/akdenizolaygazetesi.com\/index.php?rest_route=\/wp\/v2\/posts\/12694\/revisions\/12697"}],"wp:featuredmedia":[{"embeddable":true,"href":"https:\/\/akdenizolaygazetesi.com\/index.php?rest_route=\/wp\/v2\/media\/12695"}],"wp:attachment":[{"href":"https:\/\/akdenizolaygazetesi.com\/index.php?rest_route=%2Fwp%2Fv2%2Fmedia&parent=12694"}],"wp:term":[{"taxonomy":"category","embeddable":true,"href":"https:\/\/akdenizolaygazetesi.com\/index.php?rest_route=%2Fwp%2Fv2%2Fcategories&post=12694"},{"taxonomy":"post_tag","embeddable":true,"href":"https:\/\/akdenizolaygazetesi.com\/index.php?rest_route=%2Fwp%2Fv2%2Ftags&post=12694"}],"curies":[{"name":"wp","href":"https:\/\/api.w.org\/{rel}","templated":true}]}}