{"id":1270,"date":"2020-11-04T18:21:51","date_gmt":"2020-11-04T15:21:51","guid":{"rendered":"http:\/\/mersinekonomipolitikagazetesi.com\/?p=1270"},"modified":"2020-11-04T18:21:51","modified_gmt":"2020-11-04T15:21:51","slug":"vali-cakacak-cevre-il-ve-ilcelerden-calisma-ziyaretine-gelen-kaymakamlarla-bulustu","status":"publish","type":"post","link":"https:\/\/akdenizolaygazetesi.com\/?p=1270","title":{"rendered":"Vali \u00c7akacak, \u00e7evre il ve il\u00e7elerden \u00e7al\u0131\u015fma ziyaretine gelen kaymakamlarla bulu\u015ftu"},"content":{"rendered":"<p>\u0130\u00e7i\u015fleri Bakanl\u0131\u011f\u0131 ve Uluslararas\u0131 G\u00f6\u00e7 Politikas\u0131 Geli\u015ftirme Merkezi (ICMPD) i\u015fbirli\u011finde ger\u00e7ekle\u015ftirilen \u201cS\u0131n\u0131r Y\u00f6netiminin Yerel Seviyede \u0130dari Kapasite Art\u0131r\u0131m\u0131na Y\u00f6nelik Teknik Yard\u0131m Projesi\u201d (IBM LOC-CAP) kapsam\u0131nda, yerel \u00e7al\u0131\u015fma ziyareti i\u00e7en Mersin\u2019e gelen kaymakamlar, Vali \u00d6zdemir \u00c7akacak\u2019\u0131 ziyaret etti.<\/p>\n<p>\u0130ller \u0130daresi Genel M\u00fcd\u00fcrl\u00fc\u011f\u00fc Daire Ba\u015fkan\u0131 Mustafa Irmak, proje tak\u0131m lideri Nerjus Songaila ve 39 kaymakamdan olu\u015fan heyeti makam\u0131nda a\u011f\u0131rlayan Vali \u00c7akacak, proje kapsam\u0131nda Mersin\u2019de bulunan m\u00fclki idare amirlerini a\u011f\u0131rlamaktan duydu\u011fu memnuniyeti dile getirdi. \u00c7akacak, proje kapsam\u0131nda ger\u00e7ekle\u015ftirilen \u00e7al\u0131\u015fma ziyaretinin, m\u00fclki idare amirlerinin s\u0131n\u0131r y\u00f6netimi alan\u0131ndaki kapasitelerinin ve fark\u0131ndal\u0131klar\u0131n\u0131n art\u0131r\u0131lmas\u0131 noktas\u0131nda verimli \u00e7al\u0131\u015fmalara vesile olmas\u0131n\u0131 diledi.<br \/>\nMersin\u2019in, farkl\u0131 etnik yap\u0131dan ve inan\u00e7tan gelen insanlar\u0131n bir arada huzur i\u00e7erisinde ya\u015fad\u0131\u011f\u0131 bir bar\u0131\u015f kenti oldu\u011funu vurgulayan \u00c7akacak, kaymakamlara, ilin sahip oldu\u011fu zengin potansiyel, tar\u0131m, turizm, d\u0131\u015f ticaret, lojistik ve sanayi alanlar\u0131ndaki \u00fcretim ve \u00e7al\u0131\u015fmalar ve devam eden yat\u0131r\u0131mlarla ilgili bilgiler verdi. \u00c7akacak, turizm merkezleri, Mersin Liman\u0131, Organize Sanayi B\u00f6lgesindeki geni\u015fleme \u00e7al\u0131\u015fmalar\u0131, \u00c7ukurova B\u00f6lgesel Havaliman\u0131, Mersin-Antalya Akdeniz Sahil Yolu, Silifke-Mut-Karaman Yolu, \u00c7e\u015fmeli-Ta\u015fucu Otoban Ba\u011flant\u0131s\u0131, spor altyap\u0131s\u0131, tar\u0131msal sulama projeleri ile ilgili a\u00e7\u0131klamalar yapan \u00c7akacak, Mersin\u2019in birlik ve beraberli\u011fin en g\u00fczel \u00f6rneklerinin sergilendi\u011fi, s\u00fcrekli geli\u015fen ve de\u011fi\u015fen bir il oldu\u011funu s\u00f6yledi. Valilik ba\u015fta olmak \u00fczere t\u00fcm kamu kurum ve kurulu\u015flar\u0131n\u0131n, Ahi Evran\u2019\u0131n \u201cevin, kap\u0131n, sofran a\u00e7\u0131k olsun\u201d d\u00fcsturundan hareketle vatanda\u015flara hizmet verdi\u011fini belirten \u00c7akacak, vatanda\u015flar\u0131n 24 saat boyunca il valisine ve kaymakamlara ula\u015fabilmelerinin \u00f6nemli oldu\u011funu s\u00f6zlerine ekledi.<br \/>\n\u0130ller \u0130daresi Genel M\u00fcd\u00fcrl\u00fc\u011f\u00fc Daire Ba\u015fkan\u0131 Irmak\u2019\u0131n da proje hakk\u0131nda bilgi verdi\u011fi kabul, Vali \u00c7akacak ile heyet \u00fcyelerinin bir s\u00fcre g\u00f6r\u00fc\u015f al\u0131\u015fveri\u015finde bulunmalar\u0131n\u0131n ard\u0131ndan sona erdi.<\/p>\n","protected":false},"excerpt":{"rendered":"<p>\u0130\u00e7i\u015fleri Bakanl\u0131\u011f\u0131 ve Uluslararas\u0131 G\u00f6\u00e7 Politikas\u0131 Geli\u015ftirme Merkezi (ICMPD) i\u015fbirli\u011finde ger\u00e7ekle\u015ftirilen \u201cS\u0131n\u0131r Y\u00f6netiminin Yerel Seviyede \u0130dari Kapasite Art\u0131r\u0131m\u0131na Y\u00f6nelik Teknik Yard\u0131m Projesi\u201d (IBM LOC-CAP) kapsam\u0131nda, yerel \u00e7al\u0131\u015fma ziyareti i\u00e7en Mersin\u2019e &hellip; <a href=\"https:\/\/akdenizolaygazetesi.com\/?p=1270\" class=\"more-link\">Devam\u0131n\u0131 Oku&#8230;<\/a><\/p>\n","protected":false},"author":1,"featured_media":0,"comment_status":"open","ping_status":"open","sticky":false,"template":"","format":"standard","meta":[],"categories":[],"tags":[],"_links":{"self":[{"href":"https:\/\/akdenizolaygazetesi.com\/index.php?rest_route=\/wp\/v2\/posts\/1270"}],"collection":[{"href":"https:\/\/akdenizolaygazetesi.com\/index.php?rest_route=\/wp\/v2\/posts"}],"about":[{"href":"https:\/\/akdenizolaygazetesi.com\/index.php?rest_route=\/wp\/v2\/types\/post"}],"author":[{"embeddable":true,"href":"https:\/\/akdenizolaygazetesi.com\/index.php?rest_route=\/wp\/v2\/users\/1"}],"replies":[{"embeddable":true,"href":"https:\/\/akdenizolaygazetesi.com\/index.php?rest_route=%2Fwp%2Fv2%2Fcomments&post=1270"}],"version-history":[{"count":0,"href":"https:\/\/akdenizolaygazetesi.com\/index.php?rest_route=\/wp\/v2\/posts\/1270\/revisions"}],"wp:attachment":[{"href":"https:\/\/akdenizolaygazetesi.com\/index.php?rest_route=%2Fwp%2Fv2%2Fmedia&parent=1270"}],"wp:term":[{"taxonomy":"category","embeddable":true,"href":"https:\/\/akdenizolaygazetesi.com\/index.php?rest_route=%2Fwp%2Fv2%2Fcategories&post=1270"},{"taxonomy":"post_tag","embeddable":true,"href":"https:\/\/akdenizolaygazetesi.com\/index.php?rest_route=%2Fwp%2Fv2%2Ftags&post=1270"}],"curies":[{"name":"wp","href":"https:\/\/api.w.org\/{rel}","templated":true}]}}