{"id":12701,"date":"2021-06-04T13:10:18","date_gmt":"2021-06-04T10:10:18","guid":{"rendered":"http:\/\/akdenizolaygazetesi.com\/?p=12701"},"modified":"2021-06-04T13:10:18","modified_gmt":"2021-06-04T10:10:18","slug":"buyuksehirden-dunya-bisiklet-gununde-farkindalik-etkinligi","status":"publish","type":"post","link":"https:\/\/akdenizolaygazetesi.com\/?p=12701","title":{"rendered":"B\u00dcY\u00dcK\u015eEH\u0130R\u2019DEN \u2018D\u00dcNYA B\u0130S\u0130KLET G\u00dcN\u00dc\u2019NDE FARKINDALIK ETK\u0130NL\u0130\u011e\u0130"},"content":{"rendered":"<p>Mersin B\u00fcy\u00fck\u015fehir Belediyesi, 3 Haziran D\u00fcnya Bisiklet G\u00fcn\u00fc kapsam\u0131nda \u00e7evre dostu ve sa\u011fl\u0131kl\u0131 ula\u015f\u0131m arac\u0131 olan bisiklet kullan\u0131m\u0131n\u0131 \u00f6zendirmek amac\u0131yla fark\u0131ndal\u0131k etkinli\u011fi d\u00fczenledi. B\u00fcy\u00fck\u015fehir Belediyesi Gen\u00e7lik ve Spor Hizmetleri Dairesi koordinesinde \u2018Sa\u011fl\u0131k, Do\u011fa ve Gelecek \u0130\u00e7in Pedall\u0131yoruz\u2019 slogan\u0131yla d\u00fczenlenen bisiklet turu etkinli\u011finde Mersin kent merkezi ve Tarsus\u2019ta bisikletliler pedal \u00e7evirdi. Mersin B\u00fcy\u00fck\u015fehir Belediye Ba\u015fkan\u0131 Vahap Se\u00e7er de Tarsus\u2019taki bisiklet turuna kat\u0131larak, Mersinlilere \u2018sa\u011fl\u0131kl\u0131 ya\u015fam\u2019 mesaj\u0131 verdi.<\/p>\n<p>Ba\u015fkan Se\u00e7er\u2019e renkli kar\u015f\u0131lama<\/p>\n<p>Tarsus Kent Konseyi Bisiklet Toplulu\u011fu\u2019ndan olu\u015fan \u00e7ok say\u0131da bisikletlinin kat\u0131ld\u0131\u011f\u0131 etkinli\u011fe Ba\u015fkan Se\u00e7er de e\u015flik etti. \u0130lk olarak Tu\u011fral\u0131 Kav\u015fak\u2019ta start verilen etkinlikte bisikletliler, Cetvel K\u00f6pr\u00fcs\u00fc, Tarsus Tren Gar\u0131, K\u00fclt\u00fcr Park, Kleopatra Kap\u0131s\u0131, Bankalar Caddesi ve Cumhuriyet Meydan\u0131 boyunca belirlenen 12 kilometrelik g\u00fczergahta pedal \u00e7evirerek fark\u0131ndal\u0131k yaratt\u0131. Ba\u015fkan Se\u00e7er, bisiklet turunun biti\u015f noktas\u0131nda, gen\u00e7lerin \u2018Gelece\u011fi gen\u00e7lik se\u00e7er, yan\u0131nday\u0131z Vahap Se\u00e7er\u2019 sloganlar\u0131 e\u015fli\u011finde yakt\u0131klar\u0131 me\u015falelerle kar\u015f\u0131land\u0131.<\/p>\n<p>\u201cBisiklet konusunda fark\u0131ndal\u0131k yaratmak istiyoruz\u201d<\/p>\n<p>Ger\u00e7ekle\u015ftirilen fark\u0131ndal\u0131k etkinli\u011finin \u00f6nemine de\u011finen Ba\u015fkan Se\u00e7er, \u201cBug\u00fcn D\u00fcnya Bisiklet G\u00fcn\u00fc. \u015eu anda Mersin\u2019de de bisikletlilerimiz fark\u0131ndal\u0131k yaratmak ad\u0131na bir tur yap\u0131yorlar. Mersin\u2019de bisiklet\u00e7ilerimizle en son beraber oldu\u011fumuz tarih 19 May\u0131s\u2019t\u0131. Bug\u00fcn de burada Kent Konseyi Bisiklet Grubu ile beraber g\u00fczel bir tur att\u0131k. Bisiklet konusunda fark\u0131ndal\u0131k yaratmak istiyoruz. Bu fark\u0131ndal\u0131\u011f\u0131 mutlaka bu etkinliklerle s\u00fcslemek g\u00fczel ama asl\u0131nda alt yap\u0131s\u0131n\u0131 da yapma g\u00f6revi biliyorsunuz ki bizde\u201d dedi.<br \/>\n\u201cBisiklet Ula\u015f\u0131m Master Plan\u0131\u2019 yap\u0131yoruz\u201d<\/p>\n<p>Mersin\u2019de il\u00e7e belediyeleriyle birlikte bisikletli ya\u015fam\u0131 \u00f6zendirmek ad\u0131na \u00f6nemli \u00e7al\u0131\u015fmalar yapt\u0131klar\u0131n\u0131 vurgulayan Ba\u015fkan Se\u00e7er, kent merkezinde yap\u0131m\u0131 s\u00fcren bisiklet yolu ile ilgili bilgiler verdi. Ba\u015fkan Se\u00e7er, haz\u0131rlad\u0131klar\u0131 \u2018Bisiklet Ula\u015f\u0131m Master Plan\u0131\u2019n\u0131n da \u00f6nemine \u015fu ifadelerle de\u011findi:<\/p>\n<p>\u201cTarsus\u2019tan ba\u015fland\u0131. Onunla e\u015f g\u00fcd\u00fcml\u00fc olarak Tarsus\u2019ta hem gezi yolu hem ula\u015f\u0131m yolu \u00e7al\u0131\u015fmas\u0131 var. Yani hem turistik a\u00e7\u0131dan tarih gezisi imkan\u0131 sa\u011flamak i\u00e7in bir bisiklet g\u00fczergah\u0131 \u00e7al\u0131\u015fmas\u0131 hem de ula\u015f\u0131m i\u00e7in 30 kilometrelik bir \u00e7al\u0131\u015fma var. Proje biter bitmez hemen ba\u015flayaca\u011f\u0131z. Genel anlamda da yeni a\u00e7t\u0131\u011f\u0131m\u0131z her bulvarda, yeni revize etti\u011fimiz ve boyutlar\u0131n\u0131n uygun oldu\u011fu her noktada bisiklet yolunu art\u0131k yap\u0131yoruz. Bu art\u0131k bizim vazge\u00e7ilmez bir kural\u0131m\u0131z. Hem \u00e7evre dostu bir ula\u015f\u0131m arac\u0131.\u201d<\/p>\n<p>\u201cEn \u00f6nemli \u00e7evre dostu ula\u015f\u0131m ara\u00e7lar\u0131ndan bir tanesi bisiklet\u201d<\/p>\n<p>D\u00fcnyan\u0131n kar\u015f\u0131 kar\u015f\u0131ya kald\u0131\u011f\u0131 iklim sorununa dikkat \u00e7eken Ba\u015fkan Se\u00e7er, bu sorunla m\u00fccadelede fosil yak\u0131tlar\u0131n kullan\u0131m\u0131n\u0131n azalt\u0131lmas\u0131 gerekti\u011fine vurgu yapt\u0131. Ba\u015fkan Se\u00e7er, bisiklet gibi ya da buna benzer \u00e7evre dostu ula\u015f\u0131m ara\u00e7lar\u0131n\u0131n kullan\u0131m\u0131n\u0131n \u00f6nemsenmesi gerekti\u011fini belirterek, bisikletin sa\u011fl\u0131k a\u00e7\u0131s\u0131ndan \u00f6nemine de dikkat \u00e7ekti. Se\u00e7er, \u201cSa\u011fl\u0131kl\u0131 bir ya\u015fam insanlar\u0131n v\u00fccut ve ruh sa\u011fl\u0131\u011f\u0131 i\u00e7in \u00f6nemli. Hareketlilik Haftas\u0131\u2019nda da b\u00f6yle bir tur yapm\u0131\u015ft\u0131k. \u00d6n\u00fcm\u00fczdeki Avrupa Hareketlilik Haftas\u0131\u2019nda s\u00f6z\u00fcm\u00fcz Tarsus olsun. Tarsus\u2019ta da yapal\u0131m yine bir bisiklet turu. Tabi vatanda\u015flar\u0131n bizleri bisiklet kullan\u0131rken g\u00f6rmesi \u00f6nemli. \u00d6rnek te\u015fkil ediyor. Biz iyi i\u015fler yaparsak, iyi \u00f6rnek olursak y\u00f6netici olarak, vatanda\u015f da bizden feyz alacakt\u0131r. Ula\u015f\u0131m\u0131n her b\u00f6l\u00fcm\u00fcnde \u00e7evre dostu modeller kullanmak zorunday\u0131z. En \u00f6nemli \u00e7evre dostu ula\u015f\u0131m ara\u00e7lar\u0131ndan bir tanesi de bisiklet. Yayg\u0131nla\u015ft\u0131rmak istiyoruz\u201d diye konu\u015ftu.<\/p>\n<p>Tarsus Kent Konseyi Ba\u015fkan\u0131 Dr. Ali Cerraho\u011flu, Tarsus\u2019taki etkinlikten duyduklar\u0131 memnuniyeti dile getirerek, \u201c\u00c7ok g\u00fczel, \u00e7ok heyecanl\u0131 keyif dolu bir g\u00fcn ge\u00e7irdik. Ben Vahap Ba\u015fkan\u0131m\u0131za \u00e7ok te\u015fekk\u00fcr ediyorum. Ger\u00e7ekten biz de Tarsuslular olarak d\u00fcnyan\u0131n buldu\u011fu bu en g\u00fczel \u00e7\u00f6z\u00fcm\u00fc, bisikleti, y\u00fcr\u00fcmeyi yayg\u0131nla\u015ft\u0131rmak istiyoruz. Bunu ula\u015f\u0131mda kullanabilmek i\u00e7in. Yani sadece b\u00f6yle gezmeye e\u011flenmeye de\u011fil ama i\u015flerimize, okula, al\u0131\u015fveri\u015fe giderken bisikletle gidebilelim. As\u0131l amac\u0131m\u0131z bu. Buna hizmet ediyoruz. Toplumun kanaat \u00f6nderleri, y\u00f6neticileri, bisiklete bindi\u011fi zaman, y\u00fcr\u00fcd\u00fc\u011f\u00fc zaman bunu g\u00f6ren halk \u00e7ok etkileniyor. \u0130\u015fte Vahap Ba\u015fkan\u0131m\u0131 g\u00f6ren bir\u00e7ok ki\u015fi etkileniyor. \u00c7ok geni\u015f bir kat\u0131l\u0131m oldu\u201d dedi.<\/p>\n<p>Kent merkezinde de 12 kilometre pedal \u00e7evrildi<\/p>\n<p>Kent merkezindeki bisiklet turu ise K\u00fclt\u00fcr Park\u2019ta Amfi Tiyatro yan\u0131ndan ba\u015flad\u0131. Buradaki tura S\u00fcsl\u00fc Kad\u0131nlar Bisiklet Turu, Mersin Bisikletli Gezginler Derne\u011fi, Mersin Bisiklet Derne\u011fi, Zirve Da\u011fc\u0131l\u0131k ve Do\u011fa Sporlar\u0131 Kul\u00fcb\u00fc ile Bisikletli Ula\u015f\u0131m Derne\u011fi \u00e7at\u0131s\u0131 alt\u0131nda bulu\u015fan onlarca bisikletli kat\u0131ld\u0131. Bisikletliler kent merkezinde 12 kilometrelik g\u00fczergahta pedal \u00e7evirdi. G\u00fczergah \u00fczerindeki vatanda\u015flar da bisikletlilere el sallayarak, alk\u0131\u015flarla destek verdi. Sahil yolundaki bisiklet yolundan ilerleyen ve caddelere ta\u015f\u0131nan konvoy, son olarak Cumhuriyet Meydan\u0131\u2019nda bulu\u015fup hat\u0131ra foto\u011fraf\u0131 \u00e7ektirdi.<\/p>\n<p>\u201cBisiklet yolunun yenilenmesi ve parkurun uzamas\u0131 bizi \u00e7ok heyecanland\u0131rd\u0131\u201d<\/p>\n<p>Bisiklet turuna kat\u0131lan bisikletlilerden Beyza Berten, D\u00fcnya Bisiklet G\u00fcn\u00fc\u2019n\u00fcn \u00f6zel bir anlam ve \u00f6neme sahip oldu\u011funu belirterek, \u201cBilhassa bisiklet yolunun yenilenmesi ve parkurun uzamas\u0131 bizi \u00e7ok heyecanland\u0131rd\u0131. Mersin\u2019de 1.5 y\u0131ld\u0131r bulunuyorum. Bu bisiklet parkurunun olmas\u0131 ve bu tarz olanaklar\u0131n burada daha fazla olmas\u0131 san\u0131r\u0131m bundan sonraki s\u00fcre\u00e7te Mersin\u2019de ya\u015famak i\u00e7in tercih sebebim olacakt\u0131r. Bu tarz vizyonlar\u0131n di\u011fer t\u00fcm belediyelere de \u00f6rnek olmas\u0131n\u0131 talep ediyoruz. Vahap Ba\u015fkan\u0131m\u0131za da bu konuda sonsuz \u015f\u00fckranlar\u0131m\u0131z\u0131 iletiyoruz\u201d dedi.<\/p>\n<p>\u201cArkada\u015f\u0131ma \u2018\u00e7ok g\u00fczel bir \u015fehirde ya\u015f\u0131yoruz\u2019 dedim\u201d<\/p>\n<p>Bisikletlilerden Ebru Erting\u00fc, bisiklet turuna kat\u0131lmaktan b\u00fcy\u00fck mutluluk duydu\u011funu vurgulayarak, \u201c\u00d6zellikle Ba\u015fkan\u0131m\u0131z yolu yapt\u0131ktan sonra daha g\u00fcvenli kullanmaya ba\u015flad\u0131k. Hatta arkada\u015f\u0131ma \u2018\u00e7ok g\u00fczel bir \u015fehirde ya\u015f\u0131yoruz\u2019 dedim. Ba\u015fkan\u0131m\u0131z da sportif. B\u00f6yle etkinlikleri seviyor. Amfi Tiyatro\u2019dan ba\u015flay\u0131p \u015fehir turu yapt\u0131k ve Cumhuriyet Meydan\u0131\u2019na kadar geldik. Bu duyguyu ya\u015famak \u00e7ok g\u00fczel. \u00c7evredeki insanlar da bizim gibi mutluydu\u201d diye konu\u015ftu.<\/p>\n<p>Bisikletli Gezginler Derne\u011fi\u2019nden Levent Erensoy da D\u00fcnya Bisiklet G\u00fcn\u00fc etkinliklerine her sene kat\u0131ld\u0131klar\u0131n\u0131 vurgulayarak, \u201cBisiklet kullan\u0131m\u0131n\u0131 peki\u015ftirmek i\u00e7in yap\u0131lan \u00e7ok g\u00fczel bir etkinlik olarak g\u00f6r\u00fcyoruz. D\u00fcnya Bisiklet G\u00fcn\u00fc\u2019n\u00fc kutlamaktan keyif al\u0131yoruz\u201d ifadelerine yer verdi.<\/p>\n<p>Aile boyu bisiklet turuna kat\u0131ld\u0131lar<\/p>\n<p>Baba Mustafa Uygun ve anne M\u00fcberra Uygun da \u00e7ocuklar\u0131 Uygar\u2019la birlikte tura kat\u0131ld\u0131. Baba Uygun, \u201cUfaktan bisiklete al\u0131\u015fs\u0131n, o da bisikleti sevsin, spora bir ad\u0131m ats\u0131n diyerek ailece kat\u0131l\u0131m yapt\u0131k\u201d derken, anne Uygun ise \u201cZaten g\u00fcn boyu \u00e7ok yo\u011fun bir \u015fekilde \u00e7al\u0131\u015f\u0131yoruz. Bisiklete \u00e7\u0131kmak i\u00e7in ancak ak\u015famlar\u0131 \u015fans\u0131m\u0131z oluyor. Ben acemi olmama ra\u011fmen bisiklet yolunda \u00e7ok rahat bir \u015fekilde s\u00fcr\u00fc\u015f\u00fcm\u00fc yap\u0131yorum\u201d diye konu\u015ftu.<\/p>\n","protected":false},"excerpt":{"rendered":"<p>Mersin B\u00fcy\u00fck\u015fehir Belediyesi, 3 Haziran D\u00fcnya Bisiklet G\u00fcn\u00fc kapsam\u0131nda \u00e7evre dostu ve sa\u011fl\u0131kl\u0131 ula\u015f\u0131m arac\u0131 olan bisiklet kullan\u0131m\u0131n\u0131 \u00f6zendirmek amac\u0131yla fark\u0131ndal\u0131k etkinli\u011fi d\u00fczenledi. B\u00fcy\u00fck\u015fehir Belediyesi Gen\u00e7lik ve Spor Hizmetleri Dairesi &hellip; <a href=\"https:\/\/akdenizolaygazetesi.com\/?p=12701\" class=\"more-link\">Devam\u0131n\u0131 Oku&#8230;<\/a><\/p>\n","protected":false},"author":2,"featured_media":0,"comment_status":"open","ping_status":"open","sticky":false,"template":"","format":"standard","meta":[],"categories":[3,5,10],"tags":[],"_links":{"self":[{"href":"https:\/\/akdenizolaygazetesi.com\/index.php?rest_route=\/wp\/v2\/posts\/12701"}],"collection":[{"href":"https:\/\/akdenizolaygazetesi.com\/index.php?rest_route=\/wp\/v2\/posts"}],"about":[{"href":"https:\/\/akdenizolaygazetesi.com\/index.php?rest_route=\/wp\/v2\/types\/post"}],"author":[{"embeddable":true,"href":"https:\/\/akdenizolaygazetesi.com\/index.php?rest_route=\/wp\/v2\/users\/2"}],"replies":[{"embeddable":true,"href":"https:\/\/akdenizolaygazetesi.com\/index.php?rest_route=%2Fwp%2Fv2%2Fcomments&post=12701"}],"version-history":[{"count":1,"href":"https:\/\/akdenizolaygazetesi.com\/index.php?rest_route=\/wp\/v2\/posts\/12701\/revisions"}],"predecessor-version":[{"id":12703,"href":"https:\/\/akdenizolaygazetesi.com\/index.php?rest_route=\/wp\/v2\/posts\/12701\/revisions\/12703"}],"wp:attachment":[{"href":"https:\/\/akdenizolaygazetesi.com\/index.php?rest_route=%2Fwp%2Fv2%2Fmedia&parent=12701"}],"wp:term":[{"taxonomy":"category","embeddable":true,"href":"https:\/\/akdenizolaygazetesi.com\/index.php?rest_route=%2Fwp%2Fv2%2Fcategories&post=12701"},{"taxonomy":"post_tag","embeddable":true,"href":"https:\/\/akdenizolaygazetesi.com\/index.php?rest_route=%2Fwp%2Fv2%2Ftags&post=12701"}],"curies":[{"name":"wp","href":"https:\/\/api.w.org\/{rel}","templated":true}]}}