{"id":12704,"date":"2021-06-04T13:11:57","date_gmt":"2021-06-04T10:11:57","guid":{"rendered":"http:\/\/akdenizolaygazetesi.com\/?p=12704"},"modified":"2021-06-04T13:12:07","modified_gmt":"2021-06-04T10:12:07","slug":"seyfettin-baysal-mtosb-yonetimini-bilgilendirdi","status":"publish","type":"post","link":"https:\/\/akdenizolaygazetesi.com\/?p=12704","title":{"rendered":"Seyfettin Baysal, MTOSB y\u00f6netimini bilgilendirdi"},"content":{"rendered":"<p>Mersin Vergi Dairesi Ba\u015fkan\u0131 Seyfettin Baysal, d\u00fcn TBMM taraf\u0131ndan kabul edilen Bor\u00e7 Yap\u0131land\u0131rma Yasas\u0131 ve devletin sa\u011flad\u0131\u011f\u0131 imk\u00e2nlar ile ilgili MTOSB Y\u00f6netim Kurulu\u2019nu bilgilendirdi.<\/p>\n<p>MTOSB Ba\u015fkan\u0131 Sabri Tekli, Y\u00f6netim Kurulu \u00dcyeleri Halit Altun, Seyfetullah I\u015f\u0131k, K\u00fcr\u015fat Haddat, MTOSB B\u00f6lge M\u00fcd\u00fcr\u00fc Halil Y\u0131lmaz\u2019\u0131n bulundu\u011fu ziyaret esnas\u0131nda konu\u015fan Mersin Vergi Dairesi Ba\u015fkan\u0131 Seyfettin Baysal, \u2018Bizler yapt\u0131\u011f\u0131m\u0131z hizmetlerde birbirimizi tamamlayan unsurlar\u0131z. \u00dcreten insanlar kurumumuz i\u00e7in b\u00fcy\u00fck \u00f6nem ta\u015f\u0131yor. TBMM taraf\u0131ndan kabul edilen Bor\u00e7 Yap\u0131land\u0131rma Yasas\u0131 vergi \u00f6deyen herkes i\u00e7in b\u00fcy\u00fck \u00f6nem ta\u015f\u0131yor. Bu kanunu iyi inceleyiniz\u2019 \u015feklinde konu\u015farak kanunun sa\u011flad\u0131\u011f\u0131 avantajlar ile ilgili sanayicilerin bilgilendirmesi hususunda gere\u011finin yap\u0131lmas\u0131n\u0131 istedi.<\/p>\n<p>\u2018SONRADAN SANAY\u0130C\u0130 OLUNMAZ.!\u2019<\/p>\n<p>Mersin Tarsus Organize Sanayi B\u00f6lgesi Ba\u015fkan\u0131 Sabri Tekli ise, ziyaretten duydu\u011fu memnuniyeti dile getirerek, \u2018Bana g\u00f6re sonradan sanayici olunmuyor; sanayici do\u011fu\u015ftan olunuyor. Bir insan \u00e7ocukken bile \u00fcretime ilgi duyuyor ise sanayi tesislerinin i\u00e7erisinde b\u00fcy\u00fcyor. Biz MTOSB olarak olduk\u00e7a g\u00fc\u00e7l\u00fc bir OSB\u2019yiz. \u0130stanbul Sanayi Odas\u0131 taraf\u0131ndan yap\u0131lan \u2018T\u00fcrkiye\u2019nin Birinci 500 B\u00fcy\u00fck Sanayi Kurulu\u015fu\u2019 ara\u015ft\u0131rmas\u0131nda bu y\u0131l 10 firmam\u0131z yer ald\u0131. Firmalar\u0131m\u0131z\u0131n bir\u00e7o\u011fu bu ara\u015ft\u0131rmada ciddi basamak atlayarak \u00fcst s\u0131ralarda yer ald\u0131. Mersin sanayisi ve sanayicisi \u00fclkesi i\u00e7in \u00fczerine d\u00fc\u015fen g\u00f6revi yerine getiriyor. Bizler de MTOSB y\u00f6netim kurulu olarak \u00fczerimize d\u00fc\u015fen g\u00f6revin bilincindeyiz. \u015eu anda 4. ve 5. B\u00f6lgemizin yat\u0131r\u0131mc\u0131m\u0131z\u0131n kullan\u0131m\u0131na sunulabilmesi ad\u0131na \u00e7al\u0131\u015fmalar y\u00fcr\u00fct\u00fcyoruz. 4. B\u00f6lgede y\u00fcr\u00fctt\u00fc\u011f\u00fcm\u00fcz \u00e7al\u0131\u015fmalar\u0131n sonuna geldik. En k\u0131sa s\u00fcrede Mersin\u2019e yeni sanayi alanlar\u0131 kazand\u0131raca\u011f\u0131z. Sanayi alanlar\u0131 artt\u0131k\u00e7a \u00fcretim, istihdam ve ihracat rakamlar\u0131; tabi bununla birlikte de vergi oran\u0131m\u0131z da artacakt\u0131r\u2019 dedi.<\/p>\n","protected":false},"excerpt":{"rendered":"<p>Mersin Vergi Dairesi Ba\u015fkan\u0131 Seyfettin Baysal, d\u00fcn TBMM taraf\u0131ndan kabul edilen Bor\u00e7 Yap\u0131land\u0131rma Yasas\u0131 ve devletin sa\u011flad\u0131\u011f\u0131 imk\u00e2nlar ile ilgili MTOSB Y\u00f6netim Kurulu\u2019nu bilgilendirdi. MTOSB Ba\u015fkan\u0131 Sabri Tekli, Y\u00f6netim Kurulu &hellip; <a href=\"https:\/\/akdenizolaygazetesi.com\/?p=12704\" class=\"more-link\">Devam\u0131n\u0131 Oku&#8230;<\/a><\/p>\n","protected":false},"author":2,"featured_media":12705,"comment_status":"open","ping_status":"open","sticky":false,"template":"","format":"standard","meta":[],"categories":[8,3],"tags":[],"_links":{"self":[{"href":"https:\/\/akdenizolaygazetesi.com\/index.php?rest_route=\/wp\/v2\/posts\/12704"}],"collection":[{"href":"https:\/\/akdenizolaygazetesi.com\/index.php?rest_route=\/wp\/v2\/posts"}],"about":[{"href":"https:\/\/akdenizolaygazetesi.com\/index.php?rest_route=\/wp\/v2\/types\/post"}],"author":[{"embeddable":true,"href":"https:\/\/akdenizolaygazetesi.com\/index.php?rest_route=\/wp\/v2\/users\/2"}],"replies":[{"embeddable":true,"href":"https:\/\/akdenizolaygazetesi.com\/index.php?rest_route=%2Fwp%2Fv2%2Fcomments&post=12704"}],"version-history":[{"count":2,"href":"https:\/\/akdenizolaygazetesi.com\/index.php?rest_route=\/wp\/v2\/posts\/12704\/revisions"}],"predecessor-version":[{"id":12707,"href":"https:\/\/akdenizolaygazetesi.com\/index.php?rest_route=\/wp\/v2\/posts\/12704\/revisions\/12707"}],"wp:featuredmedia":[{"embeddable":true,"href":"https:\/\/akdenizolaygazetesi.com\/index.php?rest_route=\/wp\/v2\/media\/12705"}],"wp:attachment":[{"href":"https:\/\/akdenizolaygazetesi.com\/index.php?rest_route=%2Fwp%2Fv2%2Fmedia&parent=12704"}],"wp:term":[{"taxonomy":"category","embeddable":true,"href":"https:\/\/akdenizolaygazetesi.com\/index.php?rest_route=%2Fwp%2Fv2%2Fcategories&post=12704"},{"taxonomy":"post_tag","embeddable":true,"href":"https:\/\/akdenizolaygazetesi.com\/index.php?rest_route=%2Fwp%2Fv2%2Ftags&post=12704"}],"curies":[{"name":"wp","href":"https:\/\/api.w.org\/{rel}","templated":true}]}}