{"id":12708,"date":"2021-06-04T13:14:43","date_gmt":"2021-06-04T10:14:43","guid":{"rendered":"http:\/\/akdenizolaygazetesi.com\/?p=12708"},"modified":"2021-06-04T13:14:54","modified_gmt":"2021-06-04T10:14:54","slug":"baskan-mustafa-gultak-kentsel-donusumun-onemine-deginerek-muhalefete-seslendi","status":"publish","type":"post","link":"https:\/\/akdenizolaygazetesi.com\/?p=12708","title":{"rendered":"Ba\u015fkan Mustafa G\u00fcltak, kentsel d\u00f6n\u00fc\u015f\u00fcm\u00fcn \u00f6nemine de\u011finerek muhalefete seslendi"},"content":{"rendered":"<p>Akdeniz Belediye Meclisi Haziran ay\u0131 ikinci birle\u015fiminde konu\u015fan Ba\u015fkan M. Mustafa G\u00fcltak, baz\u0131 meclis \u00fcyelerinin \u00e7evre konular\u0131 \u00fczerine yapt\u0131\u011f\u0131 konu\u015fmalara istinaden, &#8220;Akdeniz g\u00f6z\u00fcn\u00fcz\u00fcn \u00f6n\u00fcnde erimi\u015f; betonla\u015fm\u0131\u015f. Ka\u00e7ak yap\u0131larla kar\u015f\u0131 kar\u015f\u0131ya kalm\u0131\u015f. Park\u0131, spor tesisi olmam\u0131\u015f. Bunlar sizin g\u00f6z\u00fcn\u00fcz\u00fcn \u00f6n\u00fcnde olmu\u015f. Bunlara kar\u015f\u0131 \u00e7\u0131kmad\u0131\u011f\u0131n\u0131z gibi onay da vermi\u015fsiniz. Bu ka\u00e7ak yap\u0131lar yap\u0131l\u0131rken niye m\u00fcdahale etmediniz? Hadi gelin kentsel d\u00f6n\u00fc\u015f\u00fcm, yerinde d\u00f6n\u00fc\u015f\u00fcm yapal\u0131m. Destek verecek misiniz? Akdeniz&#8217;de \u00e7evreci, do\u011fac\u0131, modern bir yap\u0131n\u0131n olu\u015fmas\u0131na izin veriyor musunuz?&#8221; dedi.<br \/>\nAkdeniz Belediye Meclisi Haziran ay\u0131 ikinci birle\u015fimini, Mustafa G\u00fcltak Ba\u015fkanl\u0131\u011f\u0131\u2019nda, belediye konferans salonunda ger\u00e7ekle\u015ftirdi. Meclis toplant\u0131s\u0131, yoklama ile ba\u015flay\u0131p, Sayg\u0131 Duru\u015fu ve \u0130stiklal Mar\u015f\u0131n\u0131n okunmas\u0131 ile s\u00fcrd\u00fc, ard\u0131ndan bir \u00f6nceki birle\u015fim tutanak \u00f6zeti kabul edildi. Meclis\u2019te, \u20185 Haziran D\u00fcnya \u00c7evre G\u00fcn\u00fc\u2019 nedeniyle \u00e7evrenin \u00f6nemine ili\u015fkin bir video yay\u0131nlayan Ba\u015fkan G\u00fcltak, ekolojinin \u00f6nemine vurgu yapt\u0131.<br \/>\nNusratiye Mahallesi, 953 ada, 40 ve 41 say\u0131l\u0131 parseller \u00fczerinde bulunan \u0130mar, \u00c7evre, Gen\u00e7lik Spor ve Sa\u011fl\u0131k, E\u011fitim ve K\u00fclt\u00fcr ile \u00c7ocuk ve Engelli Haklar\u0131 komisyonu raporlar\u0131 oy \u00e7oklu\u011fuyla reddedildi. Meclis\u2019te, ilgili yasa gere\u011fi, Tar\u0131msal Hizmetler M\u00fcd\u00fcr\u00fc kadrosu ihdas\u0131 i\u00e7in d\u00fczenlenen 1 say\u0131l\u0131 kadro ihdas\u0131 cetveli ile ilgili komisyon raporlar\u0131 da oybirli\u011fi ile kabul edilirken, toplant\u0131da, Bah\u00e7e ve Bar\u0131\u015f Mahalleleri Kentsel D\u00f6n\u00fc\u015f\u00fcm ve Geli\u015fim Proje Alan\u0131 1. B\u00f6lge, 1. Etap 1\/1000 \u00d6l\u00e7ekli Uygulama \u0130mar Plan\u0131 ile ilgili teklif ve komisyonlardan gelen raporlar da \u00fcyelerin oybirli\u011fi ile Meclis\u2019ten ge\u00e7ti. \u00d6te yandan \u00dc\u00e7ocak Mahallesi \u00dcmit Ya\u015far O\u011fuzcan Park\u0131 i\u00e7erisinde bulunan binan\u0131n Mersin Gazeteciler Cemiyeti&#8217;ne tahsisi i\u00e7in Ba\u015fkan G\u00fcltak\u2019a yetki verilmesi ile ilgili komisyon raporlar\u0131 da meclis \u00fcyelerinin oybirli\u011fi ile kabul edildi.<br \/>\nBa\u015fkan G\u00fcltak; &#8220;Akdeniz 25 y\u0131l i\u00e7inde g\u00f6z\u00fcn\u00fcz\u00fcn \u00f6n\u00fcnde erimi\u015f&#8221;<br \/>\nTemenni ve \u00f6neriler b\u00f6l\u00fcm\u00fcnde s\u00f6z alan Meclis \u00fcyeleri de 5 Haziran D\u00fcnya \u00c7evre G\u00fcn\u00fc\u2019n\u00fcn \u00f6nem ve anlam\u0131 \u00fczerine konu\u015fmalar yapt\u0131. Konu\u015fmalar\u0131n ard\u0131ndan s\u00f6z alan Ba\u015fkan Mustafa G\u00fcltak, baz\u0131 meclis \u00fcyelerinin ele\u015ftirel yakla\u015f\u0131mlar\u0131na ge\u00e7mi\u015f d\u00f6nemdeki y\u00f6netimlere at\u0131fta bulunarak yan\u0131t verdi. Ba\u015fkan G\u00fcltak, &#8220;Y\u0131llarca Akdeniz Belediyesi&#8217;nde betonla\u015fmay\u0131 kim yapt\u0131? Biz mi yapt\u0131k? Bu parklar\u0131n yap\u0131lmamas\u0131na, ye\u015fil alanlar\u0131n yap\u0131lmamas\u0131na kim g\u00f6z yumdu? Akdeniz 25 y\u0131l i\u00e7inde g\u00f6z\u00fcn\u00fcz\u00fcn \u00f6n\u00fcnde erimi\u015f. Betonla\u015fm\u0131\u015f. Ka\u00e7ak yap\u0131larla kar\u015f\u0131 kar\u015f\u0131ya kalm\u0131\u015f. Park\u0131, spor tesisi olmam\u0131\u015f. Bunlar sizin g\u00f6z\u00fcn\u00fcz\u00fcn \u00f6n\u00fcnde olmu\u015f. Bunlara kar\u015f\u0131 \u00e7\u0131kmad\u0131\u011f\u0131n\u0131z gibi onay da vermi\u015fsiniz. Hangi \u00e7evreden bahsediyorsunuz? Bu ka\u00e7ak yap\u0131lar yap\u0131l\u0131rken niye m\u00fcdahale etmediniz? Neden bu kentle\u015fmenin bu kadar \u00e7arp\u0131k olmas\u0131na izin verdiniz?&#8221; ifadelerini kulland\u0131.<\/p>\n<p>&#8220;Akdeniz&#8217;de modern bir yap\u0131n\u0131n olu\u015fmas\u0131na izin veriyor musunuz?&#8221;<br \/>\nBug\u00fcn Akdeniz il\u00e7e s\u0131n\u0131rlar\u0131 i\u00e7erisindeki \u00e7arp\u0131k kentle\u015fmeden \u00f6t\u00fcr\u00fc, park dahi yapamad\u0131klar\u0131ndan duydu\u011fu memnuniyetsizli\u011fi dile getiren Ba\u015fkan G\u00fcltak, &#8220;Ekolojiye destek olam\u0131yoruz. Gelin kentsel d\u00f6n\u00fc\u015f\u00fcm, yerinde d\u00f6n\u00fc\u015f\u00fcm yapal\u0131m. C\u0131v\u0131l c\u0131v\u0131l olsun her taraf. A\u011fa\u00e7lar ekelim. O a\u011fa\u00e7lar\u0131n \u00fczerine ku\u015flar yuva yaps\u0131n. \u00c7ocuklar\u0131m\u0131z do\u011fayla bulu\u015fsun. Hadi gelin. Destek verecek misiniz? Akdeniz&#8217;de \u00e7evreci, do\u011fac\u0131, modern bir yap\u0131n\u0131n olu\u015fmas\u0131na izin veriyor musunuz? Yar\u0131ndan itibaren ba\u015flayal\u0131m. Bu konuda \u00e7\u00f6z\u00fcm \u00f6nerisi de getirmiyorsunuz. Bu insanlara, onlar\u0131n \u00e7ocuklar\u0131na yaz\u0131k ediyorsunuz&#8221; diye konu\u015ftu.<br \/>\nBir sonraki Akdeniz Belediye Meclis Toplant\u0131s\u0131, 5 Temmuz 2021 Pazartesi g\u00fcn\u00fc saat 10:00\u2019da yap\u0131lacak.<\/p>\n","protected":false},"excerpt":{"rendered":"<p>Akdeniz Belediye Meclisi Haziran ay\u0131 ikinci birle\u015fiminde konu\u015fan Ba\u015fkan M. Mustafa G\u00fcltak, baz\u0131 meclis \u00fcyelerinin \u00e7evre konular\u0131 \u00fczerine yapt\u0131\u011f\u0131 konu\u015fmalara istinaden, &#8220;Akdeniz g\u00f6z\u00fcn\u00fcz\u00fcn \u00f6n\u00fcnde erimi\u015f; betonla\u015fm\u0131\u015f. Ka\u00e7ak yap\u0131larla kar\u015f\u0131 kar\u015f\u0131ya &hellip; <a href=\"https:\/\/akdenizolaygazetesi.com\/?p=12708\" class=\"more-link\">Devam\u0131n\u0131 Oku&#8230;<\/a><\/p>\n","protected":false},"author":2,"featured_media":12709,"comment_status":"open","ping_status":"open","sticky":false,"template":"","format":"standard","meta":[],"categories":[8,3,5],"tags":[],"_links":{"self":[{"href":"https:\/\/akdenizolaygazetesi.com\/index.php?rest_route=\/wp\/v2\/posts\/12708"}],"collection":[{"href":"https:\/\/akdenizolaygazetesi.com\/index.php?rest_route=\/wp\/v2\/posts"}],"about":[{"href":"https:\/\/akdenizolaygazetesi.com\/index.php?rest_route=\/wp\/v2\/types\/post"}],"author":[{"embeddable":true,"href":"https:\/\/akdenizolaygazetesi.com\/index.php?rest_route=\/wp\/v2\/users\/2"}],"replies":[{"embeddable":true,"href":"https:\/\/akdenizolaygazetesi.com\/index.php?rest_route=%2Fwp%2Fv2%2Fcomments&post=12708"}],"version-history":[{"count":2,"href":"https:\/\/akdenizolaygazetesi.com\/index.php?rest_route=\/wp\/v2\/posts\/12708\/revisions"}],"predecessor-version":[{"id":12711,"href":"https:\/\/akdenizolaygazetesi.com\/index.php?rest_route=\/wp\/v2\/posts\/12708\/revisions\/12711"}],"wp:featuredmedia":[{"embeddable":true,"href":"https:\/\/akdenizolaygazetesi.com\/index.php?rest_route=\/wp\/v2\/media\/12709"}],"wp:attachment":[{"href":"https:\/\/akdenizolaygazetesi.com\/index.php?rest_route=%2Fwp%2Fv2%2Fmedia&parent=12708"}],"wp:term":[{"taxonomy":"category","embeddable":true,"href":"https:\/\/akdenizolaygazetesi.com\/index.php?rest_route=%2Fwp%2Fv2%2Fcategories&post=12708"},{"taxonomy":"post_tag","embeddable":true,"href":"https:\/\/akdenizolaygazetesi.com\/index.php?rest_route=%2Fwp%2Fv2%2Ftags&post=12708"}],"curies":[{"name":"wp","href":"https:\/\/api.w.org\/{rel}","templated":true}]}}