{"id":1271,"date":"2020-11-04T18:21:51","date_gmt":"2020-11-04T15:21:51","guid":{"rendered":"http:\/\/mersinekonomipolitikagazetesi.com\/?p=1271"},"modified":"2020-11-04T18:21:51","modified_gmt":"2020-11-04T15:21:51","slug":"onlem-al-guvende-kal-projesi-hayata-gecti","status":"publish","type":"post","link":"https:\/\/akdenizolaygazetesi.com\/?p=1271","title":{"rendered":"&#8216;\u00d6nlem Al, G\u00fcvende Kal&#8217; projesi hayata ge\u00e7ti"},"content":{"rendered":"<p>Mersin \u0130l Emniyet M\u00fcd\u00fcrl\u00fc\u011f\u00fc&#8217;ne ba\u011fl\u0131 Toplum Destekli Polislik \u015eube M\u00fcd\u00fcrl\u00fc\u011f\u00fc&#8217;n\u00fcn AFAD ve K\u0131z\u0131lay ile ortakla\u015fa haz\u0131rlad\u0131\u011f\u0131 &#8216;\u00d6nlem Al, G\u00fcvende Kal&#8217; projesi hayata ge\u00e7ti.<\/p>\n<p>\u0130l Emniyet M\u00fcd\u00fcrl\u00fc\u011f\u00fc&#8217;nden yap\u0131lan yaz\u0131l\u0131 a\u00e7\u0131klamaya g\u00f6re, Toplum Destekli Polislik \u015eube M\u00fcd\u00fcrl\u00fc\u011f\u00fc il merkezi ve il\u00e7elerdeki 21 ortaokulda 10-14 ya\u015flar\u0131ndaki \u00f6\u011frencilere y\u00f6nelik, AFAD ve K\u0131z\u0131lay&#8217;\u0131n da deste\u011fiyle asayi\u015f, g\u00fcvenlik, sosyal sorumluluk bilinci, afetlerde do\u011fru davran\u0131\u015f \u015fekilleri, uygulamalar\u0131 ve zarar azaltma k\u00fclt\u00fcr\u00fcn\u00fc olu\u015fturma konular\u0131nda e\u011fitim vermeye ba\u015flad\u0131. Proje ba\u015flad\u0131\u011f\u0131 g\u00fcnden bug\u00fcne kadar 3 bin 603 \u00f6\u011frenciye e\u011fitim verilirken, e\u011fitimler kapsam\u0131nda 14 bin 400 bilgilendirme bro\u015f\u00fcr\u00fc da\u011f\u0131t\u0131ld\u0131.<\/p>\n","protected":false},"excerpt":{"rendered":"<p>Mersin \u0130l Emniyet M\u00fcd\u00fcrl\u00fc\u011f\u00fc&#8217;ne ba\u011fl\u0131 Toplum Destekli Polislik \u015eube M\u00fcd\u00fcrl\u00fc\u011f\u00fc&#8217;n\u00fcn AFAD ve K\u0131z\u0131lay ile ortakla\u015fa haz\u0131rlad\u0131\u011f\u0131 &#8216;\u00d6nlem Al, G\u00fcvende Kal&#8217; projesi hayata ge\u00e7ti. \u0130l Emniyet M\u00fcd\u00fcrl\u00fc\u011f\u00fc&#8217;nden yap\u0131lan yaz\u0131l\u0131 a\u00e7\u0131klamaya g\u00f6re, &hellip; <a href=\"https:\/\/akdenizolaygazetesi.com\/?p=1271\" class=\"more-link\">Devam\u0131n\u0131 Oku&#8230;<\/a><\/p>\n","protected":false},"author":1,"featured_media":0,"comment_status":"open","ping_status":"open","sticky":false,"template":"","format":"standard","meta":[],"categories":[],"tags":[],"_links":{"self":[{"href":"https:\/\/akdenizolaygazetesi.com\/index.php?rest_route=\/wp\/v2\/posts\/1271"}],"collection":[{"href":"https:\/\/akdenizolaygazetesi.com\/index.php?rest_route=\/wp\/v2\/posts"}],"about":[{"href":"https:\/\/akdenizolaygazetesi.com\/index.php?rest_route=\/wp\/v2\/types\/post"}],"author":[{"embeddable":true,"href":"https:\/\/akdenizolaygazetesi.com\/index.php?rest_route=\/wp\/v2\/users\/1"}],"replies":[{"embeddable":true,"href":"https:\/\/akdenizolaygazetesi.com\/index.php?rest_route=%2Fwp%2Fv2%2Fcomments&post=1271"}],"version-history":[{"count":0,"href":"https:\/\/akdenizolaygazetesi.com\/index.php?rest_route=\/wp\/v2\/posts\/1271\/revisions"}],"wp:attachment":[{"href":"https:\/\/akdenizolaygazetesi.com\/index.php?rest_route=%2Fwp%2Fv2%2Fmedia&parent=1271"}],"wp:term":[{"taxonomy":"category","embeddable":true,"href":"https:\/\/akdenizolaygazetesi.com\/index.php?rest_route=%2Fwp%2Fv2%2Fcategories&post=1271"},{"taxonomy":"post_tag","embeddable":true,"href":"https:\/\/akdenizolaygazetesi.com\/index.php?rest_route=%2Fwp%2Fv2%2Ftags&post=1271"}],"curies":[{"name":"wp","href":"https:\/\/api.w.org\/{rel}","templated":true}]}}