{"id":12719,"date":"2021-06-05T17:21:37","date_gmt":"2021-06-05T14:21:37","guid":{"rendered":"http:\/\/akdenizolaygazetesi.com\/?p=12719"},"modified":"2021-06-05T17:21:42","modified_gmt":"2021-06-05T14:21:42","slug":"roman-havalari-silifkenin-cadde-ve-sokaklarini-sardi-muzik-sesleri-silifkeye-renk-katti","status":"publish","type":"post","link":"https:\/\/akdenizolaygazetesi.com\/?p=12719","title":{"rendered":"ROMAN HAVALARI S\u0130L\u0130FKE\u2019N\u0130N CADDE VE SOKAKLARINI SARDI; M\u00dcZ\u0130K SESLER\u0130 S\u0130L\u0130FKE\u2019YE RENK KATTI"},"content":{"rendered":"<p>Mersin B\u00fcy\u00fck\u015fehir Belediyesi, ge\u00e7imini m\u00fczikle sa\u011flayan ve pandemi s\u00fcrecinde zor g\u00fcnler ya\u015fayan sanat\u00e7\u0131lara yeni normalle\u015fme d\u00f6neminde de destek olmaya devam ediyor. M\u00fczik hi\u00e7 susmas\u0131n diye sanat\u00e7\u0131lara destek sa\u011flamay\u0131 s\u00fcrd\u00fcren B\u00fcy\u00fck\u015fehir, son olarak Silifkeli 75 Roman m\u00fczisyene destek verdi.<\/p>\n<p>B\u00fcy\u00fck\u015fehir Belediyesi K\u00fclt\u00fcr ve Sosyal \u0130\u015fler Dairesi taraf\u0131ndan d\u00fczenlenen etkinlikler sayesinde Roman m\u00fczisyenler, hem bu d\u00f6nemde uzak kalmak zorunda kald\u0131klar\u0131 \u015fark\u0131larla bulu\u015fman\u0131n keyfini ya\u015f\u0131yor hem de verilen destekle rahat bir nefes al\u0131yor.<\/p>\n<p>Silifke\u2019nin d\u00f6rt bir yan\u0131ndan m\u00fczik sesleri y\u00fckseldi<\/p>\n<p>\u00dcst\u00fc a\u00e7\u0131k otob\u00fcste enstr\u00fcmanlar\u0131n\u0131 \u00e7alan ve \u015fark\u0131lar s\u00f6yleyen Roman sanat\u00e7\u0131lar, m\u00fczikleri ile Silifkelilerin evine konuk olup, kenti dola\u015ft\u0131. M\u00fczisyenler; darbuka, keman, klarnet ve davullar\u0131 ile Silifkelilere m\u00fczik ziyafeti sunarken, vatanda\u015flar da balkonlar\u0131ndan, pencerelerinden, i\u015f yerlerinden ve sokaklardan bu e\u011flenceye ortak oldu.<\/p>\n<p>CHP Silifke \u0130l\u00e7e Ba\u015fkan\u0131 B\u00fcnyamin U\u00e7ar ile \u0130Y\u0130 Parti Silifke \u0130l\u00e7e Ba\u015fkan\u0131 Avukat Medine G\u00fcrb\u00fcz \u0130slim de \u00fcst\u00fc a\u00e7\u0131k otob\u00fcsle ve ellerinde T\u00fcrk Bayraklar\u0131 ile vatanda\u015flar\u0131 selamlay\u0131p, Mersin B\u00fcy\u00fck\u015fehir Belediye Ba\u015fkan\u0131 Vahap Se\u00e7er\u2019in selam\u0131n\u0131 iletti. \u00dcst\u00fc a\u00e7\u0131k otob\u00fcste verilen konserde anons ile de s\u0131k s\u0131k Ba\u015fkan Se\u00e7er\u2019in selam\u0131 vatanda\u015flara iletildi.  Konser s\u0131ras\u0131nda arac\u0131n durdu\u011fu noktalarda da \u00e7ocuklara oyuncak ve G\u00fclnar ku\u015f \u00fcz\u00fcm\u00fc da\u011f\u0131t\u0131ld\u0131.<\/p>\n<p>\u201cGer\u00e7ek kursakta kald\u0131 art\u0131k\u201d<\/p>\n<p>Roman m\u00fczisyenlerden \u0130zzet Pek\u00e7elik, pandemi d\u00f6neminde ya\u015fad\u0131klar\u0131 zorluklar\u0131 anlat\u0131rken, kendilerine verilen destekten \u00f6t\u00fcr\u00fc Ba\u015fkan Se\u00e7er\u2019e ve eme\u011fi ge\u00e7enlere te\u015fekk\u00fcrlerini iletti. Pek\u00e7elik, \u201cBu durum siyaset durumu de\u011fil, bu durum hepimizin durumu. K\u00fc\u00e7\u00fck, ya\u015fl\u0131 herkesi kaybettik bu durumda. Ayn\u0131 zamanda bu sekt\u00f6rde ekmek yiyen ufaktan b\u00fcy\u00fc\u011fe kadar, b\u00fcy\u00fck sanat\u00e7\u0131dan k\u00fc\u00e7\u00fck sanat\u00e7\u0131ya kadar herkes ma\u011fdur durumda oldu\u011fu i\u00e7in bir zerre kadar da bu katk\u0131y\u0131 bize sa\u011flayan, eme\u011fi ge\u00e7en herkese \u00e7ok te\u015fekk\u00fcr ediyoruz. \u0130n\u015fallah ileriki senelerde daha iyi durumlara gelebiliriz. Ger\u00e7ekten zor durumday\u0131z. Yeri geldi intihar giri\u015fiminde bulunan arkada\u015flar\u0131m\u0131z oldu. Yeri geldi bor\u00e7 olay\u0131ndan dolay\u0131 \u00e7ocuklar\u0131n\u0131n hi\u00e7bir masraf\u0131n\u0131 kar\u015f\u0131layamayan insanlar oldu. Ger\u00e7ek kursakta kald\u0131 art\u0131k. Ortam d\u00fczelsin, pandemi bitsin istiyoruz. Herkesin i\u015fi g\u00fcc\u00fc rast gelsin diyoruz\u201d dedi.<\/p>\n<p>\u201cPandemi d\u00f6neminde hi\u00e7 iyi \u015feyler ya\u015famad\u0131k. \u00c7ok k\u00f6t\u00fc zamanlar\u0131m\u0131z ge\u00e7ti\u201d<\/p>\n<p>Silifke\u2019de m\u00fczisyenlik yapan, evli ve bir \u00e7ocuk babas\u0131 Emre Kaya, piyanist \u015fant\u00f6rl\u00fck yapt\u0131\u011f\u0131n\u0131, pandemi d\u00f6neminden \u00f6nce m\u00fczikle para kazand\u0131\u011f\u0131n\u0131 s\u00f6yledi. Kaya, \u201cMersin B\u00fcy\u00fck\u015fehir Belediye Ba\u015fkan\u0131m\u0131z Vahap Se\u00e7er\u2019e \u00e7ok te\u015fekk\u00fcr ediyoruz b\u00f6yle bir imk\u00e2n\u0131 bize sundu\u011fu i\u00e7in. Bu i\u015fe vesile olan, bu i\u015flere g\u00f6n\u00fcl veren ne kadar insan varsa hepsinden Allah raz\u0131 olsun. Bug\u00fcnlerde bizimle beraber oldular. \u0130n\u015fallah b\u00f6yle destekler devam etsin. Biz bunu temenni ediyoruz \u015fu anda. Pandemi d\u00f6neminde hi\u00e7 iyi \u015feyler ya\u015famad\u0131k. \u00c7ok k\u00f6t\u00fc zamanlar\u0131m\u0131z ge\u00e7ti. \u015eu anda hala ge\u00e7iyordu, Allah raz\u0131 olsun bir nebze de olsa i\u00e7imizi rahatlatt\u0131 de\u011ferli Vahap Se\u00e7er Ba\u015fkan\u0131m\u0131z. \u0130n\u015fallah bundan sonra iyi olur diyoruz. 1.5 seneden beri d\u00fc\u011f\u00fcne gitmiyoruz, i\u015fe gitmiyoruz, hi\u00e7bir \u015fekilde kazanc\u0131m\u0131z yok. \u0130n\u015fallah bundan sonra daha g\u00fczel g\u00fcnler olacak, her \u015fey g\u00fczel olacak\u201d diye konu\u015ftu.<\/p>\n<p>Vatanda\u015flar verilen konserden memnun<\/p>\n<p>Silifkeli yurtta\u015flardan Mevci Uyar, verilen konserin \u00e7ok g\u00fczel oldu\u011funu ifade ederken, \u201c\u00c7ok g\u00fczel oldu bu i\u015f. B\u00fcy\u00fck\u015fehir Belediye Ba\u015fkan\u0131m\u0131za \u00e7ok te\u015fekk\u00fcr ediyoruz. \u00c7ok memnunuz\u201d dedi. Sevgi Onar\u0131c\u0131 ise zor zamanlarda m\u00fczisyenlere destek a\u00e7\u0131s\u0131ndan g\u00fczel bir etkinlik oldu\u011funu dile getirirken, \u201cB\u00fct\u00fcn insanlar zor durumda. Ba\u015fta \u00f6\u011frencilerimiz \u00e7ok k\u00f6t\u00fc durumda, sanat\u00e7\u0131lar\u0131m\u0131z, \u00f6\u011fretmenler zor durumda. \u0130n\u015fallah bir an \u00f6nce bundan kurtulaca\u011f\u0131z\u201d dedi.<\/p>\n<p>Pandemi dolay\u0131s\u0131yla i\u015f yeri kapal\u0131 olan Hasan Bal verilen konserle ilgili, \u201cMek\u00e2nlar\u0131m\u0131z kapal\u0131 oldu\u011fu i\u00e7in, 14-15 ayd\u0131r m\u00fczisyenlerimiz \u00e7al\u0131\u015fam\u0131yor, i\u015f yapam\u0131yor. Mersin B\u00fcy\u00fck\u015fehir Belediye Ba\u015fkan\u0131m\u0131z Vahap Se\u00e7er\u2019e b\u00f6yle bir d\u00fczenleme ve destek yapt\u0131\u011f\u0131 i\u00e7in te\u015fekk\u00fcr ediyoruz\u201d diye konu\u015ftu.<\/p>\n<p>Muhsin \u00d6zcan, \u201c\u0130nsan i\u00e7in yap\u0131lan her \u015fey g\u00fczel. Vahap Se\u00e7er de \u00e7al\u0131\u015f\u0131yor zaten. Memnunuz kendisinden\u201d dedi. Enes Arda T\u00f6sten ise Silifke\u2019de yap\u0131lan etkinlikten dolay\u0131 Ba\u015fkan Se\u00e7er\u2019e te\u015fekk\u00fcr ederken, \u201c\u00c7ok e\u011fleniyoruz. Buradan Ba\u015fkan\u0131m\u0131za selamlar, sevgilerimi iletiyorum\u201d diyerek duygular\u0131n\u0131 ifade etti.<\/p>\n","protected":false},"excerpt":{"rendered":"<p>Mersin B\u00fcy\u00fck\u015fehir Belediyesi, ge\u00e7imini m\u00fczikle sa\u011flayan ve pandemi s\u00fcrecinde zor g\u00fcnler ya\u015fayan sanat\u00e7\u0131lara yeni normalle\u015fme d\u00f6neminde de destek olmaya devam ediyor. M\u00fczik hi\u00e7 susmas\u0131n diye sanat\u00e7\u0131lara destek sa\u011flamay\u0131 s\u00fcrd\u00fcren B\u00fcy\u00fck\u015fehir, &hellip; <a href=\"https:\/\/akdenizolaygazetesi.com\/?p=12719\" class=\"more-link\">Devam\u0131n\u0131 Oku&#8230;<\/a><\/p>\n","protected":false},"author":2,"featured_media":12720,"comment_status":"open","ping_status":"open","sticky":false,"template":"","format":"standard","meta":[],"categories":[3,5],"tags":[],"_links":{"self":[{"href":"https:\/\/akdenizolaygazetesi.com\/index.php?rest_route=\/wp\/v2\/posts\/12719"}],"collection":[{"href":"https:\/\/akdenizolaygazetesi.com\/index.php?rest_route=\/wp\/v2\/posts"}],"about":[{"href":"https:\/\/akdenizolaygazetesi.com\/index.php?rest_route=\/wp\/v2\/types\/post"}],"author":[{"embeddable":true,"href":"https:\/\/akdenizolaygazetesi.com\/index.php?rest_route=\/wp\/v2\/users\/2"}],"replies":[{"embeddable":true,"href":"https:\/\/akdenizolaygazetesi.com\/index.php?rest_route=%2Fwp%2Fv2%2Fcomments&post=12719"}],"version-history":[{"count":1,"href":"https:\/\/akdenizolaygazetesi.com\/index.php?rest_route=\/wp\/v2\/posts\/12719\/revisions"}],"predecessor-version":[{"id":12721,"href":"https:\/\/akdenizolaygazetesi.com\/index.php?rest_route=\/wp\/v2\/posts\/12719\/revisions\/12721"}],"wp:featuredmedia":[{"embeddable":true,"href":"https:\/\/akdenizolaygazetesi.com\/index.php?rest_route=\/wp\/v2\/media\/12720"}],"wp:attachment":[{"href":"https:\/\/akdenizolaygazetesi.com\/index.php?rest_route=%2Fwp%2Fv2%2Fmedia&parent=12719"}],"wp:term":[{"taxonomy":"category","embeddable":true,"href":"https:\/\/akdenizolaygazetesi.com\/index.php?rest_route=%2Fwp%2Fv2%2Fcategories&post=12719"},{"taxonomy":"post_tag","embeddable":true,"href":"https:\/\/akdenizolaygazetesi.com\/index.php?rest_route=%2Fwp%2Fv2%2Ftags&post=12719"}],"curies":[{"name":"wp","href":"https:\/\/api.w.org\/{rel}","templated":true}]}}