{"id":1272,"date":"2020-11-04T18:21:51","date_gmt":"2020-11-04T15:21:51","guid":{"rendered":"http:\/\/mersinekonomipolitikagazetesi.com\/?p=1272"},"modified":"2020-11-04T18:21:51","modified_gmt":"2020-11-04T15:21:51","slug":"mersinde179-hektar-alanda-dikili-306-bin-kizilcam-fidanina-bakim-yapiliyor","status":"publish","type":"post","link":"https:\/\/akdenizolaygazetesi.com\/?p=1272","title":{"rendered":"Mersin\u2019de179 hektar alanda dikili 306 bin k\u0131z\u0131l\u00e7am fidan\u0131na bak\u0131m yap\u0131l\u0131yor"},"content":{"rendered":"<p>Mersin Orman B\u00f6lge M\u00fcd\u00fcrl\u00fc\u011f\u00fc Mersin Orman \u0130\u015fletme M\u00fcd\u00fcrl\u00fc\u011f\u00fcnde end\u00fcstriyel a\u011fa\u00e7land\u0131rma sahalar\u0131nda ot alma, \u00e7apa ve teras onar\u0131m \u00e7al\u0131\u015fmalar\u0131 ba\u015flad\u0131.<\/p>\n<p>\u00c7al\u0131\u015fmalar\u0131 yerinde inceleyen Mersin Orman B\u00f6lge M\u00fcd\u00fcr\u00fc Mahmut Y\u0131lmaz, yapt\u0131\u011f\u0131 a\u00e7\u0131klamada, \u201cKuzucu ve Doruklu mevkilerinde ger\u00e7ekle\u015ftirdi\u011fimiz \u00e7al\u0131\u015fmalarda 179 hektar sahada 306 bin adet k\u0131z\u0131l\u00e7am fidan\u0131n\u0131n bak\u0131m \u00e7al\u0131\u015fmalar\u0131n\u0131 yap\u0131yoruz. End\u00fcstriyel ama\u00e7l\u0131 dikim yap\u0131lan sahalarda orman k\u00f6yl\u00fclerimizi \u00e7al\u0131\u015ft\u0131rarak bu vesileyle istihdam sa\u011flay\u0131p y\u00f6re halk\u0131na katk\u0131 sunmu\u015f oluyoruz. B\u00f6ylece Orman ve Su \u0130\u015fleri Bakanl\u0131\u011f\u0131m\u0131z\u0131n ve Orman Genel M\u00fcd\u00fcrl\u00fc\u011f\u00fcm\u00fcz\u00fcn politikalar\u0131 \u00e7er\u00e7evesinde k\u0131rsal kalk\u0131nman\u0131n lokomotifine bir halka daha eklemi\u015f oluyoruz. Eme\u011fi ge\u00e7en herkese te\u015fekk\u00fcr ederim\u201d dedi.<\/p>\n","protected":false},"excerpt":{"rendered":"<p>Mersin Orman B\u00f6lge M\u00fcd\u00fcrl\u00fc\u011f\u00fc Mersin Orman \u0130\u015fletme M\u00fcd\u00fcrl\u00fc\u011f\u00fcnde end\u00fcstriyel a\u011fa\u00e7land\u0131rma sahalar\u0131nda ot alma, \u00e7apa ve teras onar\u0131m \u00e7al\u0131\u015fmalar\u0131 ba\u015flad\u0131. \u00c7al\u0131\u015fmalar\u0131 yerinde inceleyen Mersin Orman B\u00f6lge M\u00fcd\u00fcr\u00fc Mahmut Y\u0131lmaz, yapt\u0131\u011f\u0131 a\u00e7\u0131klamada, &hellip; <a href=\"https:\/\/akdenizolaygazetesi.com\/?p=1272\" class=\"more-link\">Devam\u0131n\u0131 Oku&#8230;<\/a><\/p>\n","protected":false},"author":1,"featured_media":0,"comment_status":"open","ping_status":"open","sticky":false,"template":"","format":"standard","meta":[],"categories":[],"tags":[],"_links":{"self":[{"href":"https:\/\/akdenizolaygazetesi.com\/index.php?rest_route=\/wp\/v2\/posts\/1272"}],"collection":[{"href":"https:\/\/akdenizolaygazetesi.com\/index.php?rest_route=\/wp\/v2\/posts"}],"about":[{"href":"https:\/\/akdenizolaygazetesi.com\/index.php?rest_route=\/wp\/v2\/types\/post"}],"author":[{"embeddable":true,"href":"https:\/\/akdenizolaygazetesi.com\/index.php?rest_route=\/wp\/v2\/users\/1"}],"replies":[{"embeddable":true,"href":"https:\/\/akdenizolaygazetesi.com\/index.php?rest_route=%2Fwp%2Fv2%2Fcomments&post=1272"}],"version-history":[{"count":0,"href":"https:\/\/akdenizolaygazetesi.com\/index.php?rest_route=\/wp\/v2\/posts\/1272\/revisions"}],"wp:attachment":[{"href":"https:\/\/akdenizolaygazetesi.com\/index.php?rest_route=%2Fwp%2Fv2%2Fmedia&parent=1272"}],"wp:term":[{"taxonomy":"category","embeddable":true,"href":"https:\/\/akdenizolaygazetesi.com\/index.php?rest_route=%2Fwp%2Fv2%2Fcategories&post=1272"},{"taxonomy":"post_tag","embeddable":true,"href":"https:\/\/akdenizolaygazetesi.com\/index.php?rest_route=%2Fwp%2Fv2%2Ftags&post=1272"}],"curies":[{"name":"wp","href":"https:\/\/api.w.org\/{rel}","templated":true}]}}