{"id":12722,"date":"2021-06-05T17:23:38","date_gmt":"2021-06-05T14:23:38","guid":{"rendered":"http:\/\/akdenizolaygazetesi.com\/?p=12722"},"modified":"2021-06-05T17:23:43","modified_gmt":"2021-06-05T14:23:43","slug":"buyuksehir-yenice-kurs-merkezi-ogrencileri-lgs-oncesi-stres-atti","status":"publish","type":"post","link":"https:\/\/akdenizolaygazetesi.com\/?p=12722","title":{"rendered":"B\u00dcY\u00dcK\u015eEH\u0130R YEN\u0130CE KURS MERKEZ\u0130 \u00d6\u011eRENC\u0130LER\u0130 LGS \u00d6NCES\u0130 STRES ATTI"},"content":{"rendered":"<p>Mersin B\u00fcy\u00fck\u015fehir Belediyesi\u2019nin e\u011fitime verdi\u011fi \u00f6nemi \u00f6n plana \u00e7\u0131karan projeleri aras\u0131nda yer alan ve il genelinde pilot uygulaman\u0131n ilki olan Yenice Kurs Merkezi\u2019nde e\u011fitim g\u00f6ren \u00f6\u011frenciler, yar\u0131n yap\u0131lacak zorlu Liselere Giri\u015f S\u0131nav\u0131 (LGS) \u00f6ncesinde keyifli bir g\u00fcn ge\u00e7irdi.<\/p>\n<p>Pandemi nedeniyle bir s\u00fcredir uzaktan e\u011fitim g\u00f6ren ve evde olduk\u00e7a s\u0131k\u0131lan \u00f6\u011frenciler, B\u00fcy\u00fck\u015fehir\u2019in d\u00fczenledi\u011fi etkinlik ile stres att\u0131. Otob\u00fcslerle al\u0131nan 51 \u00f6\u011frenci, \u00f6nce Tarsus Do\u011fa Park\u0131\u2019na g\u00f6t\u00fcr\u00fcld\u00fc. \u00d6\u011frenciler ard\u0131ndan e\u015fsiz g\u00fczelliklere sahip Gen\u00e7lik Kamp\u0131\u2019na gitti. Motivasyonlar\u0131n\u0131n \u00fcst seviyeye \u00e7\u0131kmas\u0131 i\u00e7in idareci ve \u00f6\u011fretmenlerinin nezaretinde etkinli\u011fe kat\u0131lan t\u00fcm \u00f6\u011frencilere Gen\u00e7lik Kamp\u0131\u2019nda yemek ikram edildi. \u00d6\u011frenciler gezi arac\u0131yla gezdi, y\u00fcr\u00fcy\u00fc\u015f yapt\u0131, survivor parkurlar\u0131nda yar\u0131\u015ft\u0131.<\/p>\n<p>\u201cS\u0131nav \u00f6ncesi \u00e7ocuklar\u0131m\u0131z\u0131n streslerini, s\u0131nav kayg\u0131lar\u0131n\u0131 atmalar\u0131n\u0131 istedik\u201d<\/p>\n<p>\u00d6\u011frencileri yaln\u0131z b\u0131rakmayan Sosyal Hizmetler Dairesi Ba\u015fkanl\u0131\u011f\u0131 E\u011fitim Hizmetleri \u015eube M\u00fcd\u00fcr\u00fc Ozan Soydan, pandemiden en \u00e7ok etkilenen kesim olan \u00f6\u011frencileri sosyal bir etkinlikte bulu\u015fturmak istediklerini ifade ederek, \u201cSosyal ortamlardan uzak kald\u0131lar. Biz de LGS \u00f6ncesi Yenice Kurs Merkezi \u00f6\u011frencilerimizi Tarsus Gen\u00e7lik Kamp\u0131\u2019na getirerek sosyal etkinlik yapmak istedik. S\u0131nav \u00f6ncesi \u00e7ocuklar\u0131m\u0131z\u0131n streslerini, s\u0131nav kayg\u0131lar\u0131n\u0131 atmalar\u0131n\u0131 istedik, moral-motivasyon olmas\u0131n\u0131 istedik. T\u00fcm \u00f6\u011frencilerimize ba\u015far\u0131lar diliyorum\u201d dedi.<\/p>\n<p>\u00d6\u011frencilerden Ali \u00c7a\u011flar Tatl\u0131er, kendilerine destek olan \u00f6\u011fretmenlerine te\u015fekk\u00fcrlerini ileterek, \u201cBu zor zamanlarda, LGS s\u00fcrecinde gerek kitaplar\u0131yla, gerek canl\u0131 dersleriyle bize destek olan \u00f6\u011fretmenlerimize te\u015fekk\u00fcr ediyorum. LGS stresinden uzakla\u015ft\u0131rmak i\u00e7in bize bu etkinli\u011fi d\u00fczenleyen Vahap Se\u00e7er Ba\u015fkan\u0131ma te\u015fekk\u00fcr ediyorum\u201d diye konu\u015ftu.<\/p>\n<p>Bir di\u011fer \u00f6\u011frenci Aliye Co\u015fkun, \u201cPazar g\u00fcn\u00fc s\u0131nava girece\u011fimiz i\u00e7in motivasyon ama\u00e7l\u0131 Mersin B\u00fcy\u00fck\u015fehir Belediyesi Gen\u00e7lik Kamp\u0131\u2019nday\u0131z. Bize bu ortam\u0131 haz\u0131rlad\u0131klar\u0131 i\u00e7in Mersin B\u00fcy\u00fck\u015fehir Belediye Ba\u015fkan\u0131 Vahap Se\u00e7er\u2019e ve \u00f6\u011fretmenlerimize \u00e7ok te\u015fekk\u00fcr ederiz\u201d dedi.<\/p>\n<p>B\u00fcy\u00fck\u015fehir Belediyesi Sosyal Hizmetler Dairesi Ba\u015fkanl\u0131\u011f\u0131 E\u011fitim Hizmetleri \u015eube M\u00fcd\u00fcrl\u00fc\u011f\u00fc b\u00fcnyesinde 9 aydan bu yana faaliyet y\u00fcr\u00fcten ve pandemi nedeniyle \u00f6ncelikle uzaktan e\u011fitim veren Yenice Kurs Merkezi\u2019nden 20 mahalleden toplam 100 \u00f6\u011frenci faydaland\u0131.<\/p>\n","protected":false},"excerpt":{"rendered":"<p>Mersin B\u00fcy\u00fck\u015fehir Belediyesi\u2019nin e\u011fitime verdi\u011fi \u00f6nemi \u00f6n plana \u00e7\u0131karan projeleri aras\u0131nda yer alan ve il genelinde pilot uygulaman\u0131n ilki olan Yenice Kurs Merkezi\u2019nde e\u011fitim g\u00f6ren \u00f6\u011frenciler, yar\u0131n yap\u0131lacak zorlu Liselere &hellip; <a href=\"https:\/\/akdenizolaygazetesi.com\/?p=12722\" class=\"more-link\">Devam\u0131n\u0131 Oku&#8230;<\/a><\/p>\n","protected":false},"author":2,"featured_media":12723,"comment_status":"open","ping_status":"open","sticky":false,"template":"","format":"standard","meta":[],"categories":[2,5],"tags":[],"_links":{"self":[{"href":"https:\/\/akdenizolaygazetesi.com\/index.php?rest_route=\/wp\/v2\/posts\/12722"}],"collection":[{"href":"https:\/\/akdenizolaygazetesi.com\/index.php?rest_route=\/wp\/v2\/posts"}],"about":[{"href":"https:\/\/akdenizolaygazetesi.com\/index.php?rest_route=\/wp\/v2\/types\/post"}],"author":[{"embeddable":true,"href":"https:\/\/akdenizolaygazetesi.com\/index.php?rest_route=\/wp\/v2\/users\/2"}],"replies":[{"embeddable":true,"href":"https:\/\/akdenizolaygazetesi.com\/index.php?rest_route=%2Fwp%2Fv2%2Fcomments&post=12722"}],"version-history":[{"count":2,"href":"https:\/\/akdenizolaygazetesi.com\/index.php?rest_route=\/wp\/v2\/posts\/12722\/revisions"}],"predecessor-version":[{"id":12725,"href":"https:\/\/akdenizolaygazetesi.com\/index.php?rest_route=\/wp\/v2\/posts\/12722\/revisions\/12725"}],"wp:featuredmedia":[{"embeddable":true,"href":"https:\/\/akdenizolaygazetesi.com\/index.php?rest_route=\/wp\/v2\/media\/12723"}],"wp:attachment":[{"href":"https:\/\/akdenizolaygazetesi.com\/index.php?rest_route=%2Fwp%2Fv2%2Fmedia&parent=12722"}],"wp:term":[{"taxonomy":"category","embeddable":true,"href":"https:\/\/akdenizolaygazetesi.com\/index.php?rest_route=%2Fwp%2Fv2%2Fcategories&post=12722"},{"taxonomy":"post_tag","embeddable":true,"href":"https:\/\/akdenizolaygazetesi.com\/index.php?rest_route=%2Fwp%2Fv2%2Ftags&post=12722"}],"curies":[{"name":"wp","href":"https:\/\/api.w.org\/{rel}","templated":true}]}}