{"id":12726,"date":"2021-06-05T17:25:50","date_gmt":"2021-06-05T14:25:50","guid":{"rendered":"http:\/\/akdenizolaygazetesi.com\/?p=12726"},"modified":"2021-06-05T17:25:55","modified_gmt":"2021-06-05T14:25:55","slug":"baskan-secerden-5-haziran-dunya-cevre-gunu-mesaji","status":"publish","type":"post","link":"https:\/\/akdenizolaygazetesi.com\/?p=12726","title":{"rendered":"BA\u015eKAN SE\u00c7ER\u2019DEN \u20185 HAZ\u0130RAN D\u00dcNYA \u00c7EVRE G\u00dcN\u00dc\u2019 MESAJI"},"content":{"rendered":"<p>Mersin B\u00fcy\u00fck\u015fehir Belediye Ba\u015fkan\u0131 Vahap Se\u00e7er, \u201c5 Haziran D\u00fcnya \u00c7evre G\u00fcn\u00fc\u201d dolay\u0131s\u0131yla bir mesaj yay\u0131nlad\u0131.<\/p>\n<p>Ba\u015fkan Se\u00e7er, mesaj\u0131nda \u015fu ifadelere yer verdi:<\/p>\n<p>\u201c5 Haziran D\u00fcnya \u00c7evre G\u00fcn\u00fcn\u00fcz\u00fc ve 5-11 Haziran \u00c7evre Haftan\u0131z\u0131 kutluyor, herkesin sa\u011fl\u0131kl\u0131, mutlu ve huzurlu ya\u015fad\u0131\u011f\u0131 temiz bir \u00e7evre ve sa\u011fl\u0131kl\u0131 bir d\u00fcnya diliyorum.<\/p>\n<p>\u0130nsanl\u0131k olarak zor bir d\u00f6nemden ge\u00e7mekteyiz. T\u00fcm d\u00fcnyay\u0131 etkileyen vir\u00fcs\u00fcn olumsuz etkileri ile m\u00fccadele, t\u00fcm insanlara sa\u011fl\u0131\u011f\u0131n ve temizli\u011fin \u00f6nemini daha iyi kavratm\u0131\u015ft\u0131r.<\/p>\n<p>1972 y\u0131l\u0131nda \u0130sve\u00e7\u2019in Stockholm kentindeki Birle\u015fmi\u015f Milletler \u00c7evre Konferans\u0131&#8217;nda al\u0131nan bir kararla, 5 Haziran D\u00fcnya \u00c7evre G\u00fcn\u00fc olarak kabul edilmi\u015ftir.<\/p>\n<p>H\u0131zl\u0131 n\u00fcfus art\u0131\u015f\u0131, k\u0131rsaldan \u015fehirlere yap\u0131lan yo\u011fun g\u00f6\u00e7ler, n\u00fcfusun \u00f6nemli k\u0131sm\u0131n\u0131n \u015fehirlerde ya\u015famaya ba\u015flamas\u0131, teknolojik geli\u015fmelere ba\u011fl\u0131 olarak h\u0131zl\u0131 ve yo\u011fun bir \u015fekilde artan end\u00fcstri faaliyetleri, \u00f6zellikle 1990\u2019l\u0131 y\u0131llardan sonra de\u011fi\u015fen t\u00fcketim al\u0131\u015fkanl\u0131klar\u0131, at\u0131klar\u0131n miktar\u0131n\u0131n ve \u00e7e\u015fitlerinin artmas\u0131na, buna ba\u011fl\u0131 olarak \u00e7evre kirlili\u011finin artmas\u0131na ve k\u00fcresel bir sorun olarak insanl\u0131\u011f\u0131n kar\u015f\u0131s\u0131na \u00e7\u0131kmas\u0131na neden olmu\u015ftur.<\/p>\n<p>\u00c7evre kirlili\u011finin \u00f6n\u00fcne ge\u00e7ilmesinde toplum bilincinin geli\u015ftirilmesi, duyarl\u0131l\u0131\u011f\u0131n artt\u0131r\u0131lmas\u0131 ve fark\u0131ndal\u0131k sa\u011flanmas\u0131 gerekmektedir. \u00c7\u00fcnk\u00fc kirlili\u011fi olu\u015fmadan \u00f6nlemek, olu\u015ftuktan sonra temizlemekten daha sa\u011fl\u0131kl\u0131 ve daha az maliyetlidir.<\/p>\n<p>Mersin B\u00fcy\u00fck\u015fehir Belediyesi olarak toplum bilincinin artt\u0131r\u0131lmas\u0131 konusuna \u00f6nem vermekteyiz.  Bu kapsamda, ba\u015fta \u00e7ocuklar\u0131m\u0131z\u0131n \u00e7evreye duyarl\u0131 ve bilin\u00e7li yeti\u015fmelerine katk\u0131 sa\u011flamak amac\u0131yla onlar i\u00e7in \u00e7evre e\u011fitimleri yap\u0131yoruz.<\/p>\n<p>Akdeniz Havzas\u0131\u2019nda ger\u00e7ekle\u015fecek 2\u00b0C\u2019lik bir s\u0131cakl\u0131k art\u0131\u015f\u0131, \u015fiddetli ya\u011f\u0131\u015f ve sellerin artmas\u0131, s\u0131cak hava dalgalar\u0131, orman yang\u0131nlar\u0131n\u0131n say\u0131s\u0131nda ve etkisinde art\u0131\u015f, biyolojik \u00e7e\u015fitlilik ve tar\u0131msal verim kayb\u0131 ile en \u00f6nemlisi kurakl\u0131k olarak etkisini t\u00fcm co\u011frafyam\u0131zda hissettirecektir.<\/p>\n<p>Bu bilin\u00e7le, k\u00fcresel \u0131s\u0131nma ve iklim de\u011fi\u015fikli\u011fini \u00e7ok \u00f6nemsiyor, bu do\u011frultuda iklim de\u011fi\u015fikli\u011fi eylem plan\u0131 haz\u0131rlamak \u00fczere \u00e7al\u0131\u015fmalar yap\u0131yoruz. Kurdu\u011fumuz \u0130klim De\u011fi\u015fikli\u011fi ve Temiz Enerji M\u00fcd\u00fcrl\u00fc\u011f\u00fc ile gelece\u011fimizi tehdit eden b\u00f6ylesine \u00f6nemli bir konuda bilimsel temelli \u00e7al\u0131\u015fmalar\u0131m\u0131z\u0131 s\u00fcrd\u00fcr\u00fcyoruz.<\/p>\n<p>B\u00fcy\u00fck\u015fehir Belediyemizin g\u00f6rev alan\u0131n\u0131 art\u0131ran kanun ile birlikte yakla\u015f\u0131k 4.000 kilometreyi a\u015fan cadde, bulvar ve meydanlar\u0131n temizli\u011fini her g\u00fcn d\u00fczenli olarak yapmaktay\u0131z. 13 il\u00e7emizde sinek ve ha\u015fere ile m\u00fccadele \u00e7al\u0131\u015fmalar\u0131n\u0131 etkin ve yo\u011fun bir \u015fekilde y\u00fcr\u00fctmekteyiz.<\/p>\n<p>Adana, Hatay ve Antalya B\u00fcy\u00fck\u015fehir Belediyelerimiz ile \u2018Temiz Akdeniz Projesi\u2019nin protokol\u00fcn\u00fc imzalad\u0131k. Bu proje ile uzun vadede turizm, bal\u0131k\u00e7\u0131l\u0131k, su kalitesinin iyile\u015ftirilmesi, k\u0131y\u0131 tahribat\u0131, yasak avc\u0131l\u0131k gibi insan kaynakl\u0131 bozulmalar\u0131n \u00f6n\u00fcne ge\u00e7meyi hedefliyoruz. Ayr\u0131ca kimyasal kirliliklerle m\u00fccadele, yanl\u0131\u015f tar\u0131m uygulamalar\u0131na m\u00fcdahale, at\u0131ksu ar\u0131tma tesisleri ve kanalizasyon sistemlerinde de\u011ferlendirme ve iyile\u015ftirme olanaklar\u0131 elde edece\u011fiz.<\/p>\n<p>Mersin genelindeki ar\u0131tma tesislerimiz de temiz \u00e7evreye \u00e7ok ciddi katk\u0131 sa\u011fl\u0131yor. Tesislerimiz, \u00fclkemizdeki ortalaman\u0131n da \u00fczerine \u00e7\u0131karak son 1 y\u0131lda toplam 128 milyon 172 bin metrek\u00fcp at\u0131ksu ar\u0131tt\u0131 ve kentimizin \u00e7evre temizli\u011fine \u00f6nemli katk\u0131 sa\u011flad\u0131. Ayr\u0131ca kurdu\u011fumuz SCADA Sistemi ile su kaynaklar\u0131m\u0131z\u0131n heba olmas\u0131n\u0131n \u00f6n\u00fcne ge\u00e7iyoruz.<\/p>\n<p>Mersin merkez, Tarsus ve Silifke il\u00e7elerimizde bulunan Kat\u0131 At\u0131k D\u00fczenli Depolama Alanlar\u0131nda ortaya \u00e7\u0131kan ve iklim de\u011fi\u015fikli\u011fine olumsuz etkileri bulunan metan gaz\u0131ndan yakla\u015f\u0131k 10 MWh elektrik \u00fcretmekteyiz. Bu da yakla\u015f\u0131k 90.000 konutun ayd\u0131nlatma enerjisine e\u015f de\u011fer olmaktad\u0131r.<\/p>\n<p>Yine Aktarma \u0130stasyonlar\u0131m\u0131z\u0131 ilimizin her b\u00f6lgesine yayg\u0131nla\u015ft\u0131rd\u0131k. B\u00f6ylece vah\u015fi \u00e7\u00f6p d\u00f6k\u00fcmlerinin \u00f6n\u00fcne ge\u00e7erek 13 il\u00e7emizde olu\u015fan \u00e7\u00f6plerin D\u00fczenli Depolama Alanlar\u0131na ta\u015f\u0131nmas\u0131n\u0131 sa\u011flad\u0131k.<\/p>\n<p>\u2018Limon\u2019 ad\u0131n\u0131 verdi\u011fimiz; tasarruflu, g\u00fcvenli, ekonomik ve \u00f6zellikle \u00e7evreci yak\u0131t t\u00fcr\u00fc CNG\u2019li (S\u0131k\u0131\u015ft\u0131r\u0131lm\u0131\u015f Do\u011falgazl\u0131) yeni otob\u00fcslerimizi toplu ta\u015f\u0131ma a\u011f\u0131m\u0131za katarak \u00e7evreye olan duyarl\u0131l\u0131\u011f\u0131m\u0131z\u0131 g\u00f6stermi\u015f olduk.<\/p>\n<p>\u2018Mersin ili Sera Gaz\u0131 Emisyon Envanteri\u2019 \u00e7al\u0131\u015fmas\u0131n\u0131 bitirdik ve 7 Haziran\u2019da kamuoyuna sunaca\u011f\u0131z. Ard\u0131ndan ilimizin \u2018\u0130klim De\u011fi\u015fikli\u011fi Eylem Plan\u0131\u2019n\u0131 da haz\u0131rlayarak kentimizde meydana gelecek iklim de\u011fi\u015fikli\u011fi konular\u0131nda uyum sa\u011flamay\u0131 ve olumsuz etkilerin azalt\u0131m\u0131n\u0131 da ger\u00e7ekle\u015ftirme yoluna gidece\u011fiz.<\/p>\n<p>Mersin, her mevsimde ayr\u0131 g\u00fczellikler sunan do\u011fas\u0131 ile tarih boyunca bir\u00e7ok medeniyete yurt olmu\u015f bir kenttir. Mersin B\u00fcy\u00fck\u015fehir Belediyesi olarak \u00e7evreyi \u00f6nemsiyor, \u00e7evreyi koruman\u0131n ya\u015fam\u0131 ve gelece\u011fi korumak oldu\u011funu d\u00fc\u015f\u00fcn\u00fcyoruz.<\/p>\n<p>Do\u011fal dokusu korunmu\u015f bir Mersin i\u00e7in var g\u00fcc\u00fcm\u00fczle \u00e7al\u0131\u015f\u0131yoruz.<\/p>\n<p>Mavi ve ye\u015filin hakim oldu\u011fu, insanlar\u0131m\u0131z\u0131n temiz ve do\u011fal bir \u00e7evrede mutluluk ve huzurla ya\u015fad\u0131\u011f\u0131 bir gelecek dile\u011fiyle 5 Haziran D\u00fcnya \u00c7evre G\u00fcn\u00fcm\u00fcz\u00fcn fark\u0131ndal\u0131k dolu bir g\u00fcn olmas\u0131n\u0131 diliyorum.\u201d<\/p>\n","protected":false},"excerpt":{"rendered":"<p>Mersin B\u00fcy\u00fck\u015fehir Belediye Ba\u015fkan\u0131 Vahap Se\u00e7er, \u201c5 Haziran D\u00fcnya \u00c7evre G\u00fcn\u00fc\u201d dolay\u0131s\u0131yla bir mesaj yay\u0131nlad\u0131. Ba\u015fkan Se\u00e7er, mesaj\u0131nda \u015fu ifadelere yer verdi: \u201c5 Haziran D\u00fcnya \u00c7evre G\u00fcn\u00fcn\u00fcz\u00fc ve 5-11 Haziran &hellip; <a href=\"https:\/\/akdenizolaygazetesi.com\/?p=12726\" class=\"more-link\">Devam\u0131n\u0131 Oku&#8230;<\/a><\/p>\n","protected":false},"author":2,"featured_media":12727,"comment_status":"open","ping_status":"open","sticky":false,"template":"","format":"standard","meta":[],"categories":[3],"tags":[],"_links":{"self":[{"href":"https:\/\/akdenizolaygazetesi.com\/index.php?rest_route=\/wp\/v2\/posts\/12726"}],"collection":[{"href":"https:\/\/akdenizolaygazetesi.com\/index.php?rest_route=\/wp\/v2\/posts"}],"about":[{"href":"https:\/\/akdenizolaygazetesi.com\/index.php?rest_route=\/wp\/v2\/types\/post"}],"author":[{"embeddable":true,"href":"https:\/\/akdenizolaygazetesi.com\/index.php?rest_route=\/wp\/v2\/users\/2"}],"replies":[{"embeddable":true,"href":"https:\/\/akdenizolaygazetesi.com\/index.php?rest_route=%2Fwp%2Fv2%2Fcomments&post=12726"}],"version-history":[{"count":1,"href":"https:\/\/akdenizolaygazetesi.com\/index.php?rest_route=\/wp\/v2\/posts\/12726\/revisions"}],"predecessor-version":[{"id":12728,"href":"https:\/\/akdenizolaygazetesi.com\/index.php?rest_route=\/wp\/v2\/posts\/12726\/revisions\/12728"}],"wp:featuredmedia":[{"embeddable":true,"href":"https:\/\/akdenizolaygazetesi.com\/index.php?rest_route=\/wp\/v2\/media\/12727"}],"wp:attachment":[{"href":"https:\/\/akdenizolaygazetesi.com\/index.php?rest_route=%2Fwp%2Fv2%2Fmedia&parent=12726"}],"wp:term":[{"taxonomy":"category","embeddable":true,"href":"https:\/\/akdenizolaygazetesi.com\/index.php?rest_route=%2Fwp%2Fv2%2Fcategories&post=12726"},{"taxonomy":"post_tag","embeddable":true,"href":"https:\/\/akdenizolaygazetesi.com\/index.php?rest_route=%2Fwp%2Fv2%2Ftags&post=12726"}],"curies":[{"name":"wp","href":"https:\/\/api.w.org\/{rel}","templated":true}]}}